{"id":39949,"date":"2024-02-18T07:49:46","date_gmt":"2024-02-18T06:49:46","guid":{"rendered":"https:\/\/blogs.diariosur.es\/tormentas-y-rayos\/?p=39949"},"modified":"2025-12-25T18:47:30","modified_gmt":"2025-12-25T17:47:30","slug":"la-magia-del-torcal-de-antequera-en-un-libro-escrito-por-mi-amigo-miguel-angel-varo","status":"publish","type":"post","link":"https:\/\/blogs.diariosur.es\/tormentas-y-rayos\/2024\/02\/18\/la-magia-del-torcal-de-antequera-en-un-libro-escrito-por-mi-amigo-miguel-angel-varo\/","title":{"rendered":"La magia del Torcal de Antequera en un libro escrito por mi amigo Miguel \u00c1ngel Varo."},"content":{"rendered":"<p><a href=\"https:\/\/static-blogs.diariosur.es\/wp-content\/uploads\/sites\/12\/2023\/10\/243418660_10223324765526342_8448445083528661051_n.jpg\"><img loading=\"lazy\" class=\"aligncenter size-thumbnail wp-image-38644\" src=\"https:\/\/static-blogs.diariosur.es\/wp-content\/uploads\/sites\/12\/2023\/10\/243418660_10223324765526342_8448445083528661051_n-150x150.jpg\" alt=\"\" width=\"150\" height=\"150\" \/><\/a><\/p>\n<p data-pm-slice=\"1 1 []\">Buenos d\u00edas, amigos de la meteo. Ya hac\u00eda mucho tiempo que no le\u00eda dos veces un libro, y estoy seguro de que dentro de unos meses volver\u00e9 a leerlo. El libro de Miguel \u00c1ngel me ha tra\u00eddo muchos recuerdos de cuando yo era un cr\u00edo y mi padre me llevaba al Torcal en el 850 para ver la nieve\u00a0e incluso me cont\u00f3 una de las historias que Miguel \u00c1ngel hace menci\u00f3n en el libro, sobre un avi\u00f3n que se estrell\u00f3. Leyendo el libro, te transporta a ese impresionante lugar que tenemos en M\u00e1laga. Mis felicitaciones, amigo.<\/p>\n<h3>\u00a0 EL TORCAL DE ANTEQUERA (HISTORIAS INS\u00d3LITAS DE UN LUGAR EXCEPCIONAL)<\/h3>\n<p>\u00a1Descubra la magia ignota que esconde El Torcal de Antequera! Un emocionante viaje le espera, desde los clanes neol\u00edticos que erigieron el imponente dolmen de Menga hasta enclaves perdidos y olvidados repletos de leyendas, como el enigm\u00e1tico Poblado de las Sepulturas. Disfrute de la aventura que ofrecen unos hallazgos arqueol\u00f3gicos excepcionales, como el enigm\u00e1tico Mascar\u00f3n Ibero-Fenicio y el asombroso Cuchillo del Torcal. Adem\u00e1s, descubriremos la cr\u00f3nica negra del lugar, revelando los oscuros secretos que esconde esta tierra, desde tragedias y muertes espantosas hasta cr\u00edmenes sin resolver. Desentra\u00f1aremos la historia de construcciones impresionantes como el Pil\u00f3n de la Cruz, la Casa de Juan Gonz\u00e1lez Rubio y el perdido dolmen. O de la vida del \u00faltimo ermita\u00f1o, quien a sus 91 a\u00f1os sigue viviendo en esta sierra Pasearemos por el pasado cantero donde su piedra caliza fue requerida para construir majestuosas catedrales como la de C\u00e1diz y M\u00e1laga.<\/p>\n<p>&nbsp;<\/p>\n<p><a href=\"https:\/\/static-blogs.diariosur.es\/wp-content\/uploads\/sites\/12\/2024\/02\/71ammSqTQgL._SL1418_.jpg\"><img loading=\"lazy\" class=\"aligncenter size-full wp-image-39951\" src=\"https:\/\/static-blogs.diariosur.es\/wp-content\/uploads\/sites\/12\/2024\/02\/71ammSqTQgL._SL1418_.jpg\" alt=\"\" width=\"700\" height=\"1117\" srcset=\"https:\/\/static-blogs.diariosur.es\/wp-content\/uploads\/sites\/12\/2024\/02\/71ammSqTQgL._SL1418_.jpg 700w, https:\/\/static-blogs.diariosur.es\/wp-content\/uploads\/sites\/12\/2024\/02\/71ammSqTQgL._SL1418_-251x400.jpg 251w\" sizes=\"(max-width: 700px) 100vw, 700px\" \/><\/a><\/p>\n<p><a href=\"https:\/\/static-blogs.diariosur.es\/wp-content\/uploads\/sites\/12\/2024\/02\/422610803_709182428012473_2474694992232649624_n.jpg\"><img loading=\"lazy\" class=\"aligncenter size-full wp-image-39952\" src=\"https:\/\/static-blogs.diariosur.es\/wp-content\/uploads\/sites\/12\/2024\/02\/422610803_709182428012473_2474694992232649624_n.jpg\" alt=\"\" width=\"1200\" height=\"900\" srcset=\"https:\/\/static-blogs.diariosur.es\/wp-content\/uploads\/sites\/12\/2024\/02\/422610803_709182428012473_2474694992232649624_n.jpg 1200w, https:\/\/static-blogs.diariosur.es\/wp-content\/uploads\/sites\/12\/2024\/02\/422610803_709182428012473_2474694992232649624_n-533x400.jpg 533w, https:\/\/static-blogs.diariosur.es\/wp-content\/uploads\/sites\/12\/2024\/02\/422610803_709182428012473_2474694992232649624_n-768x576.jpg 768w\" sizes=\"(max-width: 1200px) 100vw, 1200px\" \/><\/a><\/p>\n<p>&nbsp;<\/p>\n","protected":false},"excerpt":{"rendered":"<p>Buenos d\u00edas, amigos de la meteo. Ya hac\u00eda mucho tiempo que no le\u00eda dos veces un libro, y estoy seguro de que dentro de unos meses volver\u00e9 a leerlo. El libro de Miguel \u00c1ngel me ha tra\u00eddo muchos recuerdos de cuando yo era un cr\u00edo y mi padre me llevaba al Torcal en el 850 [&hellip;]<\/p>\n","protected":false},"author":16,"featured_media":39951,"comment_status":"open","ping_status":"open","sticky":false,"template":"","format":"standard","meta":[],"categories":[2],"tags":[112,1881,1880,1882],"_links":{"self":[{"href":"https:\/\/blogs.diariosur.es\/tormentas-y-rayos\/wp-json\/wp\/v2\/posts\/39949"}],"collection":[{"href":"https:\/\/blogs.diariosur.es\/tormentas-y-rayos\/wp-json\/wp\/v2\/posts"}],"about":[{"href":"https:\/\/blogs.diariosur.es\/tormentas-y-rayos\/wp-json\/wp\/v2\/types\/post"}],"author":[{"embeddable":true,"href":"https:\/\/blogs.diariosur.es\/tormentas-y-rayos\/wp-json\/wp\/v2\/users\/16"}],"replies":[{"embeddable":true,"href":"https:\/\/blogs.diariosur.es\/tormentas-y-rayos\/wp-json\/wp\/v2\/comments?post=39949"}],"version-history":[{"count":3,"href":"https:\/\/blogs.diariosur.es\/tormentas-y-rayos\/wp-json\/wp\/v2\/posts\/39949\/revisions"}],"predecessor-version":[{"id":48312,"href":"https:\/\/blogs.diariosur.es\/tormentas-y-rayos\/wp-json\/wp\/v2\/posts\/39949\/revisions\/48312"}],"wp:featuredmedia":[{"embeddable":true,"href":"https:\/\/blogs.diariosur.es\/tormentas-y-rayos\/wp-json\/wp\/v2\/media\/39951"}],"wp:attachment":[{"href":"https:\/\/blogs.diariosur.es\/tormentas-y-rayos\/wp-json\/wp\/v2\/media?parent=39949"}],"wp:term":[{"taxonomy":"category","embeddable":true,"href":"https:\/\/blogs.diariosur.es\/tormentas-y-rayos\/wp-json\/wp\/v2\/categories?post=39949"},{"taxonomy":"post_tag","embeddable":true,"href":"https:\/\/blogs.diariosur.es\/tormentas-y-rayos\/wp-json\/wp\/v2\/tags?post=39949"}],"curies":[{"name":"wp","href":"https:\/\/api.w.org\/{rel}","templated":true}]}}