{"id":39960,"date":"2024-02-20T19:00:46","date_gmt":"2024-02-20T18:00:46","guid":{"rendered":"https:\/\/blogs.diariosur.es\/tormentas-y-rayos\/?p=39960"},"modified":"2025-12-25T18:52:00","modified_gmt":"2025-12-25T17:52:00","slug":"nota-informativa-de-la-aemet-descenso-de-temperaturas-en-la-peninsula-y-baleares","status":"publish","type":"post","link":"https:\/\/blogs.diariosur.es\/tormentas-y-rayos\/2024\/02\/20\/nota-informativa-de-la-aemet-descenso-de-temperaturas-en-la-peninsula-y-baleares\/","title":{"rendered":"Nota informativa de la Aemet: descenso de temperaturas en la Pen\u00ednsula y Baleares"},"content":{"rendered":"<p><a href=\"https:\/\/static-blogs.diariosur.es\/wp-content\/uploads\/sites\/12\/2023\/10\/243418660_10223324765526342_8448445083528661051_n.jpg\"><img loading=\"lazy\" class=\"aligncenter size-thumbnail wp-image-38644\" src=\"https:\/\/static-blogs.diariosur.es\/wp-content\/uploads\/sites\/12\/2023\/10\/243418660_10223324765526342_8448445083528661051_n-150x150.jpg\" alt=\"\" width=\"150\" height=\"150\" \/><\/a><\/p>\n<p>&nbsp;<\/p>\n<p data-pm-slice=\"1 1 []\">Buenos d\u00edas, amigos de la meteo. Cuando son las ocho menos cuarto de la ma\u00f1ana en M\u00e1laga capital, mi estaci\u00f3n registra 12.6 grados, los cielos est\u00e1n despejados y el viento sopla flojo de direcci\u00f3n variable. Las m\u00ednimas en el interior de la provincia malague\u00f1a las han dado Archidona Huertas del R\u00edo con 4 grados y Antequera con 5 grados. Fuente: AEMET, Meteoclimatic Las temperaturas m\u00e1ximas hoy lunes en la provincia de M\u00e1laga rondar\u00e1n entre los 17 y 21 grados.<\/p>\n<h3><strong>\u00bfTendremos que sacar la ropa de invierno?<\/strong><\/h3>\n<p>A partir del jueves por la noche y durante la madrugada del viernes nos afectar\u00e1 un frente fr\u00edo, que dejar\u00e1 precipitaciones d\u00e9biles en algunos puntos de nuestra comunidad, siendo menos probables en la costa mediterr\u00e1nea y zona m\u00e1s oriental.<\/p>\n<p>Una profunda borrasca que se situar\u00e1 el viernes al norte de las Islas Brit\u00e1nicas y un potente anticicl\u00f3n en las Azores traer\u00e1n consigo un desalojo de aire muy fr\u00edo polar mar\u00edtimo; las temperaturas m\u00e1ximas y m\u00ednimas bajar\u00e1n notablemente en toda la pen\u00ednsula y Baleares. El viernes y el s\u00e1bado se esperan nevadas en cotas bajas en el norte peninsular y zona centro; el viento tambi\u00e9n tomar\u00e1 protagonismo en toda la pen\u00ednsula; esto har\u00e1 que la sensaci\u00f3n t\u00e9rmica de fr\u00edo sea mayor.<\/p>\n<p><strong>Centr\u00e1ndonos en M\u00e1laga<\/strong> y su provincia, no se espera mucha precipitaci\u00f3n; lo que s\u00ed notaremos es la bajada de temperaturas m\u00e1ximas y m\u00ednimas el viernes, s\u00e1bado y domingo. El jueves tendremos terral de invierno, d\u00e1ndose en algunas zonas de la provincia los <strong>23 grados<\/strong>; el viernes tambi\u00e9n tendremos terral de invierno (el verdadero), pero las m\u00e1ximas rondar\u00e1n entre <strong>los 9 y 16 grados<\/strong> en la provincia malague\u00f1a. A esto hay que unirle las rachas fuertes de viento; esto har\u00e1 que la sensaci\u00f3n t\u00e9rmica sea de m\u00e1s fr\u00edo. Como he comentado al principio, no se espera mucha precipitaci\u00f3n, solo algunos chubascos por el interior. El viernes y s\u00e1bado hay probabilidad de arco\u00edris en la provincia.<\/p>\n<p>Aunque a\u00fan es pronto para confirmarlo, es muy probable que el lunes y martes de la semana que viene sigan las temperaturas m\u00e1ximas y m\u00ednimas a lo que corresponde en un mes de febrero, concluyendo, a partir del viernes, sacar la ropa de invierno durante unos d\u00edas.<\/p>\n<p>Fot\u00f3n de mi amigo Crist\u00f3bal Gambero. Comenta esto en su Facebook: <em>Os dejo con esta foto, que anoche me mantuvo hasta las tantas despierto hasta conseguir el resultado que yo quer\u00eda\u2026 y no es otro que reflejar esa fusi\u00f3n del tiempo que tendremos en pocos d\u00edas.\u00a0\u00a0<\/em><\/p>\n<p>&nbsp;<\/p>\n<p>&nbsp;<\/p>\n","protected":false},"excerpt":{"rendered":"<p>&nbsp; Buenos d\u00edas, amigos de la meteo. Cuando son las ocho menos cuarto de la ma\u00f1ana en M\u00e1laga capital, mi estaci\u00f3n registra 12.6 grados, los cielos est\u00e1n despejados y el viento sopla flojo de direcci\u00f3n variable. Las m\u00ednimas en el interior de la provincia malague\u00f1a las han dado Archidona Huertas del R\u00edo con 4 grados [&hellip;]<\/p>\n","protected":false},"author":16,"featured_media":34661,"comment_status":"open","ping_status":"open","sticky":false,"template":"","format":"standard","meta":[],"categories":[2],"tags":[46,100,358,432,587,966],"_links":{"self":[{"href":"https:\/\/blogs.diariosur.es\/tormentas-y-rayos\/wp-json\/wp\/v2\/posts\/39960"}],"collection":[{"href":"https:\/\/blogs.diariosur.es\/tormentas-y-rayos\/wp-json\/wp\/v2\/posts"}],"about":[{"href":"https:\/\/blogs.diariosur.es\/tormentas-y-rayos\/wp-json\/wp\/v2\/types\/post"}],"author":[{"embeddable":true,"href":"https:\/\/blogs.diariosur.es\/tormentas-y-rayos\/wp-json\/wp\/v2\/users\/16"}],"replies":[{"embeddable":true,"href":"https:\/\/blogs.diariosur.es\/tormentas-y-rayos\/wp-json\/wp\/v2\/comments?post=39960"}],"version-history":[{"count":2,"href":"https:\/\/blogs.diariosur.es\/tormentas-y-rayos\/wp-json\/wp\/v2\/posts\/39960\/revisions"}],"predecessor-version":[{"id":48315,"href":"https:\/\/blogs.diariosur.es\/tormentas-y-rayos\/wp-json\/wp\/v2\/posts\/39960\/revisions\/48315"}],"wp:featuredmedia":[{"embeddable":true,"href":"https:\/\/blogs.diariosur.es\/tormentas-y-rayos\/wp-json\/wp\/v2\/media\/34661"}],"wp:attachment":[{"href":"https:\/\/blogs.diariosur.es\/tormentas-y-rayos\/wp-json\/wp\/v2\/media?parent=39960"}],"wp:term":[{"taxonomy":"category","embeddable":true,"href":"https:\/\/blogs.diariosur.es\/tormentas-y-rayos\/wp-json\/wp\/v2\/categories?post=39960"},{"taxonomy":"post_tag","embeddable":true,"href":"https:\/\/blogs.diariosur.es\/tormentas-y-rayos\/wp-json\/wp\/v2\/tags?post=39960"}],"curies":[{"name":"wp","href":"https:\/\/api.w.org\/{rel}","templated":true}]}}