{"id":39962,"date":"2024-02-21T07:55:50","date_gmt":"2024-02-21T06:55:50","guid":{"rendered":"https:\/\/blogs.diariosur.es\/tormentas-y-rayos\/?p=39962"},"modified":"2026-02-16T08:04:03","modified_gmt":"2026-02-16T07:04:03","slug":"febrero-el-orate-cada-dia-hace-un-disparate-aviso-amarillo-y-naranja","status":"publish","type":"post","link":"https:\/\/blogs.diariosur.es\/tormentas-y-rayos\/2024\/02\/21\/febrero-el-orate-cada-dia-hace-un-disparate-aviso-amarillo-y-naranja\/","title":{"rendered":"Febrero el orate, cada d\u00eda hace un disparate. Aviso amarillo y naranja por fen\u00f3menos costeros y viento."},"content":{"rendered":"<p><a href=\"https:\/\/static-blogs.diariosur.es\/wp-content\/uploads\/sites\/12\/2023\/10\/243418660_10223324765526342_8448445083528661051_n.jpg\"><img loading=\"lazy\" class=\"aligncenter size-thumbnail wp-image-38644\" src=\"https:\/\/static-blogs.diariosur.es\/wp-content\/uploads\/sites\/12\/2023\/10\/243418660_10223324765526342_8448445083528661051_n-150x150.jpg\" alt=\"\" width=\"150\" height=\"150\" \/><\/a><\/p>\n<p>&nbsp;<\/p>\n<p data-pm-slice=\"1 1 []\">Muy buenos d\u00edas, amigos de la meteo. Cuando son las siete y media de la ma\u00f1ana en M\u00e1laga capital, mi estaci\u00f3n registra 11,8 grados,\u00a0los cielos est\u00e1n despejados con brumas, el viento sopla flojo de direcci\u00f3n variable y la humedad ronda el 90%. Hoy mi\u00e9rcoles, nuevamente, registraremos temperaturas m\u00e1ximas en la provincia malague\u00f1a por encima de la media.<\/p>\n<p>Qu\u00e9 sabios son los refranes de meteorolog\u00eda del mes de febrero; os pongo dos muy identificativos con lo que pasar\u00e1 dentro de 48 horas.<\/p>\n<p><strong><em>Febrero, el orate; cada d\u00eda hace un disparate.<\/em><\/strong><\/p>\n<p><strong><em>En febrero el loco, ning\u00fan d\u00eda se parece a otro.<\/em><\/strong><\/p>\n<p>Ma\u00f1ana jueves, tendremos terral de invierno en las zonas habituales de la provincia malague\u00f1a; pueden darse temperaturas m\u00e1ximas entre los 22 y 24 grados. El viernes seguiremos con terral de invierno, pero las temperaturas m\u00e1ximas bajar\u00e1n notablemente con las registradas el jueves. Esto se deber\u00e1 a una masa de aire fr\u00eda polar mar\u00edtima que nos afectar\u00e1 hasta el domingo; destacar las rachas fuertes de viento en toda la costa malague\u00f1a que har\u00e1n que la sensaci\u00f3n t\u00e9rmica sea de m\u00e1s fr\u00edo. La mala noticia es que no se espera mucha precipitaci\u00f3n. <strong>Con un poco de suerte, el lunes s\u00ed hay m\u00e1s probabilidad de lluvias.<\/strong><\/p>\n<p>La AEMET ha activado en la costa mediterr\u00e1nea andaluza el aviso amarillo y naranja por fen\u00f3menos costeros a partir de ma\u00f1ana por la tarde y el viernes. Es probable que tambi\u00e9n se activen por viento en pr\u00f3ximas actualizaciones. Mucha precauci\u00f3n si sal\u00eds con barco por el mar de Albor\u00e1n. Reedito: Se activan por viento tambi\u00e9n Sol y Guadalhorce y Axarqu\u00eda por rachas de viento del oeste de 70 km\/h.<\/p>\n<p>Costa de M\u00e1laga: aviso amarillo por viento del oeste de 50 a 60 km\/h (fuerza 7) y olas de 2 a 3 m.<\/p>\n<p>Costa de Granada, aviso naranja por viento del oeste de 60 a 75 km\/h (fuerza 8) y oleaje de 3 a 4 m, con altura m\u00e1xima de ola de 7 a 8 m.<\/p>\n<p>Costa de Almer\u00eda, aviso naranja por viento del oeste de 60 a 75 km\/h (fuerza 8) y oleaje de 3 a 4 m, con altura m\u00e1xima de ola de 7 a 8 m.<\/p>\n<p>Costa de Melilla, aviso amarillo por viento del oeste de 50 a 60 km\/h (fuerza 7) y oleaje de 3 m.<\/p>\n<p>&nbsp;<\/p>\n<p>&nbsp;<\/p>\n<p><a href=\"https:\/\/static-blogs.diariosur.es\/wp-content\/uploads\/sites\/12\/2024\/02\/Captura-de-pantalla-2024-02-21-074706.jpg\"><img loading=\"lazy\" class=\"aligncenter size-full wp-image-39963\" src=\"https:\/\/static-blogs.diariosur.es\/wp-content\/uploads\/sites\/12\/2024\/02\/Captura-de-pantalla-2024-02-21-074706.jpg\" alt=\"\" width=\"688\" height=\"544\" srcset=\"https:\/\/static-blogs.diariosur.es\/wp-content\/uploads\/sites\/12\/2024\/02\/Captura-de-pantalla-2024-02-21-074706.jpg 688w, https:\/\/static-blogs.diariosur.es\/wp-content\/uploads\/sites\/12\/2024\/02\/Captura-de-pantalla-2024-02-21-074706-506x400.jpg 506w\" sizes=\"(max-width: 688px) 100vw, 688px\" \/><\/a><\/p>\n<p>&nbsp;<\/p>\n<p>Para terminar os paso una imagen de masas de aire del sat\u00e9lite eumetsat, donde os se\u00f1alo donde esta en estos mome3ntos la masas de aire fr\u00edo polar mar\u00edtima.<\/p>\n<p>&nbsp;<\/p>\n<p><a href=\"https:\/\/static-blogs.diariosur.es\/wp-content\/uploads\/sites\/12\/2024\/02\/Captura-de-pantalla-2024-02-21-072753.jpg\"><img loading=\"lazy\" class=\"aligncenter size-full wp-image-39964\" src=\"https:\/\/static-blogs.diariosur.es\/wp-content\/uploads\/sites\/12\/2024\/02\/Captura-de-pantalla-2024-02-21-072753.jpg\" alt=\"\" width=\"966\" height=\"676\" srcset=\"https:\/\/static-blogs.diariosur.es\/wp-content\/uploads\/sites\/12\/2024\/02\/Captura-de-pantalla-2024-02-21-072753.jpg 966w, https:\/\/static-blogs.diariosur.es\/wp-content\/uploads\/sites\/12\/2024\/02\/Captura-de-pantalla-2024-02-21-072753-572x400.jpg 572w, https:\/\/static-blogs.diariosur.es\/wp-content\/uploads\/sites\/12\/2024\/02\/Captura-de-pantalla-2024-02-21-072753-768x537.jpg 768w\" sizes=\"(max-width: 966px) 100vw, 966px\" \/><\/a><\/p>\n<p>&nbsp;<\/p>\n","protected":false},"excerpt":{"rendered":"<p>&nbsp; Muy buenos d\u00edas, amigos de la meteo. Cuando son las siete y media de la ma\u00f1ana en M\u00e1laga capital, mi estaci\u00f3n registra 11,8 grados,\u00a0los cielos est\u00e1n despejados con brumas, el viento sopla flojo de direcci\u00f3n variable y la humedad ronda el 90%. Hoy mi\u00e9rcoles, nuevamente, registraremos temperaturas m\u00e1ximas en la provincia malague\u00f1a por encima [&hellip;]<\/p>\n","protected":false},"author":16,"featured_media":39964,"comment_status":"open","ping_status":"open","sticky":false,"template":"","format":"standard","meta":[],"categories":[2],"tags":[94,100,151,358,432,587,676,800,1059],"_links":{"self":[{"href":"https:\/\/blogs.diariosur.es\/tormentas-y-rayos\/wp-json\/wp\/v2\/posts\/39962"}],"collection":[{"href":"https:\/\/blogs.diariosur.es\/tormentas-y-rayos\/wp-json\/wp\/v2\/posts"}],"about":[{"href":"https:\/\/blogs.diariosur.es\/tormentas-y-rayos\/wp-json\/wp\/v2\/types\/post"}],"author":[{"embeddable":true,"href":"https:\/\/blogs.diariosur.es\/tormentas-y-rayos\/wp-json\/wp\/v2\/users\/16"}],"replies":[{"embeddable":true,"href":"https:\/\/blogs.diariosur.es\/tormentas-y-rayos\/wp-json\/wp\/v2\/comments?post=39962"}],"version-history":[{"count":7,"href":"https:\/\/blogs.diariosur.es\/tormentas-y-rayos\/wp-json\/wp\/v2\/posts\/39962\/revisions"}],"predecessor-version":[{"id":49134,"href":"https:\/\/blogs.diariosur.es\/tormentas-y-rayos\/wp-json\/wp\/v2\/posts\/39962\/revisions\/49134"}],"wp:featuredmedia":[{"embeddable":true,"href":"https:\/\/blogs.diariosur.es\/tormentas-y-rayos\/wp-json\/wp\/v2\/media\/39964"}],"wp:attachment":[{"href":"https:\/\/blogs.diariosur.es\/tormentas-y-rayos\/wp-json\/wp\/v2\/media?parent=39962"}],"wp:term":[{"taxonomy":"category","embeddable":true,"href":"https:\/\/blogs.diariosur.es\/tormentas-y-rayos\/wp-json\/wp\/v2\/categories?post=39962"},{"taxonomy":"post_tag","embeddable":true,"href":"https:\/\/blogs.diariosur.es\/tormentas-y-rayos\/wp-json\/wp\/v2\/tags?post=39962"}],"curies":[{"name":"wp","href":"https:\/\/api.w.org\/{rel}","templated":true}]}}