{"id":39970,"date":"2024-02-22T08:15:40","date_gmt":"2024-02-22T07:15:40","guid":{"rendered":"https:\/\/blogs.diariosur.es\/tormentas-y-rayos\/?p=39970"},"modified":"2025-12-25T18:59:46","modified_gmt":"2025-12-25T17:59:46","slug":"que-tiempo-hara-el-fin-de-semana-en-la-provincia-de-malaga","status":"publish","type":"post","link":"https:\/\/blogs.diariosur.es\/tormentas-y-rayos\/2024\/02\/22\/que-tiempo-hara-el-fin-de-semana-en-la-provincia-de-malaga\/","title":{"rendered":"\u00bfQu\u00e9 tiempo har\u00e1 el fin de semana en la provincia de M\u00e1laga?"},"content":{"rendered":"<p><a href=\"https:\/\/static-blogs.diariosur.es\/wp-content\/uploads\/sites\/12\/2023\/10\/391553712_10227849747128054_5906882869659171719_n.jpg\"><img loading=\"lazy\" class=\"aligncenter size-thumbnail wp-image-38725\" src=\"https:\/\/static-blogs.diariosur.es\/wp-content\/uploads\/sites\/12\/2023\/10\/391553712_10227849747128054_5906882869659171719_n-150x150.jpg\" alt=\"\" width=\"150\" height=\"150\" \/><\/a><\/p>\n<p data-pm-slice=\"1 1 []\">Buenos d\u00edas, amigos de la meteo. Cuando son las siete y cuarto de la ma\u00f1ana en M\u00e1laga capital, mi estaci\u00f3n registra unos incre\u00edbles 18,5 grados, sopla terral moderado de invierno y en el cielo hay algunos lenticulares. Si ayer la humedad rondaba el 90%, hoy 50%. Las temperaturas m\u00e1ximas hoy, donde entre terral, rondar\u00e1n entre los 21 y 25 grados.<\/p>\n<p>Hoy jueves y ma\u00f1ana viernes estamos en aviso amarillo y naranja por viento en las provincias de M\u00e1laga, Almer\u00eda, Granada y Ja\u00e9n, tambi\u00e9n por fen\u00f3menos costeros. Como os comentaba ayer, mucha precauci\u00f3n si sal\u00eds a faenar o navegar por el Mar de Albor\u00e1n.<\/p>\n<p>Os paso los avisos para ma\u00f1ana. El amarillo por viento en M\u00e1laga es por rachas de 70 km\/h, el naranja en Granada por rachas de 90 km\/h.<\/p>\n<p>Fuente: AEMET.<\/p>\n<p>&nbsp;<\/p>\n<p><a href=\"https:\/\/static-blogs.diariosur.es\/wp-content\/uploads\/sites\/12\/2024\/02\/viernes.jpg\"><img loading=\"lazy\" class=\"aligncenter size-full wp-image-39972\" src=\"https:\/\/static-blogs.diariosur.es\/wp-content\/uploads\/sites\/12\/2024\/02\/viernes.jpg\" alt=\"\" width=\"693\" height=\"545\" srcset=\"https:\/\/static-blogs.diariosur.es\/wp-content\/uploads\/sites\/12\/2024\/02\/viernes.jpg 693w, https:\/\/static-blogs.diariosur.es\/wp-content\/uploads\/sites\/12\/2024\/02\/viernes-509x400.jpg 509w\" sizes=\"(max-width: 693px) 100vw, 693px\" \/><\/a><\/p>\n<p>&nbsp;<\/p>\n<p>&nbsp;<\/p>\n<p data-pm-slice=\"1 1 []\">El frente fr\u00edo generado por la borrasca Louis llegar\u00e1 a la provincia malague\u00f1a durante la madrugada del viernes; no espero que deje mucha precipitaci\u00f3n. Lo m\u00e1s destacable ser\u00e1n las rachas fuertes de viento y la bajada de temperaturas.<\/p>\n<p>Ayer os puse una imagen de masas de aire; la vuelvo a poner actualizada, porque hoy se ve mejor la masa de aire fr\u00eda polar mar\u00edtima que se acerca a la pen\u00ednsula.<\/p>\n<p>&nbsp;<\/p>\n<p><a href=\"https:\/\/static-blogs.diariosur.es\/wp-content\/uploads\/sites\/12\/2024\/02\/jueves-1.jpg\"><img loading=\"lazy\" class=\"aligncenter size-full wp-image-39973\" src=\"https:\/\/static-blogs.diariosur.es\/wp-content\/uploads\/sites\/12\/2024\/02\/jueves-1.jpg\" alt=\"\" width=\"969\" height=\"676\" srcset=\"https:\/\/static-blogs.diariosur.es\/wp-content\/uploads\/sites\/12\/2024\/02\/jueves-1.jpg 969w, https:\/\/static-blogs.diariosur.es\/wp-content\/uploads\/sites\/12\/2024\/02\/jueves-1-573x400.jpg 573w, https:\/\/static-blogs.diariosur.es\/wp-content\/uploads\/sites\/12\/2024\/02\/jueves-1-768x536.jpg 768w\" sizes=\"(max-width: 969px) 100vw, 969px\" \/><\/a><\/p>\n<p>&nbsp;<\/p>\n<h3><span style=\"color: #ff0000;\"><strong>\u00bfQu\u00e9 tiempo har\u00e1 el fin de semana en la provincia de M\u00e1laga?<\/strong><\/span><\/h3>\n<p><span style=\"color: #0000ff;\"><strong>S\u00e1bado 24 de febrero\u00a0<\/strong><\/span><\/p>\n<p data-pm-slice=\"1 1 []\">Hay probabilidad de algunos chubascos d\u00e9biles y espor\u00e1dicos por el interior de la provincia malague\u00f1a; tendremos rachas de viento de moderadas a fuertes, que ir\u00e1n amainando por la tarde-noche. Las temperaturas m\u00ednimas rondar\u00e1n en la provincia entre los 5 y 12 grados, las m\u00e1ximas entre los 11 y 17 grados.<\/p>\n<p>&nbsp;<\/p>\n<p><span style=\"color: #0000ff;\"><strong>Domingo 25 de febrero<\/strong><\/span><\/p>\n<p>&nbsp;<\/p>\n<p data-pm-slice=\"1 1 []\">Seguimos con probabilidad de chubascos d\u00e9biles y espor\u00e1dicos por el interior de la provincia y sistemas monta\u00f1osos por la tarde. A partir del mediod\u00eda y primeras horas de la tarde se esperan rachas de viento de terral y poniente de moderadas a fuertes. Las temperaturas m\u00ednimas rondar\u00e1n entre los 5 y 11 grados, las m\u00e1ximas entre los 12 y 19 grados.<\/p>\n<p>Os dejo con esta foto de archivo.<\/p>\n<p>&nbsp;<\/p>\n<p><a href=\"https:\/\/static-blogs.diariosur.es\/wp-content\/uploads\/sites\/12\/2022\/10\/123107114_10221092162952673_8337893297564306397_n-e1667200176990.jpg\"><img loading=\"lazy\" class=\"aligncenter size-full wp-image-34884\" src=\"https:\/\/static-blogs.diariosur.es\/wp-content\/uploads\/sites\/12\/2022\/10\/123107114_10221092162952673_8337893297564306397_n-e1667200176990.jpg\" alt=\"\" width=\"1200\" height=\"800\" \/><\/a><\/p>\n<p>&nbsp;<\/p>\n","protected":false},"excerpt":{"rendered":"<p>Buenos d\u00edas, amigos de la meteo. Cuando son las siete y cuarto de la ma\u00f1ana en M\u00e1laga capital, mi estaci\u00f3n registra unos incre\u00edbles 18,5 grados, sopla terral moderado de invierno y en el cielo hay algunos lenticulares. Si ayer la humedad rondaba el 90%, hoy 50%. Las temperaturas m\u00e1ximas hoy, donde entre terral, rondar\u00e1n entre [&hellip;]<\/p>\n","protected":false},"author":16,"featured_media":37814,"comment_status":"open","ping_status":"open","sticky":false,"template":"","format":"standard","meta":[],"categories":[2],"tags":[94,100,151,188,358,1883,587,676,736,800,872,1059],"_links":{"self":[{"href":"https:\/\/blogs.diariosur.es\/tormentas-y-rayos\/wp-json\/wp\/v2\/posts\/39970"}],"collection":[{"href":"https:\/\/blogs.diariosur.es\/tormentas-y-rayos\/wp-json\/wp\/v2\/posts"}],"about":[{"href":"https:\/\/blogs.diariosur.es\/tormentas-y-rayos\/wp-json\/wp\/v2\/types\/post"}],"author":[{"embeddable":true,"href":"https:\/\/blogs.diariosur.es\/tormentas-y-rayos\/wp-json\/wp\/v2\/users\/16"}],"replies":[{"embeddable":true,"href":"https:\/\/blogs.diariosur.es\/tormentas-y-rayos\/wp-json\/wp\/v2\/comments?post=39970"}],"version-history":[{"count":4,"href":"https:\/\/blogs.diariosur.es\/tormentas-y-rayos\/wp-json\/wp\/v2\/posts\/39970\/revisions"}],"predecessor-version":[{"id":48319,"href":"https:\/\/blogs.diariosur.es\/tormentas-y-rayos\/wp-json\/wp\/v2\/posts\/39970\/revisions\/48319"}],"wp:featuredmedia":[{"embeddable":true,"href":"https:\/\/blogs.diariosur.es\/tormentas-y-rayos\/wp-json\/wp\/v2\/media\/37814"}],"wp:attachment":[{"href":"https:\/\/blogs.diariosur.es\/tormentas-y-rayos\/wp-json\/wp\/v2\/media?parent=39970"}],"wp:term":[{"taxonomy":"category","embeddable":true,"href":"https:\/\/blogs.diariosur.es\/tormentas-y-rayos\/wp-json\/wp\/v2\/categories?post=39970"},{"taxonomy":"post_tag","embeddable":true,"href":"https:\/\/blogs.diariosur.es\/tormentas-y-rayos\/wp-json\/wp\/v2\/tags?post=39970"}],"curies":[{"name":"wp","href":"https:\/\/api.w.org\/{rel}","templated":true}]}}