{"id":39975,"date":"2024-02-24T08:27:38","date_gmt":"2024-02-24T07:27:38","guid":{"rendered":"https:\/\/blogs.diariosur.es\/tormentas-y-rayos\/?p=39975"},"modified":"2025-12-25T19:02:12","modified_gmt":"2025-12-25T18:02:12","slug":"que-tiempo-hara-el-lunes-en-la-provincia-de-malaga-llovera","status":"publish","type":"post","link":"https:\/\/blogs.diariosur.es\/tormentas-y-rayos\/2024\/02\/24\/que-tiempo-hara-el-lunes-en-la-provincia-de-malaga-llovera\/","title":{"rendered":"\u00bfQu\u00e9 tiempo har\u00e1 el lunes en la provincia de M\u00e1laga, llover\u00e1?"},"content":{"rendered":"<p><a href=\"https:\/\/static-blogs.diariosur.es\/wp-content\/uploads\/sites\/12\/2024\/02\/379337914_10227628075666406_6248628726251100327_n.jpg\"><img loading=\"lazy\" class=\"aligncenter size-thumbnail wp-image-39879\" src=\"https:\/\/static-blogs.diariosur.es\/wp-content\/uploads\/sites\/12\/2024\/02\/379337914_10227628075666406_6248628726251100327_n-150x150.jpg\" alt=\"\" width=\"150\" height=\"150\" \/><\/a><\/p>\n<p data-pm-slice=\"1 1 []\">Buenos d\u00edas, amigos de la meteo. Cuando son las ocho menos cuarto de la ma\u00f1ana en M\u00e1laga capital, la estaci\u00f3n de la AEMET del aeropuerto registra 10.8 grados, pero debido al viento moderado de terral, la sensaci\u00f3n t\u00e9rmica es de 6 grados; los cielos est\u00e1n nubosos y la humedad ronda el 60%.<\/p>\n<p>Hoy s\u00e1bado hay probabilidad de algunos chubascos d\u00e9biles y espor\u00e1dicos por el interior de la provincia. El viento de poniente y terral ir\u00e1 aflojando a partir de la tarde-noche.<\/p>\n<p>Desde ayer viernes y hasta las siete de la ma\u00f1ana de hoy s\u00e1bado se han dado estos acumulados. Fuentes: Hidrosur, Aemet<\/p>\n<p><strong>SIERRA MIJAS 1,3 mm<\/strong><\/p>\n<p><strong>LOS REALES 4,5 mm<\/strong><\/p>\n<p><strong>MAJADA DE LAS LOMAS 3,7 mm<\/strong><\/p>\n<p><strong>PUJERRA\u00a03,7 mm<\/strong><\/p>\n<p><strong>CUEVAS DEL BECERO 5,8 mm<\/strong><\/p>\n<p><strong>EL TORCAL 8,1 mm<\/strong><\/p>\n<p><strong>VILLANUEVA DE LA CONCEPCI\u00d3N 5,1 mm<\/strong><\/p>\n<p><strong>ALFARNATEJO 9,1 mm<\/strong><\/p>\n<p><strong>R\u00cdO TUR\u00d3N ARDALES 8 mm<\/strong><\/p>\n<p><strong>R\u00cdO GUADALTEBA 4 mm<\/strong><\/p>\n<p><strong>ANTEQUERA 2,4 mm<\/strong><\/p>\n<p><strong>M\u00c1LAGA CENTRO METEOROL\u00d3GICO\u00a01,2<\/strong><\/p>\n<p><strong>ESTEPONA 1,6 mm<\/strong><\/p>\n<p><strong>RONDA 2,6 mm<\/strong><\/p>\n<p><strong>CORTES DE LA FRONTERA 3,6 mm<\/strong><\/p>\n<p>Ma\u00f1ana domingo seguiremos con rachas de moderadas a fuertes de poniente y terral a partir del mediod\u00eda; nuevamente hay probabilidad de chubascos d\u00e9biles y espor\u00e1dicos por el interior y sistemas monta\u00f1osos.<\/p>\n<h3><strong>\u00bfQu\u00e9 tiempo har\u00e1 el lunes en la provincia de M\u00e1laga, llover\u00e1?<\/strong><\/h3>\n<p>El lunes de madrugada una borrasca con su frente fr\u00edo asociado afectar\u00e1 a toda Andaluc\u00eda; se esperan precipitaciones irregularmente repartidas por toda la provincia; con un poco de suerte llover\u00e1 en todos los portales, m\u00e1s en unos y menos en otros. Una vez que pase el frente, tendremos rachas fuertes de poniente y terral en toda la provincia. La AEMET ha activado el aviso amarillo por fen\u00f3menos costeros.\u00a0 Viento del oeste de 50 a 60 km\/h (fuerza 7) y olas de 3 m.<\/p>\n<p>Os paso el mapa de superficie de la AEMET previsto para el lunes.<\/p>\n<p>&nbsp;<\/p>\n<p><a href=\"https:\/\/static-blogs.diariosur.es\/wp-content\/uploads\/sites\/12\/2024\/02\/2024022312060_ww_g1x0a2c2-e1708758016428.gif\"><img loading=\"lazy\" class=\"aligncenter size-full wp-image-39977\" src=\"https:\/\/static-blogs.diariosur.es\/wp-content\/uploads\/sites\/12\/2024\/02\/2024022312060_ww_g1x0a2c2-e1708758016428.gif\" alt=\"\" width=\"900\" height=\"630\" \/><\/a><\/p>\n<p>&nbsp;<\/p>\n<p>Como os acabo de comentar m\u00e1s arriba, llover\u00e1 m\u00e1s en unas zonas de la provincia y en otras menos. Os paso los acumulados que da el modelo europeo y americano para el lunes.<\/p>\n<p><strong>MODELO EUROPEO<\/strong><\/p>\n<p>&nbsp;<\/p>\n<p><a href=\"https:\/\/static-blogs.diariosur.es\/wp-content\/uploads\/sites\/12\/2024\/02\/e.jpg\"><img loading=\"lazy\" class=\"aligncenter size-full wp-image-39979\" src=\"https:\/\/static-blogs.diariosur.es\/wp-content\/uploads\/sites\/12\/2024\/02\/e.jpg\" alt=\"\" width=\"766\" height=\"792\" srcset=\"https:\/\/static-blogs.diariosur.es\/wp-content\/uploads\/sites\/12\/2024\/02\/e.jpg 766w, https:\/\/static-blogs.diariosur.es\/wp-content\/uploads\/sites\/12\/2024\/02\/e-387x400.jpg 387w\" sizes=\"(max-width: 766px) 100vw, 766px\" \/><\/a><\/p>\n<p>&nbsp;<\/p>\n<p><strong>MODELO AMERICANO<\/strong><\/p>\n<p>&nbsp;<\/p>\n<p><a href=\"https:\/\/static-blogs.diariosur.es\/wp-content\/uploads\/sites\/12\/2024\/02\/a.jpg\"><img loading=\"lazy\" class=\"aligncenter size-full wp-image-39980\" src=\"https:\/\/static-blogs.diariosur.es\/wp-content\/uploads\/sites\/12\/2024\/02\/a.jpg\" alt=\"\" width=\"768\" height=\"802\" srcset=\"https:\/\/static-blogs.diariosur.es\/wp-content\/uploads\/sites\/12\/2024\/02\/a.jpg 768w, https:\/\/static-blogs.diariosur.es\/wp-content\/uploads\/sites\/12\/2024\/02\/a-383x400.jpg 383w\" sizes=\"(max-width: 768px) 100vw, 768px\" \/><\/a><\/p>\n<p>&nbsp;<\/p>\n<p>Esperemos ver muchos charcos el lunes y en Sierra Nevada buenos acumulados de nieve.<\/p>\n<p>&nbsp;<\/p>\n<p><a href=\"https:\/\/static-blogs.diariosur.es\/wp-content\/uploads\/sites\/12\/2024\/02\/422102999_10228285174053455_5277496244988774030_n.jpg\"><img loading=\"lazy\" class=\"aligncenter size-full wp-image-39981\" src=\"https:\/\/static-blogs.diariosur.es\/wp-content\/uploads\/sites\/12\/2024\/02\/422102999_10228285174053455_5277496244988774030_n-e1708759197379.jpg\" alt=\"\" width=\"900\" height=\"675\" \/><\/a><\/p>\n<p>&nbsp;<\/p>\n<p>&nbsp;<\/p>\n<p>&nbsp;<\/p>\n","protected":false},"excerpt":{"rendered":"<p>Buenos d\u00edas, amigos de la meteo. Cuando son las ocho menos cuarto de la ma\u00f1ana en M\u00e1laga capital, la estaci\u00f3n de la AEMET del aeropuerto registra 10.8 grados, pero debido al viento moderado de terral, la sensaci\u00f3n t\u00e9rmica es de 6 grados; los cielos est\u00e1n nubosos y la humedad ronda el 60%. Hoy s\u00e1bado hay [&hellip;]<\/p>\n","protected":false},"author":16,"featured_media":39981,"comment_status":"open","ping_status":"open","sticky":false,"template":"","format":"standard","meta":[],"categories":[2],"tags":[100,188,358,587,800,909],"_links":{"self":[{"href":"https:\/\/blogs.diariosur.es\/tormentas-y-rayos\/wp-json\/wp\/v2\/posts\/39975"}],"collection":[{"href":"https:\/\/blogs.diariosur.es\/tormentas-y-rayos\/wp-json\/wp\/v2\/posts"}],"about":[{"href":"https:\/\/blogs.diariosur.es\/tormentas-y-rayos\/wp-json\/wp\/v2\/types\/post"}],"author":[{"embeddable":true,"href":"https:\/\/blogs.diariosur.es\/tormentas-y-rayos\/wp-json\/wp\/v2\/users\/16"}],"replies":[{"embeddable":true,"href":"https:\/\/blogs.diariosur.es\/tormentas-y-rayos\/wp-json\/wp\/v2\/comments?post=39975"}],"version-history":[{"count":5,"href":"https:\/\/blogs.diariosur.es\/tormentas-y-rayos\/wp-json\/wp\/v2\/posts\/39975\/revisions"}],"predecessor-version":[{"id":48321,"href":"https:\/\/blogs.diariosur.es\/tormentas-y-rayos\/wp-json\/wp\/v2\/posts\/39975\/revisions\/48321"}],"wp:featuredmedia":[{"embeddable":true,"href":"https:\/\/blogs.diariosur.es\/tormentas-y-rayos\/wp-json\/wp\/v2\/media\/39981"}],"wp:attachment":[{"href":"https:\/\/blogs.diariosur.es\/tormentas-y-rayos\/wp-json\/wp\/v2\/media?parent=39975"}],"wp:term":[{"taxonomy":"category","embeddable":true,"href":"https:\/\/blogs.diariosur.es\/tormentas-y-rayos\/wp-json\/wp\/v2\/categories?post=39975"},{"taxonomy":"post_tag","embeddable":true,"href":"https:\/\/blogs.diariosur.es\/tormentas-y-rayos\/wp-json\/wp\/v2\/tags?post=39975"}],"curies":[{"name":"wp","href":"https:\/\/api.w.org\/{rel}","templated":true}]}}