{"id":39983,"date":"2024-02-26T07:31:43","date_gmt":"2024-02-26T06:31:43","guid":{"rendered":"https:\/\/blogs.diariosur.es\/tormentas-y-rayos\/?p=39983"},"modified":"2025-12-25T19:04:07","modified_gmt":"2025-12-25T18:04:07","slug":"el-ultimo-frente-del-mes-de-febrero-llegando-a-la-provincia-malaguena","status":"publish","type":"post","link":"https:\/\/blogs.diariosur.es\/tormentas-y-rayos\/2024\/02\/26\/el-ultimo-frente-del-mes-de-febrero-llegando-a-la-provincia-malaguena\/","title":{"rendered":"El \u00faltimo frente del mes de febrero llegando a la provincia malague\u00f1a."},"content":{"rendered":"<p><a href=\"https:\/\/static-blogs.diariosur.es\/wp-content\/uploads\/sites\/12\/2023\/10\/391553712_10227849747128054_5906882869659171719_n.jpg\"><img loading=\"lazy\" class=\"aligncenter size-thumbnail wp-image-38725\" src=\"https:\/\/static-blogs.diariosur.es\/wp-content\/uploads\/sites\/12\/2023\/10\/391553712_10227849747128054_5906882869659171719_n-150x150.jpg\" alt=\"\" width=\"150\" height=\"150\" \/><\/a><\/p>\n<p data-pm-slice=\"1 1 []\">Buenos d\u00edas, amigos de la meteo. Cuando son las siete y cuarto de la ma\u00f1ana en M\u00e1laga capital, el frente fr\u00edo ya est\u00e1 entrando en la provincia malague\u00f1a, como pod\u00e9is ver en el radar de la AEMET Aunque venga del noroeste, parece que se est\u00e1 reactivando.<\/p>\n<p>&nbsp;<\/p>\n<p>&nbsp;<\/p>\n<p>&nbsp;<\/p>\n<p><a href=\"https:\/\/static-blogs.diariosur.es\/wp-content\/uploads\/sites\/12\/2024\/02\/Captura-de-pantalla-2024-02-26-072625.jpg\"><img loading=\"lazy\" class=\"aligncenter size-full wp-image-39986\" src=\"https:\/\/static-blogs.diariosur.es\/wp-content\/uploads\/sites\/12\/2024\/02\/Captura-de-pantalla-2024-02-26-072625.jpg\" alt=\"\" width=\"747\" height=\"609\" srcset=\"https:\/\/static-blogs.diariosur.es\/wp-content\/uploads\/sites\/12\/2024\/02\/Captura-de-pantalla-2024-02-26-072625.jpg 747w, https:\/\/static-blogs.diariosur.es\/wp-content\/uploads\/sites\/12\/2024\/02\/Captura-de-pantalla-2024-02-26-072625-491x400.jpg 491w\" sizes=\"(max-width: 747px) 100vw, 747px\" \/><\/a><\/p>\n<p>&nbsp;<\/p>\n<p data-pm-slice=\"1 1 []\">Regar\u00e1 desigualmente la provincia, registr\u00e1ndose m\u00e1s acumulados en las zonas habituales. En la capital tambi\u00e9n llover\u00e1; ma\u00f1ana martes sabremos los litros acumulados de toda la provincia. Una vez pase el frente esta ma\u00f1ana, por la tarde se registrar\u00e1n chubascos posfrontales en algunos puntos de la provincia malague\u00f1a; hay probabilidad de <strong>arco\u00edris y granizo menudo<\/strong>.\u00a0 Destacar tambi\u00e9n las rachas\u00a0fuertes de viento que se esperan.<\/p>\n<p>En las provincias de Granada y Ja\u00e9n se esperan nevadas; est\u00e1n en aviso amarillo.<\/p>\n<p>Como os he dicho m\u00e1s arriba, ma\u00f1ana martes veremos los acumulados que se han dado.<\/p>\n<p>Os dejo con un video que hice ayer a las dos de la tarde en la Cala del Moral; ten\u00edamos fuertes rachas de viento y el mar muy picado. En cambio, en M\u00e1laga apenas hac\u00eda viento y el mar como un plato. Muy curioso c\u00f3mo la meteo cambia en apenas unos kil\u00f3metros.<\/p>\n<p>&nbsp;<\/p>\n<p><iframe loading=\"lazy\" title=\"YouTube video player\" src=\"https:\/\/www.youtube.com\/embed\/yYXx2rm1G-w?si=1tSwOJQ9y77BILcI\" width=\"560\" height=\"315\" frameborder=\"0\" allowfullscreen=\"allowfullscreen\"><\/iframe><\/p>\n<p>&nbsp;<\/p>\n<p>&nbsp;<\/p>\n","protected":false},"excerpt":{"rendered":"<p>Buenos d\u00edas, amigos de la meteo. Cuando son las siete y cuarto de la ma\u00f1ana en M\u00e1laga capital, el frente fr\u00edo ya est\u00e1 entrando en la provincia malague\u00f1a, como pod\u00e9is ver en el radar de la AEMET Aunque venga del noroeste, parece que se est\u00e1 reactivando. &nbsp; &nbsp; &nbsp; &nbsp; Regar\u00e1 desigualmente la provincia, registr\u00e1ndose [&hellip;]<\/p>\n","protected":false},"author":16,"featured_media":39987,"comment_status":"open","ping_status":"open","sticky":false,"template":"","format":"standard","meta":[],"categories":[2],"tags":[100,358,569,587,909,1059],"_links":{"self":[{"href":"https:\/\/blogs.diariosur.es\/tormentas-y-rayos\/wp-json\/wp\/v2\/posts\/39983"}],"collection":[{"href":"https:\/\/blogs.diariosur.es\/tormentas-y-rayos\/wp-json\/wp\/v2\/posts"}],"about":[{"href":"https:\/\/blogs.diariosur.es\/tormentas-y-rayos\/wp-json\/wp\/v2\/types\/post"}],"author":[{"embeddable":true,"href":"https:\/\/blogs.diariosur.es\/tormentas-y-rayos\/wp-json\/wp\/v2\/users\/16"}],"replies":[{"embeddable":true,"href":"https:\/\/blogs.diariosur.es\/tormentas-y-rayos\/wp-json\/wp\/v2\/comments?post=39983"}],"version-history":[{"count":6,"href":"https:\/\/blogs.diariosur.es\/tormentas-y-rayos\/wp-json\/wp\/v2\/posts\/39983\/revisions"}],"predecessor-version":[{"id":48322,"href":"https:\/\/blogs.diariosur.es\/tormentas-y-rayos\/wp-json\/wp\/v2\/posts\/39983\/revisions\/48322"}],"wp:featuredmedia":[{"embeddable":true,"href":"https:\/\/blogs.diariosur.es\/tormentas-y-rayos\/wp-json\/wp\/v2\/media\/39987"}],"wp:attachment":[{"href":"https:\/\/blogs.diariosur.es\/tormentas-y-rayos\/wp-json\/wp\/v2\/media?parent=39983"}],"wp:term":[{"taxonomy":"category","embeddable":true,"href":"https:\/\/blogs.diariosur.es\/tormentas-y-rayos\/wp-json\/wp\/v2\/categories?post=39983"},{"taxonomy":"post_tag","embeddable":true,"href":"https:\/\/blogs.diariosur.es\/tormentas-y-rayos\/wp-json\/wp\/v2\/tags?post=39983"}],"curies":[{"name":"wp","href":"https:\/\/api.w.org\/{rel}","templated":true}]}}