{"id":39989,"date":"2024-02-27T07:33:34","date_gmt":"2024-02-27T06:33:34","guid":{"rendered":"https:\/\/blogs.diariosur.es\/tormentas-y-rayos\/?p=39989"},"modified":"2025-12-25T19:05:28","modified_gmt":"2025-12-25T18:05:28","slug":"acumulados-de-precipitacion-mes-de-febrero-en-la-provincia-de-malaga","status":"publish","type":"post","link":"https:\/\/blogs.diariosur.es\/tormentas-y-rayos\/2024\/02\/27\/acumulados-de-precipitacion-mes-de-febrero-en-la-provincia-de-malaga\/","title":{"rendered":"Acumulados de precipitaci\u00f3n mes de febrero en la provincia de M\u00e1laga."},"content":{"rendered":"<p><a href=\"https:\/\/static-blogs.diariosur.es\/wp-content\/uploads\/sites\/12\/2023\/10\/243418660_10223324765526342_8448445083528661051_n.jpg\"><img loading=\"lazy\" class=\"aligncenter size-thumbnail wp-image-38644\" src=\"https:\/\/static-blogs.diariosur.es\/wp-content\/uploads\/sites\/12\/2023\/10\/243418660_10223324765526342_8448445083528661051_n-150x150.jpg\" alt=\"\" width=\"150\" height=\"150\" \/><\/a><\/p>\n<p data-pm-slice=\"1 1 []\">Buenos d\u00edas, amigos de la meteo. Ayer se cumplieron las previsiones y tuvimos chubascos posfrontales acompa\u00f1ados de granizo menudo y arco\u00edris por la tarde. Ha nevado en las cumbres m\u00e1s altas de Sierra Tejeda. Hoy martes seguiremos con rachas fuertes de terral de invierno y poniente; la probabilidad de precipitaciones es muy baja. Las temperaturas m\u00e1ximas rondar\u00e1n en la provincia entre los 11 y 19 grados.<\/p>\n<p>Como ya no se esperan m\u00e1s lluvias este mes de febrero en M\u00e1laga, os pongo el acumulado que llevamos. Los embalses apenas lo han notado; en otras provincias andaluzas s\u00ed, en la mayor\u00eda.<\/p>\n<h3><strong>Fuente: Acamet<\/strong><\/h3>\n<p>PILONES SIERRA DE LAS NIEVES\u00a0 162,4 mm<\/p>\n<p>LIBAR 203 mm<\/p>\n<p>OREGANAL CARTAJIMA\u00a0 215 mm<\/p>\n<h3><span style=\"color: #ff0000;\"><strong>Fuente Red Hidrosur<\/strong><\/span><\/h3>\n<p>SIERRA MIJAS\u00a0 44,8 mm<\/p>\n<p>LOS REALES\u00a0 150,5 mm<\/p>\n<p>MAJADA DE LAS LOMAS\u00a0 149,1 mm<\/p>\n<p>RIO GENAL JUBRIQUE\u00a0 139,3 mm<\/p>\n<p>PUJERRA 100,6 mm<\/p>\n<p>CUEVAS DEL BECERRO 76,5 mm<\/p>\n<p>EMBALSE DE LA CONCEPCI\u00d3N\u00a0 75,8 mm<\/p>\n<p>OJEN\u00a0 79,8 mm<\/p>\n<p>EL TORCAL\u00a0 85,1 mm<\/p>\n<p>EMBALSE CASASOLA\u00a0 30 mm<\/p>\n<p>EMBALSE DEL LIMONERO\u00a0 29,3 mm<\/p>\n<p>DEPURADORA MARBELLA\u00a0 65,5 mm<\/p>\n<p>SANTO PITAR\u00a0 47,7 mm<\/p>\n<p>CA\u00d1ETE LA REAL\u00a0 102,8 mm<\/p>\n<p>RONDA\u00a0 68,7 mm<\/p>\n<p>LAGUNA FUENTE PIEDRA\u00a0 39,4 mm<\/p>\n<p>EMBALSE GUADALTEBA\u00a0 34,9 mm<\/p>\n<p>EMBALSE CONDE DE GUADALHORCE\u00a0 33,3 mm<\/p>\n<p>ALCAUC\u00cdN\u00a0 58,7 mm<\/p>\n<p>EMBALSE DE LA VI\u00d1UELA\u00a0 48,6 mm<\/p>\n<p>VILLANUEVA DE LA CONCEPCI\u00d3N\u00a0 77,8 mm<\/p>\n<p>CASARABONELA\u00a0 35,9 mm<\/p>\n<p>COLMENAR\u00a0 71,8 mm<\/p>\n<p>ALFARNATEJO\u00a0 114,1 mm<\/p>\n<p>RIO BENAMARGOSA 62,7 mm<\/p>\n<p>TORROX\u00a0 45,5 mm<\/p>\n<p>TORRE DEL MAR 49,4 mm<\/p>\n<p>RIO GUADIARO\u00a0 148 mm<\/p>\n<p>DEPURADORA DEL TRAPICHE 49,8 mm<\/p>\n<p>RIO GUADALTEBA AFORO TEBA\u00a0 40,4 mm<\/p>\n<p>RIO TUR\u00d3N\u00a0 38,7 mm<\/p>\n<p>RIO GUADALHORCE ARCHIDONA\u00a0 52,1 mm<\/p>\n<h3><span style=\"color: #ff0000;\"><strong>Fuente Meteoclimatic.<\/strong><\/span><\/h3>\n<p>AVENIDA JOSE ORTEGA Y GASSET<\/p>\n<p>ALAMEDA 60,6 mm<\/p>\n<p>ALGATOCIN\u00a0 204 mm<\/p>\n<p>ARCHIDONA HUERTAS DEL R\u00cdO\u00a0 65,1 mm<\/p>\n<p>ARCHIDONA PTA DE LA HOYA\u00a0 58,8mm<\/p>\n<p>ALHAUR\u00cdN DE LA TORRE\u00a0 16mm<\/p>\n<p>ALHAUR\u00cdN EL GRANDE\u00a0 \u00a029,4 mm<\/p>\n<p>FRIGILIANA\u00a0 56,4 mm<\/p>\n<p>IST\u00c1N\u00a0 66,8 mm<\/p>\n<p>C\u00d3MPETA\u00a0 111,7 mm<\/p>\n<p>CO\u00cdN CAMPO DE FUTBOL\u00a0 21,6mm<\/p>\n<p>BENALM\u00c1DENA ARROYO DE LA MIEL\u00a0 41,2 mm<\/p>\n<p>ESTEPONA\u00a0 72,6 mm<\/p>\n<p>LA CALA DEL MORAL\u00a0 54,1 mm<\/p>\n<p>MIJAS PUEBLO\u00a0 53 mm<\/p>\n<p>NERJA\u00a0 LAS PALMERAS\u00a0 64,9 mm<\/p>\n<p>RINC\u00d3N DE LA VICTORIA\u00a0 56,1 mm<\/p>\n<p>RONDA SAN CRIST\u00d3BAL\u00a0 74,7 mm<\/p>\n<p>V\u00c9LEZ M\u00c1LAGA\u00a0 44,1 mm<\/p>\n<p>C\u00c1RTAMA SIERRA LLANA 20,6mm<\/p>\n<h3><span style=\"color: #ff0000;\"><strong>Fuente Aemet<\/strong><\/span><\/h3>\n<p>M\u00c1LAGA AEROPUERTO\u00a0 28,4 mm<\/p>\n<p>ANTEQUERA\u00a0 46,1 mm<\/p>\n<p>GAUC\u00cdN\u00a0 145 mm<\/p>\n<p>ALPANDEIRE\u00a0 \u00a0135 mm<\/p>\n<p>CORTES DE LA FRONTERA\u00a0 149 mm<\/p>\n<p>FUENGIROLA 48 mm<\/p>\n<p>\u00c1LORA 22 mm<\/p>\n<p>TORREMOLINOS\u00a0 41,4 m<\/p>\n<h3><span style=\"color: #ff0000;\"><strong>Fuente Weather Underground<\/strong><\/span><\/h3>\n<p>ALCAUCIN\u00a0 83,5 mm<\/p>\n<p>EL BORGE\u00a0 63 mm<\/p>\n<p>COMARES 66 mm<\/p>\n<p>PERIANA\u00a0 75 mm<\/p>\n<p>VENTA ZAFARRAYA\u00a0 67 mm<\/p>\n<p>VILLANUEVA DEL TRABUCO\u00a0 63,9 mm<\/p>\n<p>BENAMOCARRA 65,3 mm<\/p>\n<p>MOCLINEJO 66,6 mm<\/p>\n<p>EL BURGO 71,3mm<\/p>\n<p>YUNQUERA CASA RURAL 54,1 mm<\/p>\n<p>Os dejo con esta foto de mi amigo Crist\u00f3bal Gambero, en su estaci\u00f3n en Mijas Pueblo ha recogido este mes 53 mm<\/p>\n<p>&nbsp;<\/p>\n<p><a href=\"https:\/\/static-blogs.diariosur.es\/wp-content\/uploads\/sites\/12\/2024\/02\/394258161_6653796968002574_8875315958152181615_n-e1709015374965.jpg\"><img loading=\"lazy\" class=\"aligncenter size-full wp-image-40003\" src=\"https:\/\/static-blogs.diariosur.es\/wp-content\/uploads\/sites\/12\/2024\/02\/394258161_6653796968002574_8875315958152181615_n-e1709015374965.jpg\" alt=\"\" width=\"800\" height=\"600\" \/><\/a><\/p>\n<p>&nbsp;<\/p>\n<p>&nbsp;<\/p>\n<p>&nbsp;<\/p>\n<p>&nbsp;<\/p>\n<p>&nbsp;<\/p>\n","protected":false},"excerpt":{"rendered":"<p>Buenos d\u00edas, amigos de la meteo. Ayer se cumplieron las previsiones y tuvimos chubascos posfrontales acompa\u00f1ados de granizo menudo y arco\u00edris por la tarde. Ha nevado en las cumbres m\u00e1s altas de Sierra Tejeda. Hoy martes seguiremos con rachas fuertes de terral de invierno y poniente; la probabilidad de precipitaciones es muy baja. Las temperaturas [&hellip;]<\/p>\n","protected":false},"author":16,"featured_media":40003,"comment_status":"open","ping_status":"open","sticky":false,"template":"","format":"standard","meta":[],"categories":[2],"tags":[100,358,360,403,569,587,909],"_links":{"self":[{"href":"https:\/\/blogs.diariosur.es\/tormentas-y-rayos\/wp-json\/wp\/v2\/posts\/39989"}],"collection":[{"href":"https:\/\/blogs.diariosur.es\/tormentas-y-rayos\/wp-json\/wp\/v2\/posts"}],"about":[{"href":"https:\/\/blogs.diariosur.es\/tormentas-y-rayos\/wp-json\/wp\/v2\/types\/post"}],"author":[{"embeddable":true,"href":"https:\/\/blogs.diariosur.es\/tormentas-y-rayos\/wp-json\/wp\/v2\/users\/16"}],"replies":[{"embeddable":true,"href":"https:\/\/blogs.diariosur.es\/tormentas-y-rayos\/wp-json\/wp\/v2\/comments?post=39989"}],"version-history":[{"count":14,"href":"https:\/\/blogs.diariosur.es\/tormentas-y-rayos\/wp-json\/wp\/v2\/posts\/39989\/revisions"}],"predecessor-version":[{"id":48323,"href":"https:\/\/blogs.diariosur.es\/tormentas-y-rayos\/wp-json\/wp\/v2\/posts\/39989\/revisions\/48323"}],"wp:featuredmedia":[{"embeddable":true,"href":"https:\/\/blogs.diariosur.es\/tormentas-y-rayos\/wp-json\/wp\/v2\/media\/40003"}],"wp:attachment":[{"href":"https:\/\/blogs.diariosur.es\/tormentas-y-rayos\/wp-json\/wp\/v2\/media?parent=39989"}],"wp:term":[{"taxonomy":"category","embeddable":true,"href":"https:\/\/blogs.diariosur.es\/tormentas-y-rayos\/wp-json\/wp\/v2\/categories?post=39989"},{"taxonomy":"post_tag","embeddable":true,"href":"https:\/\/blogs.diariosur.es\/tormentas-y-rayos\/wp-json\/wp\/v2\/tags?post=39989"}],"curies":[{"name":"wp","href":"https:\/\/api.w.org\/{rel}","templated":true}]}}