{"id":40013,"date":"2024-03-01T07:43:21","date_gmt":"2024-03-01T06:43:21","guid":{"rendered":"https:\/\/blogs.diariosur.es\/tormentas-y-rayos\/?p=40013"},"modified":"2025-12-25T19:12:36","modified_gmt":"2025-12-25T18:12:36","slug":"que-tiempo-hara-en-malaga-el-primer-fin-de-semana-de-la-primavera-meteorologica","status":"publish","type":"post","link":"https:\/\/blogs.diariosur.es\/tormentas-y-rayos\/2024\/03\/01\/que-tiempo-hara-en-malaga-el-primer-fin-de-semana-de-la-primavera-meteorologica\/","title":{"rendered":"\u00bfQu\u00e9 tiempo har\u00e1 en M\u00e1laga, el primer fin de semana de la primavera meteorol\u00f3gica?"},"content":{"rendered":"<p><a href=\"https:\/\/static-blogs.diariosur.es\/wp-content\/uploads\/sites\/12\/2023\/09\/375323357_10227521084351690_5428862938073510864_n.jpg\"><img loading=\"lazy\" class=\"aligncenter size-thumbnail wp-image-38274\" src=\"https:\/\/static-blogs.diariosur.es\/wp-content\/uploads\/sites\/12\/2023\/09\/375323357_10227521084351690_5428862938073510864_n-150x150.jpg\" alt=\"\" width=\"150\" height=\"150\" \/><\/a><\/p>\n<p data-pm-slice=\"1 1 []\">Buenos d\u00edas, amigos de la meteo. Hasta el domingo, no comentar\u00e9 el probable cambio de tiempo en forma de lluvias que algunos modelos dan para finales de la semana que viene. Podr\u00edan ser las lluvias deseadas; cuando est\u00e9 m\u00e1s claro, hablaremos de esto. De cumplirse, llover\u00eda tambi\u00e9n en la zona del Valle del Guadalhorce.<\/p>\n<p>Cuando son las siete de la ma\u00f1ana en M\u00e1laga capital, mi estaci\u00f3n registra 10,8 grados, los cielos est\u00e1n despejados y seguimos con viento de terral; ya es de primavera. Hoy viernes 1 de marzo ha comenzado la primavera meteorol\u00f3gica; la astron\u00f3mica comienza el 20.<\/p>\n<p>Ayer jueves 29 de febrero, el invierno se despidi\u00f3 con una m\u00e1xima de 21,6 grados\u00a0en el Aeropuerto de M\u00e1laga; en otras zonas donde es habitual el terral llegaron a 22,5 grados.<\/p>\n<h3><span style=\"color: #ff0000;\">\u00bfQu\u00e9 tiempo har\u00e1 el primer fin de semana de la primavera meteorol\u00f3gica en M\u00e1laga?<\/span><\/h3>\n<p><strong>S\u00e1bado 2 de marzo<\/strong><\/p>\n<p>Seguiremos con rachas de moderadas a fuertes de poniente y terral. Se dar\u00e1n precipitaciones d\u00e9biles a partir de la tarde noche por el interior de la provincia, siendo menos probables en zona de costa.<\/p>\n<p>Se esperan estas temperaturas m\u00e1ximas y m\u00ednimas. Fuente aemet.<\/p>\n<p>&nbsp;<\/p>\n<p><a href=\"https:\/\/static-blogs.diariosur.es\/wp-content\/uploads\/sites\/12\/2024\/03\/sabado.jpg\"><img loading=\"lazy\" class=\"aligncenter size-full wp-image-40039\" src=\"https:\/\/static-blogs.diariosur.es\/wp-content\/uploads\/sites\/12\/2024\/03\/sabado.jpg\" alt=\"\" width=\"699\" height=\"554\" srcset=\"https:\/\/static-blogs.diariosur.es\/wp-content\/uploads\/sites\/12\/2024\/03\/sabado.jpg 699w, https:\/\/static-blogs.diariosur.es\/wp-content\/uploads\/sites\/12\/2024\/03\/sabado-505x400.jpg 505w\" sizes=\"(max-width: 699px) 100vw, 699px\" \/><\/a><\/p>\n<p>&nbsp;<\/p>\n<p>&nbsp;<\/p>\n<p data-pm-slice=\"1 1 []\">Durante la madrugada del domingo, probabilidad de chubascos por el interior de la provincia; a partir del mediod\u00eda, baja la probabilidad. Seguiremos con rachas fuertes de poniente y terral.<\/p>\n<p>Os paso las temperaturas m\u00e1ximas y m\u00ednimas que prev\u00e9 la AEMET.<\/p>\n<p>&nbsp;<\/p>\n<p>&nbsp;<\/p>\n<p><a href=\"https:\/\/static-blogs.diariosur.es\/wp-content\/uploads\/sites\/12\/2024\/03\/domingo.jpg\"><img loading=\"lazy\" class=\"aligncenter size-full wp-image-40040\" src=\"https:\/\/static-blogs.diariosur.es\/wp-content\/uploads\/sites\/12\/2024\/03\/domingo.jpg\" alt=\"\" width=\"697\" height=\"546\" srcset=\"https:\/\/static-blogs.diariosur.es\/wp-content\/uploads\/sites\/12\/2024\/03\/domingo.jpg 697w, https:\/\/static-blogs.diariosur.es\/wp-content\/uploads\/sites\/12\/2024\/03\/domingo-511x400.jpg 511w\" sizes=\"(max-width: 697px) 100vw, 697px\" \/><\/a><\/p>\n<p>&nbsp;<\/p>\n<p>Lo dicho, el domingo iremos viendo si llegan las lluvias deseadas.<\/p>\n<p>Os dejo con esta bonita foto de mi amigo Crist\u00f3bal Gambero.<\/p>\n<p>&nbsp;<\/p>\n<p><a href=\"https:\/\/static-blogs.diariosur.es\/wp-content\/uploads\/sites\/12\/2024\/03\/422637582_7068827019832898_8868362793376664821_n-e1709275052693.jpg\"><img loading=\"lazy\" class=\"aligncenter size-full wp-image-40041\" src=\"https:\/\/static-blogs.diariosur.es\/wp-content\/uploads\/sites\/12\/2024\/03\/422637582_7068827019832898_8868362793376664821_n-e1709275052693.jpg\" alt=\"\" width=\"1200\" height=\"900\" \/><\/a><\/p>\n<p>&nbsp;<\/p>\n<p>&nbsp;<\/p>\n","protected":false},"excerpt":{"rendered":"<p>Buenos d\u00edas, amigos de la meteo. Hasta el domingo, no comentar\u00e9 el probable cambio de tiempo en forma de lluvias que algunos modelos dan para finales de la semana que viene. Podr\u00edan ser las lluvias deseadas; cuando est\u00e9 m\u00e1s claro, hablaremos de esto. De cumplirse, llover\u00eda tambi\u00e9n en la zona del Valle del Guadalhorce. Cuando [&hellip;]<\/p>\n","protected":false},"author":16,"featured_media":40041,"comment_status":"open","ping_status":"open","sticky":false,"template":"","format":"standard","meta":[],"categories":[2],"tags":[94,151,269,358,587,809,815,909,1059],"_links":{"self":[{"href":"https:\/\/blogs.diariosur.es\/tormentas-y-rayos\/wp-json\/wp\/v2\/posts\/40013"}],"collection":[{"href":"https:\/\/blogs.diariosur.es\/tormentas-y-rayos\/wp-json\/wp\/v2\/posts"}],"about":[{"href":"https:\/\/blogs.diariosur.es\/tormentas-y-rayos\/wp-json\/wp\/v2\/types\/post"}],"author":[{"embeddable":true,"href":"https:\/\/blogs.diariosur.es\/tormentas-y-rayos\/wp-json\/wp\/v2\/users\/16"}],"replies":[{"embeddable":true,"href":"https:\/\/blogs.diariosur.es\/tormentas-y-rayos\/wp-json\/wp\/v2\/comments?post=40013"}],"version-history":[{"count":7,"href":"https:\/\/blogs.diariosur.es\/tormentas-y-rayos\/wp-json\/wp\/v2\/posts\/40013\/revisions"}],"predecessor-version":[{"id":48327,"href":"https:\/\/blogs.diariosur.es\/tormentas-y-rayos\/wp-json\/wp\/v2\/posts\/40013\/revisions\/48327"}],"wp:featuredmedia":[{"embeddable":true,"href":"https:\/\/blogs.diariosur.es\/tormentas-y-rayos\/wp-json\/wp\/v2\/media\/40041"}],"wp:attachment":[{"href":"https:\/\/blogs.diariosur.es\/tormentas-y-rayos\/wp-json\/wp\/v2\/media?parent=40013"}],"wp:term":[{"taxonomy":"category","embeddable":true,"href":"https:\/\/blogs.diariosur.es\/tormentas-y-rayos\/wp-json\/wp\/v2\/categories?post=40013"},{"taxonomy":"post_tag","embeddable":true,"href":"https:\/\/blogs.diariosur.es\/tormentas-y-rayos\/wp-json\/wp\/v2\/tags?post=40013"}],"curies":[{"name":"wp","href":"https:\/\/api.w.org\/{rel}","templated":true}]}}