{"id":40014,"date":"2024-02-29T07:43:11","date_gmt":"2024-02-29T06:43:11","guid":{"rendered":"https:\/\/blogs.diariosur.es\/tormentas-y-rayos\/?p=40014"},"modified":"2025-12-25T19:10:31","modified_gmt":"2025-12-25T18:10:31","slug":"que-bonita-es-malaga-tenemos-de-todo-fotos-de-la-nevada-de-sierra-tejeda-y-nacimiento-de-los-cascajales-en-benaojan","status":"publish","type":"post","link":"https:\/\/blogs.diariosur.es\/tormentas-y-rayos\/2024\/02\/29\/que-bonita-es-malaga-tenemos-de-todo-fotos-de-la-nevada-de-sierra-tejeda-y-nacimiento-de-los-cascajales-en-benaojan\/","title":{"rendered":"Que bonita es M\u00e1laga, tenemos de todo. Fotos de la nevada de Sierra Tejeda y Nacimiento de los Cascajales o de Benaoj\u00e1n"},"content":{"rendered":"<p><a href=\"https:\/\/static-blogs.diariosur.es\/wp-content\/uploads\/sites\/12\/2023\/09\/380274744_10227628075266396_7294227596181000264_n.jpg\"><img loading=\"lazy\" class=\"aligncenter size-thumbnail wp-image-38514\" src=\"https:\/\/static-blogs.diariosur.es\/wp-content\/uploads\/sites\/12\/2023\/09\/380274744_10227628075266396_7294227596181000264_n-150x150.jpg\" alt=\"\" width=\"150\" height=\"150\" \/><\/a><\/p>\n<p data-pm-slice=\"1 1 []\">Buenos d\u00edas, amigos de la meteo. Cuando son las siete de la ma\u00f1ana en M\u00e1laga capital, mi estaci\u00f3n registra 12.8 grados, los cielos est\u00e1n despejados y el viento sopla flojo de terral de invierno. Es muy probable que a partir del mediod\u00eda nuevamente tengamos rachas fuertes. Esta noche o ma\u00f1ana os dar\u00e9 la previsi\u00f3n del primer fin de semana de la primavera.<\/p>\n<p>Mi amigo Antonio Jes\u00fas Galiano, que muchos conoc\u00e9is, estuvo el s\u00e1bado pasado en Sierra Tejeda y ayer en la zona del nacimiento de los Cascajales o Benaojan. Me ha mandado unas fotos preciosas que quiere compartir con todos vosotros. Qu\u00e9 bonita es M\u00e1laga.<\/p>\n<p><strong>Empezamos con Sierra Tejeda.<\/strong><\/p>\n<p>Me comentaba Tony que a partir de los 1400 metros les empez\u00f3 a nevar, cuajando sobre los 1600. Tuvieron rachas de viento muy fuerte y sensaci\u00f3n t\u00e9rmica de fr\u00edo de -10 grados bajo cero. Os recuerdo que Tony es un experto monta\u00f1ero.<\/p>\n<p>&nbsp;<\/p>\n<p>&nbsp;<\/p>\n<p><a href=\"https:\/\/static-blogs.diariosur.es\/wp-content\/uploads\/sites\/12\/2024\/02\/429583229_10228465123912089_1438558600669236488_n-e1709188495333.jpg\"><img loading=\"lazy\" class=\"aligncenter size-full wp-image-40032\" src=\"https:\/\/static-blogs.diariosur.es\/wp-content\/uploads\/sites\/12\/2024\/02\/429583229_10228465123912089_1438558600669236488_n-e1709188495333.jpg\" alt=\"\" width=\"800\" height=\"1067\" \/><\/a><\/p>\n<p>&nbsp;<\/p>\n<p>&nbsp;<\/p>\n<p><a href=\"https:\/\/static-blogs.diariosur.es\/wp-content\/uploads\/sites\/12\/2024\/02\/428700789_10228465172113294_2319699589784522999_n-e1709185588202.jpg\"><img loading=\"lazy\" class=\"aligncenter size-full wp-image-40018\" src=\"https:\/\/static-blogs.diariosur.es\/wp-content\/uploads\/sites\/12\/2024\/02\/428700789_10228465172113294_2319699589784522999_n-e1709185588202.jpg\" alt=\"\" width=\"1200\" height=\"900\" \/><\/a><\/p>\n<p>&nbsp;<\/p>\n<p><a href=\"https:\/\/static-blogs.diariosur.es\/wp-content\/uploads\/sites\/12\/2024\/02\/429570825_10228465173073318_7143709244025782942_n-e1709185621344.jpg\"><img loading=\"lazy\" class=\"aligncenter size-full wp-image-40019\" src=\"https:\/\/static-blogs.diariosur.es\/wp-content\/uploads\/sites\/12\/2024\/02\/429570825_10228465173073318_7143709244025782942_n-e1709185621344.jpg\" alt=\"\" width=\"900\" height=\"1047\" \/><\/a><\/p>\n<p>&nbsp;<\/p>\n<p><a href=\"https:\/\/static-blogs.diariosur.es\/wp-content\/uploads\/sites\/12\/2024\/02\/429573685_10228465171513279_1085228970654290886_n-e1709185650508.jpg\"><img loading=\"lazy\" class=\"aligncenter size-full wp-image-40020\" src=\"https:\/\/static-blogs.diariosur.es\/wp-content\/uploads\/sites\/12\/2024\/02\/429573685_10228465171513279_1085228970654290886_n-e1709185650508.jpg\" alt=\"\" width=\"1200\" height=\"901\" \/><\/a><\/p>\n<p>&nbsp;<\/p>\n<p><a href=\"https:\/\/static-blogs.diariosur.es\/wp-content\/uploads\/sites\/12\/2024\/02\/429578649_10228465170833262_7808058115182005043_n-e1709185679704.jpg\"><img loading=\"lazy\" class=\"aligncenter size-full wp-image-40021\" src=\"https:\/\/static-blogs.diariosur.es\/wp-content\/uploads\/sites\/12\/2024\/02\/429578649_10228465170833262_7808058115182005043_n-e1709185679704.jpg\" alt=\"\" width=\"600\" height=\"1020\" \/><\/a><\/p>\n<p>&nbsp;<\/p>\n<p><a href=\"https:\/\/static-blogs.diariosur.es\/wp-content\/uploads\/sites\/12\/2024\/02\/429583015_10228465169993241_488427172000467677_n-e1709185709707.jpg\"><img loading=\"lazy\" class=\"aligncenter size-full wp-image-40022\" src=\"https:\/\/static-blogs.diariosur.es\/wp-content\/uploads\/sites\/12\/2024\/02\/429583015_10228465169993241_488427172000467677_n-e1709185709707.jpg\" alt=\"\" width=\"1200\" height=\"901\" \/><\/a><\/p>\n<p>&nbsp;<\/p>\n<p><a href=\"https:\/\/static-blogs.diariosur.es\/wp-content\/uploads\/sites\/12\/2024\/02\/430929858_10228465172673308_2555188048006273223_n-e1709185738470.jpg\"><img loading=\"lazy\" class=\"aligncenter size-full wp-image-40023\" src=\"https:\/\/static-blogs.diariosur.es\/wp-content\/uploads\/sites\/12\/2024\/02\/430929858_10228465172673308_2555188048006273223_n-e1709185738470.jpg\" alt=\"\" width=\"1200\" height=\"900\" \/><\/a><\/p>\n<p>&nbsp;<\/p>\n<p><a href=\"https:\/\/static-blogs.diariosur.es\/wp-content\/uploads\/sites\/12\/2024\/02\/430978506_10228465172353300_400302205550368846_n-e1709185775797.jpg\"><img loading=\"lazy\" class=\"aligncenter size-full wp-image-40024\" src=\"https:\/\/static-blogs.diariosur.es\/wp-content\/uploads\/sites\/12\/2024\/02\/430978506_10228465172353300_400302205550368846_n-e1709185775797.jpg\" alt=\"\" width=\"1200\" height=\"900\" \/><\/a><\/p>\n<p>&nbsp;<\/p>\n<p data-pm-slice=\"1 1 []\">Ayer, D\u00eda de Andaluc\u00eda, se fue con su familia a la otra zona tan bonita de M\u00e1laga, interior m\u00e1s occidental de la provincia, donde en algunas zonas han ca\u00eddo este mes los 150 y 200 litros. Tony me dijo por tel\u00e9fono que esa zona est\u00e1 preciosa.<\/p>\n<p>Os paso algunas fotos.<\/p>\n<p><a href=\"https:\/\/static-blogs.diariosur.es\/wp-content\/uploads\/sites\/12\/2024\/02\/429587409_10228465115351875_4923404925638078721_n-e1709185877493.jpg\"><img loading=\"lazy\" class=\"aligncenter size-full wp-image-40025\" src=\"https:\/\/static-blogs.diariosur.es\/wp-content\/uploads\/sites\/12\/2024\/02\/429587409_10228465115351875_4923404925638078721_n-e1709185877493.jpg\" alt=\"\" width=\"1200\" height=\"901\" \/><\/a><\/p>\n<p>&nbsp;<\/p>\n<p><a href=\"https:\/\/static-blogs.diariosur.es\/wp-content\/uploads\/sites\/12\/2024\/02\/429578740_10228465116791911_2572854899986458042_n-e1709185914421.jpg\"><img loading=\"lazy\" class=\"aligncenter size-full wp-image-40026\" src=\"https:\/\/static-blogs.diariosur.es\/wp-content\/uploads\/sites\/12\/2024\/02\/429578740_10228465116791911_2572854899986458042_n-e1709185914421.jpg\" alt=\"\" width=\"1200\" height=\"900\" \/><\/a><\/p>\n<p>&nbsp;<\/p>\n<p><a href=\"https:\/\/static-blogs.diariosur.es\/wp-content\/uploads\/sites\/12\/2024\/02\/429572171_10228465116551905_6176185314682651494_n-e1709185940109.jpg\"><img loading=\"lazy\" class=\"aligncenter size-full wp-image-40027\" src=\"https:\/\/static-blogs.diariosur.es\/wp-content\/uploads\/sites\/12\/2024\/02\/429572171_10228465116551905_6176185314682651494_n-e1709185940109.jpg\" alt=\"\" width=\"1200\" height=\"900\" \/><\/a><\/p>\n<p>&nbsp;<\/p>\n<p><a href=\"https:\/\/static-blogs.diariosur.es\/wp-content\/uploads\/sites\/12\/2024\/02\/429487513_10228465115671883_5133679910644331933_n-e1709185987274.jpg\"><img loading=\"lazy\" class=\"aligncenter size-full wp-image-40028\" src=\"https:\/\/static-blogs.diariosur.es\/wp-content\/uploads\/sites\/12\/2024\/02\/429487513_10228465115671883_5133679910644331933_n-e1709185987274.jpg\" alt=\"\" width=\"1200\" height=\"786\" \/><\/a><\/p>\n<p>&nbsp;<\/p>\n<p><a href=\"https:\/\/static-blogs.diariosur.es\/wp-content\/uploads\/sites\/12\/2024\/02\/429477318_10228465116271898_4661120664026966420_n-e1709186040863.jpg\"><img loading=\"lazy\" class=\"aligncenter size-full wp-image-40029\" src=\"https:\/\/static-blogs.diariosur.es\/wp-content\/uploads\/sites\/12\/2024\/02\/429477318_10228465116271898_4661120664026966420_n-e1709186040863.jpg\" alt=\"\" width=\"1200\" height=\"799\" \/><\/a><\/p>\n<p>&nbsp;<\/p>\n<p><a href=\"https:\/\/static-blogs.diariosur.es\/wp-content\/uploads\/sites\/12\/2024\/02\/428701041_10228465117111919_4635831182155645552_n-e1709186079359.jpg\"><img loading=\"lazy\" class=\"aligncenter size-full wp-image-40030\" src=\"https:\/\/static-blogs.diariosur.es\/wp-content\/uploads\/sites\/12\/2024\/02\/428701041_10228465117111919_4635831182155645552_n-e1709186079359.jpg\" alt=\"\" width=\"1200\" height=\"900\" \/><\/a><\/p>\n<p>&nbsp;<\/p>\n<p>Espero que os haya gustado, muchas gracias Tony.<\/p>\n","protected":false},"excerpt":{"rendered":"<p>Buenos d\u00edas, amigos de la meteo. Cuando son las siete de la ma\u00f1ana en M\u00e1laga capital, mi estaci\u00f3n registra 12.8 grados, los cielos est\u00e1n despejados y el viento sopla flojo de terral de invierno. Es muy probable que a partir del mediod\u00eda nuevamente tengamos rachas fuertes. Esta noche o ma\u00f1ana os dar\u00e9 la previsi\u00f3n del [&hellip;]<\/p>\n","protected":false},"author":16,"featured_media":40031,"comment_status":"open","ping_status":"open","sticky":false,"template":"","format":"standard","meta":[],"categories":[2],"tags":[175,1885,358,587,909,913,956],"_links":{"self":[{"href":"https:\/\/blogs.diariosur.es\/tormentas-y-rayos\/wp-json\/wp\/v2\/posts\/40014"}],"collection":[{"href":"https:\/\/blogs.diariosur.es\/tormentas-y-rayos\/wp-json\/wp\/v2\/posts"}],"about":[{"href":"https:\/\/blogs.diariosur.es\/tormentas-y-rayos\/wp-json\/wp\/v2\/types\/post"}],"author":[{"embeddable":true,"href":"https:\/\/blogs.diariosur.es\/tormentas-y-rayos\/wp-json\/wp\/v2\/users\/16"}],"replies":[{"embeddable":true,"href":"https:\/\/blogs.diariosur.es\/tormentas-y-rayos\/wp-json\/wp\/v2\/comments?post=40014"}],"version-history":[{"count":7,"href":"https:\/\/blogs.diariosur.es\/tormentas-y-rayos\/wp-json\/wp\/v2\/posts\/40014\/revisions"}],"predecessor-version":[{"id":48326,"href":"https:\/\/blogs.diariosur.es\/tormentas-y-rayos\/wp-json\/wp\/v2\/posts\/40014\/revisions\/48326"}],"wp:featuredmedia":[{"embeddable":true,"href":"https:\/\/blogs.diariosur.es\/tormentas-y-rayos\/wp-json\/wp\/v2\/media\/40031"}],"wp:attachment":[{"href":"https:\/\/blogs.diariosur.es\/tormentas-y-rayos\/wp-json\/wp\/v2\/media?parent=40014"}],"wp:term":[{"taxonomy":"category","embeddable":true,"href":"https:\/\/blogs.diariosur.es\/tormentas-y-rayos\/wp-json\/wp\/v2\/categories?post=40014"},{"taxonomy":"post_tag","embeddable":true,"href":"https:\/\/blogs.diariosur.es\/tormentas-y-rayos\/wp-json\/wp\/v2\/tags?post=40014"}],"curies":[{"name":"wp","href":"https:\/\/api.w.org\/{rel}","templated":true}]}}