{"id":40075,"date":"2024-03-03T08:39:17","date_gmt":"2024-03-03T07:39:17","guid":{"rendered":"https:\/\/blogs.diariosur.es\/tormentas-y-rayos\/?p=40075"},"modified":"2025-12-25T19:17:11","modified_gmt":"2025-12-25T18:17:11","slug":"se-confirma-la-situacion-en-rombo-como-afectara-a-malaga-y-andalucia-la-semana-que-viene-con-los-modelos-actualizados-hoy","status":"publish","type":"post","link":"https:\/\/blogs.diariosur.es\/tormentas-y-rayos\/2024\/03\/03\/se-confirma-la-situacion-en-rombo-como-afectara-a-malaga-y-andalucia-la-semana-que-viene-con-los-modelos-actualizados-hoy\/","title":{"rendered":"Se confirma la situaci\u00f3n en rombo. \u00bfC\u00f3mo afectar\u00e1 a M\u00e1laga y Andaluc\u00eda la semana que viene con los modelos actualizados hoy?"},"content":{"rendered":"<p><a href=\"https:\/\/static-blogs.diariosur.es\/wp-content\/uploads\/sites\/12\/2023\/10\/391553712_10227849747128054_5906882869659171719_n.jpg\"><img loading=\"lazy\" class=\"aligncenter size-thumbnail wp-image-38725\" src=\"https:\/\/static-blogs.diariosur.es\/wp-content\/uploads\/sites\/12\/2023\/10\/391553712_10227849747128054_5906882869659171719_n-150x150.jpg\" alt=\"\" width=\"150\" height=\"150\" \/><\/a><\/p>\n<p data-pm-slice=\"1 1 []\">Buenos d\u00edas, amigos de la meteo. Se cumplieron las previsiones; han ca\u00eddo chubascos d\u00e9biles ayer por la tarde noche y durante esta pasada madrugada; han venido acompa\u00f1ados de rachas fuertes de viento. Os paso algunos acumulados; fuente: Red Hidrosur.<\/p>\n<p>LOS REALES: 6.8 mm<\/p>\n<p>MAJADA DE LAS LOMAS\u00a07.3 mm<\/p>\n<p>PUJERRA\u00a07.3 mm<\/p>\n<p>CUEVAS DEL BECERRO\u00a06.2 mm<\/p>\n<p>EL TORCAL\u00a04,4 mm<\/p>\n<p>CA\u00d1ETE LA REAL\u00a011.6 mm<\/p>\n<p>RONDA\u00a09.9 mm<\/p>\n<p>ALFARNATEJO\u00a08.8 mm<\/p>\n<p>R\u00cdO GUADALTEBA 3.9 mm<\/p>\n<p>Las rachas fuertes de viento ir\u00e1n a menos a partir de las siete de la tarde; ma\u00f1ana lunes no se esperan rachas fuertes.<\/p>\n<h3><strong>Se confirma la situaci\u00f3n en rombo. \u00bfC\u00f3mo afectar\u00e1 a M\u00e1laga y Andaluc\u00eda la semana que viene con los modelos actualizados hoy? <\/strong><\/h3>\n<p>Se confirma el rombo a partir del mi\u00e9rcoles, lo que no est\u00e1 muy claro si traer\u00e1 mucha lluvia a M\u00e1laga y Andaluc\u00eda. El martes veremos los acumulados que se pueden dar a partir del jueves con m\u00e1s seguridad. Hoy os pondr\u00e9 los probables acumulados al final del post con la \u00faltima actualizaci\u00f3n de los modelos; no confirmo nada.<\/p>\n<p>Como s\u00e9 que todos quer\u00e9is saber qu\u00e9 es una situaci\u00f3n en rombo, voy a procurar explicarlo de la forma m\u00e1s sencilla y con mapas. Primero veamos qu\u00e9 es la corriente en chorro o jet stream. Os pego esto de internet.<\/p>\n<p><em>\u00a0<\/em><strong><em>El jet stream es un flujo de vientos del oeste que circula a una altitud superior a los 8.000 metros y a una velocidad que oscila entre los 150 y 600 km\/h. Cuando disminuye su velocidad, las ondulaciones se hacen mayores y se pueden producir profundas vaguadas que a veces ocasionan el fen\u00f3meno conocido como dana. En invierno est\u00e1 situado entre los 30\u00b0 y 45\u00b0 de latitud N; en primavera se desplaza hacia el norte. El jet stream o corriente en chorro determina la circulaci\u00f3n atmosf\u00e9rica de la zona templada; el frente polar es, por ejemplo, el reflejo de esta poderosa corriente.\u00a0<\/em><\/strong><\/p>\n<p>&nbsp;<\/p>\n<p>Podr\u00edamos decir que la corriente en chorro es como una carretera para las borrascas.\u00a0 Hay veces que esta carretera queda cortada, y entonces la corriente en chorro tiene que coger dos caminos para bordearla. Para que lo entend\u00e1is mejor, el jet stream es un r\u00edo; cogemos una piedra grande y la ponemos en medio. Est\u00e1 claro lo que ocurre.<\/p>\n<p>Para que ocurra esto, se tiene que formar un anticicl\u00f3n en todos los niveles acompa\u00f1ado de una burbuja c\u00e1lida, nombre que le puso Mariano Medina al rombo (burbuja c\u00e1lida).<\/p>\n<p>Os pongo un mapa a 500 hpa y otro de anomal\u00edas de temperaturas a 850 hpa.<\/p>\n<p>&nbsp;<\/p>\n<p>&nbsp;<\/p>\n<p>&nbsp;<\/p>\n<p>&nbsp;<\/p>\n<p>&nbsp;<\/p>\n<p><a href=\"https:\/\/static-blogs.diariosur.es\/wp-content\/uploads\/sites\/12\/2024\/03\/ECH1-96.gif\"><img loading=\"lazy\" class=\"aligncenter size-full wp-image-40076\" src=\"https:\/\/static-blogs.diariosur.es\/wp-content\/uploads\/sites\/12\/2024\/03\/ECH1-96.gif\" alt=\"\" width=\"768\" height=\"768\" \/><\/a><\/p>\n<p>&nbsp;<\/p>\n<p>&nbsp;<\/p>\n<p><a href=\"https:\/\/static-blogs.diariosur.es\/wp-content\/uploads\/sites\/12\/2024\/03\/ECH100-96.gif\"><img loading=\"lazy\" class=\"aligncenter size-full wp-image-40077\" src=\"https:\/\/static-blogs.diariosur.es\/wp-content\/uploads\/sites\/12\/2024\/03\/ECH100-96.gif\" alt=\"\" width=\"768\" height=\"768\" \/><\/a><\/p>\n<p>&nbsp;<\/p>\n<p>&nbsp;<\/p>\n<p data-pm-slice=\"1 1 []\">Una vez se ha formado, hay que ir viendo si las borrascas bajan mucho de latitud y entran por la nariz de Portugal, Cabo de San Vicente o Galicia. Con los modelos actualizados hoy domingo, tanto el europeo como el americano sit\u00faan para el jueves una borrasca m\u00e1s arriba de la nariz de Portugal. Para M\u00e1laga, aunque llover\u00eda, no ser\u00edan las lluvias deseadas. De todas formas, hasta el martes no estar\u00e1 claro, como he comentado m\u00e1s arriba.<\/p>\n<p>Os pongo los probables acumulados desde el jueves al s\u00e1bado del modelo europeo y americano, <strong>si se da esta situaci\u00f3n de borrascas al oeste de Galicia.\u00a0<\/strong><\/p>\n<p>Si os fij\u00e1is, los dos modelos son muy parecidos; los acumulados en la provincia de M\u00e1laga rondar\u00edan entre los 25 y 50 litros de la zona m\u00e1s occidental.<\/p>\n<p>MODELO EUROPEO ANDALUC\u00cdA<\/p>\n<p>&nbsp;<\/p>\n<p>&nbsp;<\/p>\n<p><a href=\"https:\/\/static-blogs.diariosur.es\/wp-content\/uploads\/sites\/12\/2024\/03\/ANDALUCIA-EUROPEO.jpg\"><img loading=\"lazy\" class=\"aligncenter size-full wp-image-40078\" src=\"https:\/\/static-blogs.diariosur.es\/wp-content\/uploads\/sites\/12\/2024\/03\/ANDALUCIA-EUROPEO.jpg\" alt=\"\" width=\"765\" height=\"782\" srcset=\"https:\/\/static-blogs.diariosur.es\/wp-content\/uploads\/sites\/12\/2024\/03\/ANDALUCIA-EUROPEO.jpg 765w, https:\/\/static-blogs.diariosur.es\/wp-content\/uploads\/sites\/12\/2024\/03\/ANDALUCIA-EUROPEO-391x400.jpg 391w\" sizes=\"(max-width: 765px) 100vw, 765px\" \/><\/a><\/p>\n<p>MODELO EUROPEO M\u00c1LAGA<\/p>\n<p>&nbsp;<\/p>\n<p><a href=\"https:\/\/static-blogs.diariosur.es\/wp-content\/uploads\/sites\/12\/2024\/03\/MALAGA-EUROPEO.jpg\"><img loading=\"lazy\" class=\"aligncenter size-full wp-image-40079\" src=\"https:\/\/static-blogs.diariosur.es\/wp-content\/uploads\/sites\/12\/2024\/03\/MALAGA-EUROPEO.jpg\" alt=\"\" width=\"761\" height=\"788\" srcset=\"https:\/\/static-blogs.diariosur.es\/wp-content\/uploads\/sites\/12\/2024\/03\/MALAGA-EUROPEO.jpg 761w, https:\/\/static-blogs.diariosur.es\/wp-content\/uploads\/sites\/12\/2024\/03\/MALAGA-EUROPEO-386x400.jpg 386w\" sizes=\"(max-width: 761px) 100vw, 761px\" \/><\/a><\/p>\n<p>MODELO AMERICANO ANDALUC\u00cdA<\/p>\n<p>&nbsp;<\/p>\n<p><a href=\"https:\/\/static-blogs.diariosur.es\/wp-content\/uploads\/sites\/12\/2024\/03\/ANDALUC\u00cdA-AMERICANO.jpg\"><img loading=\"lazy\" class=\"aligncenter size-full wp-image-40080\" src=\"https:\/\/static-blogs.diariosur.es\/wp-content\/uploads\/sites\/12\/2024\/03\/ANDALUC\u00cdA-AMERICANO.jpg\" alt=\"\" width=\"761\" height=\"785\" srcset=\"https:\/\/static-blogs.diariosur.es\/wp-content\/uploads\/sites\/12\/2024\/03\/ANDALUC\u00cdA-AMERICANO.jpg 761w, https:\/\/static-blogs.diariosur.es\/wp-content\/uploads\/sites\/12\/2024\/03\/ANDALUC\u00cdA-AMERICANO-388x400.jpg 388w\" sizes=\"(max-width: 761px) 100vw, 761px\" \/><\/a><\/p>\n<p>&nbsp;<\/p>\n<p>MODELO AMERICANO M\u00c1LAGA<\/p>\n<p>&nbsp;<\/p>\n<p><a href=\"https:\/\/static-blogs.diariosur.es\/wp-content\/uploads\/sites\/12\/2024\/03\/MALAGA-AMERICANO.jpg\"><img loading=\"lazy\" class=\"aligncenter size-full wp-image-40081\" src=\"https:\/\/static-blogs.diariosur.es\/wp-content\/uploads\/sites\/12\/2024\/03\/MALAGA-AMERICANO.jpg\" alt=\"\" width=\"762\" height=\"780\" srcset=\"https:\/\/static-blogs.diariosur.es\/wp-content\/uploads\/sites\/12\/2024\/03\/MALAGA-AMERICANO.jpg 762w, https:\/\/static-blogs.diariosur.es\/wp-content\/uploads\/sites\/12\/2024\/03\/MALAGA-AMERICANO-391x400.jpg 391w\" sizes=\"(max-width: 762px) 100vw, 762px\" \/><\/a><\/p>\n<p>&nbsp;<\/p>\n<p>Ma\u00f1ana lunes veremos si se produce el milagro y las borrascas bajan m\u00e1s de latitud.<\/p>\n<p>&nbsp;<\/p>\n<p><a href=\"https:\/\/static-blogs.diariosur.es\/wp-content\/uploads\/sites\/12\/2024\/03\/DSC_4076.jpg\"><img loading=\"lazy\" class=\"aligncenter size-full wp-image-40082\" src=\"https:\/\/static-blogs.diariosur.es\/wp-content\/uploads\/sites\/12\/2024\/03\/DSC_4076-e1709450922641.jpg\" alt=\"\" width=\"1200\" height=\"800\" \/><\/a><\/p>\n<p>&nbsp;<\/p>\n<p>&nbsp;<\/p>\n","protected":false},"excerpt":{"rendered":"<p>Buenos d\u00edas, amigos de la meteo. Se cumplieron las previsiones; han ca\u00eddo chubascos d\u00e9biles ayer por la tarde noche y durante esta pasada madrugada; han venido acompa\u00f1ados de rachas fuertes de viento. Os paso algunos acumulados; fuente: Red Hidrosur. LOS REALES: 6.8 mm MAJADA DE LAS LOMAS\u00a07.3 mm PUJERRA\u00a07.3 mm CUEVAS DEL BECERRO\u00a06.2 mm EL [&hellip;]<\/p>\n","protected":false},"author":16,"featured_media":40082,"comment_status":"open","ping_status":"open","sticky":false,"template":"","format":"standard","meta":[],"categories":[2],"tags":[100,358,569,587,800,873,909],"_links":{"self":[{"href":"https:\/\/blogs.diariosur.es\/tormentas-y-rayos\/wp-json\/wp\/v2\/posts\/40075"}],"collection":[{"href":"https:\/\/blogs.diariosur.es\/tormentas-y-rayos\/wp-json\/wp\/v2\/posts"}],"about":[{"href":"https:\/\/blogs.diariosur.es\/tormentas-y-rayos\/wp-json\/wp\/v2\/types\/post"}],"author":[{"embeddable":true,"href":"https:\/\/blogs.diariosur.es\/tormentas-y-rayos\/wp-json\/wp\/v2\/users\/16"}],"replies":[{"embeddable":true,"href":"https:\/\/blogs.diariosur.es\/tormentas-y-rayos\/wp-json\/wp\/v2\/comments?post=40075"}],"version-history":[{"count":4,"href":"https:\/\/blogs.diariosur.es\/tormentas-y-rayos\/wp-json\/wp\/v2\/posts\/40075\/revisions"}],"predecessor-version":[{"id":48329,"href":"https:\/\/blogs.diariosur.es\/tormentas-y-rayos\/wp-json\/wp\/v2\/posts\/40075\/revisions\/48329"}],"wp:featuredmedia":[{"embeddable":true,"href":"https:\/\/blogs.diariosur.es\/tormentas-y-rayos\/wp-json\/wp\/v2\/media\/40082"}],"wp:attachment":[{"href":"https:\/\/blogs.diariosur.es\/tormentas-y-rayos\/wp-json\/wp\/v2\/media?parent=40075"}],"wp:term":[{"taxonomy":"category","embeddable":true,"href":"https:\/\/blogs.diariosur.es\/tormentas-y-rayos\/wp-json\/wp\/v2\/categories?post=40075"},{"taxonomy":"post_tag","embeddable":true,"href":"https:\/\/blogs.diariosur.es\/tormentas-y-rayos\/wp-json\/wp\/v2\/tags?post=40075"}],"curies":[{"name":"wp","href":"https:\/\/api.w.org\/{rel}","templated":true}]}}