{"id":40085,"date":"2024-03-04T08:17:46","date_gmt":"2024-03-04T07:17:46","guid":{"rendered":"https:\/\/blogs.diariosur.es\/tormentas-y-rayos\/?p=40085"},"modified":"2025-11-25T18:56:32","modified_gmt":"2025-11-25T17:56:32","slug":"el-tiempo-en-malaga-y-andalucia-de-momento-malas-y-buenas-noticias-en-acumulados-de-lluvias","status":"publish","type":"post","link":"https:\/\/blogs.diariosur.es\/tormentas-y-rayos\/2024\/03\/04\/el-tiempo-en-malaga-y-andalucia-de-momento-malas-y-buenas-noticias-en-acumulados-de-lluvias\/","title":{"rendered":"El tiempo en M\u00e1laga y Andaluc\u00eda. De momento malas y buenas noticias en acumulados de lluvias."},"content":{"rendered":"<p><a href=\"https:\/\/static-blogs.diariosur.es\/wp-content\/uploads\/sites\/12\/2023\/10\/243418660_10223324765526342_8448445083528661051_n.jpg\"><img loading=\"lazy\" class=\"aligncenter size-thumbnail wp-image-38644\" src=\"https:\/\/static-blogs.diariosur.es\/wp-content\/uploads\/sites\/12\/2023\/10\/243418660_10223324765526342_8448445083528661051_n-150x150.jpg\" alt=\"\" width=\"150\" height=\"150\" \/><\/a><\/p>\n<p data-pm-slice=\"1 1 []\">Buenos d\u00edas, amigos de la meteo. Cuando son las siete y media de la ma\u00f1ana en M\u00e1laga capital, la estaci\u00f3n del aeropuerto registra 11,2 grados, los cielos est\u00e1n algo nubosos y sopla viento de terral flojo. Hoy podemos dar una m\u00e1xima en M\u00e1laga capital de 21 grados; en las dem\u00e1s zonas de la provincia, entre los 14 y 22 grados. Hoy cruzar\u00e1 nuestra comunidad un frente muy debilitado; en la provincia de M\u00e1laga apenas dejar\u00e1 unas gotas. Por la tarde nuevamente tendremos rachas de moderadas a fuertes en algunas zonas de la provincia.<\/p>\n<h3><strong>De momento, malas y buenas noticias en acumulados de lluvias.<\/strong><\/h3>\n<p>La mala noticia.<\/p>\n<p>Ayer os comentaba que para que Andaluc\u00eda y la provincia malague\u00f1a se dieran m\u00e1s acumulados de precipitaci\u00f3n, las dos borrascas que se esperan el jueves y el s\u00e1bado tendr\u00edan que estar situadas\u00a0en el Cabo de San Vicente o en la nariz de Portugal. Con los modelos actualizados hoy lunes, la del jueves la sit\u00faan un poco m\u00e1s arriba de la nariz de Portugal y la que se espera el s\u00e1bado m\u00e1s arriba de Galicia, aunque tambi\u00e9n nos afectar\u00eda, incluso curiosamente m\u00e1s. Esto ser\u00eda<\/p>\n<p>La buena noticia es que llover\u00eda en todos los embalses de la provincia.<\/p>\n<p>Os paso primeramente los mapas a 500 hpa, previstos para el jueves y el s\u00e1bado. Y a continuaci\u00f3n los acumulados.<\/p>\n<p><strong>JUEVES<\/strong><\/p>\n<p>&nbsp;<\/p>\n<p>&nbsp;<\/p>\n<p>&nbsp;<\/p>\n<p><a href=\"https:\/\/static-blogs.diariosur.es\/wp-content\/uploads\/sites\/12\/2024\/03\/jueves.jpg\"><img loading=\"lazy\" class=\"aligncenter size-full wp-image-40086\" src=\"https:\/\/static-blogs.diariosur.es\/wp-content\/uploads\/sites\/12\/2024\/03\/jueves.jpg\" alt=\"\" width=\"758\" height=\"786\" srcset=\"https:\/\/static-blogs.diariosur.es\/wp-content\/uploads\/sites\/12\/2024\/03\/jueves.jpg 758w, https:\/\/static-blogs.diariosur.es\/wp-content\/uploads\/sites\/12\/2024\/03\/jueves-386x400.jpg 386w\" sizes=\"(max-width: 758px) 100vw, 758px\" \/><\/a><\/p>\n<p><strong>S\u00c1BADO<\/strong><\/p>\n<p>&nbsp;<\/p>\n<p><a href=\"https:\/\/static-blogs.diariosur.es\/wp-content\/uploads\/sites\/12\/2024\/03\/sabado-1.jpg\"><img loading=\"lazy\" class=\"aligncenter size-full wp-image-40087\" src=\"https:\/\/static-blogs.diariosur.es\/wp-content\/uploads\/sites\/12\/2024\/03\/sabado-1.jpg\" alt=\"\" width=\"764\" height=\"785\" srcset=\"https:\/\/static-blogs.diariosur.es\/wp-content\/uploads\/sites\/12\/2024\/03\/sabado-1.jpg 764w, https:\/\/static-blogs.diariosur.es\/wp-content\/uploads\/sites\/12\/2024\/03\/sabado-1-389x400.jpg 389w\" sizes=\"(max-width: 764px) 100vw, 764px\" \/><\/a><\/p>\n<p><span style=\"color: #0000ff;\"><strong>Acumulados de precipitaci\u00f3n entre el jueves y primeras horas del de la ma\u00f1ana del viernes. Os lo pongo en litros que lo veris mejor.<\/strong><\/span><\/p>\n<p>&nbsp;<\/p>\n<p><a href=\"https:\/\/static-blogs.diariosur.es\/wp-content\/uploads\/sites\/12\/2024\/03\/viernes.jpg\"><img loading=\"lazy\" class=\"aligncenter size-full wp-image-40088\" src=\"https:\/\/static-blogs.diariosur.es\/wp-content\/uploads\/sites\/12\/2024\/03\/viernes.jpg\" alt=\"\" width=\"767\" height=\"786\" srcset=\"https:\/\/static-blogs.diariosur.es\/wp-content\/uploads\/sites\/12\/2024\/03\/viernes.jpg 767w, https:\/\/static-blogs.diariosur.es\/wp-content\/uploads\/sites\/12\/2024\/03\/viernes-390x400.jpg 390w\" sizes=\"(max-width: 767px) 100vw, 767px\" \/><\/a><\/p>\n<p><span style=\"color: #0000ff;\"><strong>Acumulados s\u00e1bado\u00a0<\/strong><\/span><\/p>\n<p><a href=\"https:\/\/static-blogs.diariosur.es\/wp-content\/uploads\/sites\/12\/2024\/03\/sabado-1-1.jpg\"><img loading=\"lazy\" class=\"aligncenter size-full wp-image-40089\" src=\"https:\/\/static-blogs.diariosur.es\/wp-content\/uploads\/sites\/12\/2024\/03\/sabado-1-1.jpg\" alt=\"\" width=\"757\" height=\"792\" srcset=\"https:\/\/static-blogs.diariosur.es\/wp-content\/uploads\/sites\/12\/2024\/03\/sabado-1-1.jpg 757w, https:\/\/static-blogs.diariosur.es\/wp-content\/uploads\/sites\/12\/2024\/03\/sabado-1-1-382x400.jpg 382w\" sizes=\"(max-width: 757px) 100vw, 757px\" \/><\/a><\/p>\n<p>&nbsp;<\/p>\n<p data-pm-slice=\"1 1 []\">De cumplirse esto no estar\u00eda mal, amigos de la meteo. Pero perdemos una oportunidad muy buena que lo mismo ya no se repite.<\/p>\n<p>Os paso a continuaci\u00f3n el probable acumulado de los tres d\u00edas de la provincia de M\u00e1laga y Andaluc\u00eda.<\/p>\n<p>Si os fij\u00e1is, entre los 30 y 60 litros en nuestra provincia.<\/p>\n<p>&nbsp;<\/p>\n<p>&nbsp;<\/p>\n<p><a href=\"https:\/\/static-blogs.diariosur.es\/wp-content\/uploads\/sites\/12\/2024\/03\/Captura-de-pantalla-2024-03-04-080736.jpg\"><img loading=\"lazy\" class=\"aligncenter size-full wp-image-40090\" src=\"https:\/\/static-blogs.diariosur.es\/wp-content\/uploads\/sites\/12\/2024\/03\/Captura-de-pantalla-2024-03-04-080736.jpg\" alt=\"\" width=\"766\" height=\"787\" srcset=\"https:\/\/static-blogs.diariosur.es\/wp-content\/uploads\/sites\/12\/2024\/03\/Captura-de-pantalla-2024-03-04-080736.jpg 766w, https:\/\/static-blogs.diariosur.es\/wp-content\/uploads\/sites\/12\/2024\/03\/Captura-de-pantalla-2024-03-04-080736-389x400.jpg 389w\" sizes=\"(max-width: 766px) 100vw, 766px\" \/><\/a><\/p>\n<p>&nbsp;<\/p>\n<h3><span style=\"color: #0000ff;\"><strong>Acumulados Andaluc\u00eda.<\/strong><\/span><\/h3>\n<p>&nbsp;<\/p>\n<p><a href=\"https:\/\/static-blogs.diariosur.es\/wp-content\/uploads\/sites\/12\/2024\/03\/Captura-de-pantalla-2024-03-04-081107.jpg\"><img loading=\"lazy\" class=\"aligncenter size-full wp-image-40091\" src=\"https:\/\/static-blogs.diariosur.es\/wp-content\/uploads\/sites\/12\/2024\/03\/Captura-de-pantalla-2024-03-04-081107.jpg\" alt=\"\" width=\"765\" height=\"791\" srcset=\"https:\/\/static-blogs.diariosur.es\/wp-content\/uploads\/sites\/12\/2024\/03\/Captura-de-pantalla-2024-03-04-081107.jpg 765w, https:\/\/static-blogs.diariosur.es\/wp-content\/uploads\/sites\/12\/2024\/03\/Captura-de-pantalla-2024-03-04-081107-387x400.jpg 387w\" sizes=\"(max-width: 765px) 100vw, 765px\" \/><\/a><\/p>\n<p>Nos vemos ma\u00f1ana con los modelos actualizados, espero que no cambien a peor.<\/p>\n","protected":false},"excerpt":{"rendered":"<p>Buenos d\u00edas, amigos de la meteo. Cuando son las siete y media de la ma\u00f1ana en M\u00e1laga capital, la estaci\u00f3n del aeropuerto registra 11,2 grados, los cielos est\u00e1n algo nubosos y sopla viento de terral flojo. Hoy podemos dar una m\u00e1xima en M\u00e1laga capital de 21 grados; en las dem\u00e1s zonas de la provincia, entre [&hellip;]<\/p>\n","protected":false},"author":16,"featured_media":40092,"comment_status":"open","ping_status":"open","sticky":false,"template":"","format":"standard","meta":[],"categories":[2],"tags":[100,188,358,569,587,800,909],"_links":{"self":[{"href":"https:\/\/blogs.diariosur.es\/tormentas-y-rayos\/wp-json\/wp\/v2\/posts\/40085"}],"collection":[{"href":"https:\/\/blogs.diariosur.es\/tormentas-y-rayos\/wp-json\/wp\/v2\/posts"}],"about":[{"href":"https:\/\/blogs.diariosur.es\/tormentas-y-rayos\/wp-json\/wp\/v2\/types\/post"}],"author":[{"embeddable":true,"href":"https:\/\/blogs.diariosur.es\/tormentas-y-rayos\/wp-json\/wp\/v2\/users\/16"}],"replies":[{"embeddable":true,"href":"https:\/\/blogs.diariosur.es\/tormentas-y-rayos\/wp-json\/wp\/v2\/comments?post=40085"}],"version-history":[{"count":3,"href":"https:\/\/blogs.diariosur.es\/tormentas-y-rayos\/wp-json\/wp\/v2\/posts\/40085\/revisions"}],"predecessor-version":[{"id":47964,"href":"https:\/\/blogs.diariosur.es\/tormentas-y-rayos\/wp-json\/wp\/v2\/posts\/40085\/revisions\/47964"}],"wp:featuredmedia":[{"embeddable":true,"href":"https:\/\/blogs.diariosur.es\/tormentas-y-rayos\/wp-json\/wp\/v2\/media\/40092"}],"wp:attachment":[{"href":"https:\/\/blogs.diariosur.es\/tormentas-y-rayos\/wp-json\/wp\/v2\/media?parent=40085"}],"wp:term":[{"taxonomy":"category","embeddable":true,"href":"https:\/\/blogs.diariosur.es\/tormentas-y-rayos\/wp-json\/wp\/v2\/categories?post=40085"},{"taxonomy":"post_tag","embeddable":true,"href":"https:\/\/blogs.diariosur.es\/tormentas-y-rayos\/wp-json\/wp\/v2\/tags?post=40085"}],"curies":[{"name":"wp","href":"https:\/\/api.w.org\/{rel}","templated":true}]}}