{"id":40094,"date":"2024-03-05T07:38:32","date_gmt":"2024-03-05T06:38:32","guid":{"rendered":"https:\/\/blogs.diariosur.es\/tormentas-y-rayos\/?p=40094"},"modified":"2025-11-25T18:54:49","modified_gmt":"2025-11-25T17:54:49","slug":"acumulados-de-precipitacion-dia-siete-en-la-provincia-de-malaga-probabilidad-de-nevadas-en-la-sierra-de-las-nieves-y-sierra-tejeda","status":"publish","type":"post","link":"https:\/\/blogs.diariosur.es\/tormentas-y-rayos\/2024\/03\/05\/acumulados-de-precipitacion-dia-siete-en-la-provincia-de-malaga-probabilidad-de-nevadas-en-la-sierra-de-las-nieves-y-sierra-tejeda\/","title":{"rendered":"Acumulados de precipitaci\u00f3n d\u00eda siete en la provincia de M\u00e1laga. Probabilidad de nevadas en la Sierra de las Nieves y Sierra Tejeda."},"content":{"rendered":"<p><a href=\"https:\/\/static-blogs.diariosur.es\/wp-content\/uploads\/sites\/12\/2023\/10\/243418660_10223324765526342_8448445083528661051_n.jpg\"><img loading=\"lazy\" class=\"aligncenter size-thumbnail wp-image-38644\" src=\"https:\/\/static-blogs.diariosur.es\/wp-content\/uploads\/sites\/12\/2023\/10\/243418660_10223324765526342_8448445083528661051_n-150x150.jpg\" alt=\"\" width=\"150\" height=\"150\" \/><\/a><\/p>\n<p>&nbsp;<\/p>\n<p data-pm-slice=\"1 1 []\">Buenos d\u00edas, amigos de la meteo. Se confirma la posici\u00f3n de la borrasca para el jueves d\u00eda siete al oeste de Galicia, como pod\u00e9is ver en este mapa de superficie de la AEMET. Qu\u00e9 pena que no baje m\u00e1s.<\/p>\n<p>&nbsp;<\/p>\n<p><a href=\"https:\/\/static-blogs.diariosur.es\/wp-content\/uploads\/sites\/12\/2024\/03\/2024030412072_ww_g1x0a2d3-e1709618223349.gif\"><img loading=\"lazy\" class=\"aligncenter size-full wp-image-40095\" src=\"https:\/\/static-blogs.diariosur.es\/wp-content\/uploads\/sites\/12\/2024\/03\/2024030412072_ww_g1x0a2d3-e1709618223349.gif\" alt=\"\" width=\"800\" height=\"560\" \/><\/a><\/p>\n<p>El frente fr\u00edo que le acompa\u00f1a, dejar\u00e1 precipitaciones irregulares en toda la provincia malague\u00f1a. Hay probabilidad de que sean de nieve\u00a0Sierra Tejeda y Sierra de las Nieves, a partir de 1700 metros. No la hemos visto apenas con nieve en el invierno y la veremos en la primavera meteorol\u00f3gica estos d\u00edas.<\/p>\n<p>Os paso los acumulados que prev\u00e9n los modelos europeo y americano en la provincia de M\u00e1laga para el jueves, no se espera gran cosa. Al igual que en el resto de Andaluc\u00eda.<\/p>\n<p>&nbsp;<\/p>\n<p><a href=\"https:\/\/static-blogs.diariosur.es\/wp-content\/uploads\/sites\/12\/2024\/03\/americano-andaluc\u00eda.jpg\"><img loading=\"lazy\" class=\"aligncenter size-full wp-image-40096\" src=\"https:\/\/static-blogs.diariosur.es\/wp-content\/uploads\/sites\/12\/2024\/03\/americano-andaluc\u00eda.jpg\" alt=\"\" width=\"768\" height=\"789\" srcset=\"https:\/\/static-blogs.diariosur.es\/wp-content\/uploads\/sites\/12\/2024\/03\/americano-andaluc\u00eda.jpg 768w, https:\/\/static-blogs.diariosur.es\/wp-content\/uploads\/sites\/12\/2024\/03\/americano-andaluc\u00eda-389x400.jpg 389w\" sizes=\"(max-width: 768px) 100vw, 768px\" \/><\/a><\/p>\n<p>&nbsp;<\/p>\n<p><a href=\"https:\/\/static-blogs.diariosur.es\/wp-content\/uploads\/sites\/12\/2024\/03\/europeo-andaluc\u00eda.jpg\"><img loading=\"lazy\" class=\"aligncenter size-full wp-image-40097\" src=\"https:\/\/static-blogs.diariosur.es\/wp-content\/uploads\/sites\/12\/2024\/03\/europeo-andaluc\u00eda.jpg\" alt=\"\" width=\"764\" height=\"790\" srcset=\"https:\/\/static-blogs.diariosur.es\/wp-content\/uploads\/sites\/12\/2024\/03\/europeo-andaluc\u00eda.jpg 764w, https:\/\/static-blogs.diariosur.es\/wp-content\/uploads\/sites\/12\/2024\/03\/europeo-andaluc\u00eda-387x400.jpg 387w\" sizes=\"(max-width: 764px) 100vw, 764px\" \/><\/a><\/p>\n<p>&nbsp;<\/p>\n<p>Esperemos que el s\u00e1bado las lluvias sean m\u00e1s generosas en la provincia de M\u00e1laga, tendremos vientos m\u00e1s llovedores.<\/p>\n<p>Os dejo con este fot\u00f3n de mi amigo Crist\u00f3bal Gambero en Mijas Pueblo.<\/p>\n<p>&nbsp;<\/p>\n<p><a href=\"https:\/\/static-blogs.diariosur.es\/wp-content\/uploads\/sites\/12\/2024\/03\/431151597_7164060386976227_7779653616237949295_n.jpg\"><img loading=\"lazy\" class=\"aligncenter size-full wp-image-40098\" src=\"https:\/\/static-blogs.diariosur.es\/wp-content\/uploads\/sites\/12\/2024\/03\/431151597_7164060386976227_7779653616237949295_n.jpg\" alt=\"\" width=\"1200\" height=\"675\" srcset=\"https:\/\/static-blogs.diariosur.es\/wp-content\/uploads\/sites\/12\/2024\/03\/431151597_7164060386976227_7779653616237949295_n.jpg 1200w, https:\/\/static-blogs.diariosur.es\/wp-content\/uploads\/sites\/12\/2024\/03\/431151597_7164060386976227_7779653616237949295_n-640x360.jpg 640w, https:\/\/static-blogs.diariosur.es\/wp-content\/uploads\/sites\/12\/2024\/03\/431151597_7164060386976227_7779653616237949295_n-768x432.jpg 768w\" sizes=\"(max-width: 1200px) 100vw, 1200px\" \/><\/a><\/p>\n","protected":false},"excerpt":{"rendered":"<p>&nbsp; Buenos d\u00edas, amigos de la meteo. Se confirma la posici\u00f3n de la borrasca para el jueves d\u00eda siete al oeste de Galicia, como pod\u00e9is ver en este mapa de superficie de la AEMET. Qu\u00e9 pena que no baje m\u00e1s. &nbsp; El frente fr\u00edo que le acompa\u00f1a, dejar\u00e1 precipitaciones irregulares en toda la provincia malague\u00f1a. [&hellip;]<\/p>\n","protected":false},"author":16,"featured_media":40098,"comment_status":"open","ping_status":"open","sticky":false,"template":"","format":"standard","meta":[],"categories":[2],"tags":[188,358,569,587,800,909],"_links":{"self":[{"href":"https:\/\/blogs.diariosur.es\/tormentas-y-rayos\/wp-json\/wp\/v2\/posts\/40094"}],"collection":[{"href":"https:\/\/blogs.diariosur.es\/tormentas-y-rayos\/wp-json\/wp\/v2\/posts"}],"about":[{"href":"https:\/\/blogs.diariosur.es\/tormentas-y-rayos\/wp-json\/wp\/v2\/types\/post"}],"author":[{"embeddable":true,"href":"https:\/\/blogs.diariosur.es\/tormentas-y-rayos\/wp-json\/wp\/v2\/users\/16"}],"replies":[{"embeddable":true,"href":"https:\/\/blogs.diariosur.es\/tormentas-y-rayos\/wp-json\/wp\/v2\/comments?post=40094"}],"version-history":[{"count":3,"href":"https:\/\/blogs.diariosur.es\/tormentas-y-rayos\/wp-json\/wp\/v2\/posts\/40094\/revisions"}],"predecessor-version":[{"id":47962,"href":"https:\/\/blogs.diariosur.es\/tormentas-y-rayos\/wp-json\/wp\/v2\/posts\/40094\/revisions\/47962"}],"wp:featuredmedia":[{"embeddable":true,"href":"https:\/\/blogs.diariosur.es\/tormentas-y-rayos\/wp-json\/wp\/v2\/media\/40098"}],"wp:attachment":[{"href":"https:\/\/blogs.diariosur.es\/tormentas-y-rayos\/wp-json\/wp\/v2\/media?parent=40094"}],"wp:term":[{"taxonomy":"category","embeddable":true,"href":"https:\/\/blogs.diariosur.es\/tormentas-y-rayos\/wp-json\/wp\/v2\/categories?post=40094"},{"taxonomy":"post_tag","embeddable":true,"href":"https:\/\/blogs.diariosur.es\/tormentas-y-rayos\/wp-json\/wp\/v2\/tags?post=40094"}],"curies":[{"name":"wp","href":"https:\/\/api.w.org\/{rel}","templated":true}]}}