{"id":40104,"date":"2024-03-07T08:42:09","date_gmt":"2024-03-07T07:42:09","guid":{"rendered":"https:\/\/blogs.diariosur.es\/tormentas-y-rayos\/?p=40104"},"modified":"2025-12-25T19:21:35","modified_gmt":"2025-12-25T18:21:35","slug":"muy-buena-noticia-para-malaga-acumulados-desde-hoy-jueves-al-sabado-cuatro-de-la-tarde-probables-avisos-por-lluvias","status":"publish","type":"post","link":"https:\/\/blogs.diariosur.es\/tormentas-y-rayos\/2024\/03\/07\/muy-buena-noticia-para-malaga-acumulados-desde-hoy-jueves-al-sabado-cuatro-de-la-tarde-probables-avisos-por-lluvias\/","title":{"rendered":"Muy buena noticia para M\u00e1laga. Acumulados desde hoy jueves al s\u00e1bado cuatro de la tarde. Probables avisos por lluvias"},"content":{"rendered":"<p><a href=\"https:\/\/static-blogs.diariosur.es\/wp-content\/uploads\/sites\/12\/2023\/10\/243418660_10223324765526342_8448445083528661051_n.jpg\"><img loading=\"lazy\" class=\"aligncenter size-thumbnail wp-image-38644\" src=\"https:\/\/static-blogs.diariosur.es\/wp-content\/uploads\/sites\/12\/2023\/10\/243418660_10223324765526342_8448445083528661051_n-150x150.jpg\" alt=\"\" width=\"150\" height=\"150\" \/><\/a><\/p>\n<p data-pm-slice=\"1 1 []\">Muy buenos d\u00edas, amigos de la meteo. Cuando son las ocho de la ma\u00f1ana en M\u00e1laga capital, mi estaci\u00f3n registra 13.8 grados, los cielos est\u00e1n nubosos, la humedad ronda el 80% y el viento de momento sopla flojo de suroeste.<\/p>\n<p>En esta imagen en infrarrojo del sat\u00e9lite Eumetsat, pod\u00e9is ver el frente fr\u00edo que ya afecta a la provincia de Huelva. A la provincia de M\u00e1laga llegar\u00e1 a partir del mediod\u00eda; en la capital lo espero a partir de las 15:00 horas, o un poco m\u00e1s tarde; todo depender\u00e1 de si se adelanta o no. Una vez pase, se abrir\u00e1n claros.<\/p>\n<p>&nbsp;<\/p>\n<p><a href=\"https:\/\/static-blogs.diariosur.es\/wp-content\/uploads\/sites\/12\/2024\/03\/webexterna_ColorIR87_06-00.jpg\"><img loading=\"lazy\" class=\"aligncenter size-full wp-image-40105\" src=\"https:\/\/static-blogs.diariosur.es\/wp-content\/uploads\/sites\/12\/2024\/03\/webexterna_ColorIR87_06-00.jpg\" alt=\"\" width=\"677\" height=\"420\" srcset=\"https:\/\/static-blogs.diariosur.es\/wp-content\/uploads\/sites\/12\/2024\/03\/webexterna_ColorIR87_06-00.jpg 677w, https:\/\/static-blogs.diariosur.es\/wp-content\/uploads\/sites\/12\/2024\/03\/webexterna_ColorIR87_06-00-640x397.jpg 640w\" sizes=\"(max-width: 677px) 100vw, 677px\" \/><\/a><\/p>\n<p>&nbsp;<\/p>\n<p>&nbsp;<\/p>\n<p data-pm-slice=\"1 1 []\">El viernes tambi\u00e9n se esperan algunos chubascos, sobre todo a partir de la tarde noche, pero cuando m\u00e1s precipitaci\u00f3n se puede dar ser\u00e1 durante la madrugada del s\u00e1bado y primeras horas de la ma\u00f1ana. Las nevadas tambi\u00e9n ser\u00e1n protagonistas en la Sierra de las Nieves y Sierra Tejeda. De momento solo hay avisos activos por fen\u00f3menos costeros y viento en nuestra comunidad, pero es muy probable que en nuevas actualizaciones de la AEMET se activen amarillos e incluso naranjas por lluvias en las provincias de M\u00e1laga y Granada.<\/p>\n<p>Os pongo los acumulados de los dos principales modelos de la provincia de M\u00e1laga y Andaluc\u00eda. Desde hoy jueves hasta el s\u00e1bado a las cuatro de la tarde. Fijaos que los dos coinciden.<\/p>\n<p><strong>MODELO EUROPEO<\/strong><\/p>\n<p>&nbsp;<\/p>\n<p><a href=\"https:\/\/static-blogs.diariosur.es\/wp-content\/uploads\/sites\/12\/2024\/03\/europeo-jueves-al-sabado.jpg\"><img loading=\"lazy\" class=\"aligncenter size-full wp-image-40107\" src=\"https:\/\/static-blogs.diariosur.es\/wp-content\/uploads\/sites\/12\/2024\/03\/europeo-jueves-al-sabado.jpg\" alt=\"\" width=\"762\" height=\"786\" srcset=\"https:\/\/static-blogs.diariosur.es\/wp-content\/uploads\/sites\/12\/2024\/03\/europeo-jueves-al-sabado.jpg 762w, https:\/\/static-blogs.diariosur.es\/wp-content\/uploads\/sites\/12\/2024\/03\/europeo-jueves-al-sabado-388x400.jpg 388w\" sizes=\"(max-width: 762px) 100vw, 762px\" \/><\/a><\/p>\n<p>&nbsp;<\/p>\n<p><a href=\"https:\/\/static-blogs.diariosur.es\/wp-content\/uploads\/sites\/12\/2024\/03\/andalucia-europeo.jpg\"><img loading=\"lazy\" class=\"aligncenter size-full wp-image-40108\" src=\"https:\/\/static-blogs.diariosur.es\/wp-content\/uploads\/sites\/12\/2024\/03\/andalucia-europeo.jpg\" alt=\"\" width=\"766\" height=\"795\" srcset=\"https:\/\/static-blogs.diariosur.es\/wp-content\/uploads\/sites\/12\/2024\/03\/andalucia-europeo.jpg 766w, https:\/\/static-blogs.diariosur.es\/wp-content\/uploads\/sites\/12\/2024\/03\/andalucia-europeo-385x400.jpg 385w\" sizes=\"(max-width: 766px) 100vw, 766px\" \/><\/a><\/p>\n<p><strong>MODELO AMERICANO<\/strong><\/p>\n<p><a href=\"https:\/\/static-blogs.diariosur.es\/wp-content\/uploads\/sites\/12\/2024\/03\/americano-jueves-al-sabado.jpg\"><img loading=\"lazy\" class=\"aligncenter size-full wp-image-40109\" src=\"https:\/\/static-blogs.diariosur.es\/wp-content\/uploads\/sites\/12\/2024\/03\/americano-jueves-al-sabado.jpg\" alt=\"\" width=\"760\" height=\"799\" srcset=\"https:\/\/static-blogs.diariosur.es\/wp-content\/uploads\/sites\/12\/2024\/03\/americano-jueves-al-sabado.jpg 760w, https:\/\/static-blogs.diariosur.es\/wp-content\/uploads\/sites\/12\/2024\/03\/americano-jueves-al-sabado-380x400.jpg 380w\" sizes=\"(max-width: 760px) 100vw, 760px\" \/><\/a><\/p>\n<p>&nbsp;<\/p>\n<p><a href=\"https:\/\/static-blogs.diariosur.es\/wp-content\/uploads\/sites\/12\/2024\/03\/andaluc\u00eda-americano.jpg\"><img loading=\"lazy\" class=\"aligncenter size-full wp-image-40110\" src=\"https:\/\/static-blogs.diariosur.es\/wp-content\/uploads\/sites\/12\/2024\/03\/andaluc\u00eda-americano.jpg\" alt=\"\" width=\"761\" height=\"795\" srcset=\"https:\/\/static-blogs.diariosur.es\/wp-content\/uploads\/sites\/12\/2024\/03\/andaluc\u00eda-americano.jpg 761w, https:\/\/static-blogs.diariosur.es\/wp-content\/uploads\/sites\/12\/2024\/03\/andaluc\u00eda-americano-383x400.jpg 383w\" sizes=\"(max-width: 761px) 100vw, 761px\" \/><\/a><\/p>\n<p>El domingo os pondr\u00e9 el total de acumulados de precipitaci\u00f3n en la provincia de M\u00e1laga.<\/p>\n<p>&nbsp;<\/p>\n<p><a href=\"https:\/\/static-blogs.diariosur.es\/wp-content\/uploads\/sites\/12\/2024\/03\/DSC1138-e1709795518229.jpg\"><img loading=\"lazy\" class=\"aligncenter size-full wp-image-40111\" src=\"https:\/\/static-blogs.diariosur.es\/wp-content\/uploads\/sites\/12\/2024\/03\/DSC1138-e1709795518229.jpg\" alt=\"\" width=\"800\" height=\"450\" \/><\/a><\/p>\n<p>&nbsp;<\/p>\n<p>&nbsp;<\/p>\n<p>&nbsp;<\/p>\n<p>&nbsp;<\/p>\n","protected":false},"excerpt":{"rendered":"<p>Muy buenos d\u00edas, amigos de la meteo. Cuando son las ocho de la ma\u00f1ana en M\u00e1laga capital, mi estaci\u00f3n registra 13.8 grados, los cielos est\u00e1n nubosos, la humedad ronda el 80% y el viento de momento sopla flojo de suroeste. En esta imagen en infrarrojo del sat\u00e9lite Eumetsat, pod\u00e9is ver el frente fr\u00edo que ya [&hellip;]<\/p>\n","protected":false},"author":16,"featured_media":40111,"comment_status":"open","ping_status":"open","sticky":false,"template":"","format":"standard","meta":[],"categories":[2],"tags":[94,100,151,188,358,569,587,676,800,909,1059],"_links":{"self":[{"href":"https:\/\/blogs.diariosur.es\/tormentas-y-rayos\/wp-json\/wp\/v2\/posts\/40104"}],"collection":[{"href":"https:\/\/blogs.diariosur.es\/tormentas-y-rayos\/wp-json\/wp\/v2\/posts"}],"about":[{"href":"https:\/\/blogs.diariosur.es\/tormentas-y-rayos\/wp-json\/wp\/v2\/types\/post"}],"author":[{"embeddable":true,"href":"https:\/\/blogs.diariosur.es\/tormentas-y-rayos\/wp-json\/wp\/v2\/users\/16"}],"replies":[{"embeddable":true,"href":"https:\/\/blogs.diariosur.es\/tormentas-y-rayos\/wp-json\/wp\/v2\/comments?post=40104"}],"version-history":[{"count":5,"href":"https:\/\/blogs.diariosur.es\/tormentas-y-rayos\/wp-json\/wp\/v2\/posts\/40104\/revisions"}],"predecessor-version":[{"id":48332,"href":"https:\/\/blogs.diariosur.es\/tormentas-y-rayos\/wp-json\/wp\/v2\/posts\/40104\/revisions\/48332"}],"wp:featuredmedia":[{"embeddable":true,"href":"https:\/\/blogs.diariosur.es\/tormentas-y-rayos\/wp-json\/wp\/v2\/media\/40111"}],"wp:attachment":[{"href":"https:\/\/blogs.diariosur.es\/tormentas-y-rayos\/wp-json\/wp\/v2\/media?parent=40104"}],"wp:term":[{"taxonomy":"category","embeddable":true,"href":"https:\/\/blogs.diariosur.es\/tormentas-y-rayos\/wp-json\/wp\/v2\/categories?post=40104"},{"taxonomy":"post_tag","embeddable":true,"href":"https:\/\/blogs.diariosur.es\/tormentas-y-rayos\/wp-json\/wp\/v2\/tags?post=40104"}],"curies":[{"name":"wp","href":"https:\/\/api.w.org\/{rel}","templated":true}]}}