{"id":40115,"date":"2024-03-08T11:39:05","date_gmt":"2024-03-08T10:39:05","guid":{"rendered":"https:\/\/blogs.diariosur.es\/tormentas-y-rayos\/?p=40115"},"modified":"2025-12-25T19:24:04","modified_gmt":"2025-12-25T18:24:04","slug":"avisos-por-lluvias-nevadas-viento-y-fenomenos-costeros-en-andalucia-probables-acumulados-manana-sabado","status":"publish","type":"post","link":"https:\/\/blogs.diariosur.es\/tormentas-y-rayos\/2024\/03\/08\/avisos-por-lluvias-nevadas-viento-y-fenomenos-costeros-en-andalucia-probables-acumulados-manana-sabado\/","title":{"rendered":"Avisos por lluvias, nevadas, viento y fen\u00f3menos costeros en Andaluc\u00eda. Probables acumulados ma\u00f1ana s\u00e1bado."},"content":{"rendered":"<p><a href=\"https:\/\/static-blogs.diariosur.es\/wp-content\/uploads\/sites\/12\/2023\/09\/380274744_10227628075266396_7294227596181000264_n.jpg\"><img loading=\"lazy\" class=\"aligncenter size-thumbnail wp-image-38514\" src=\"https:\/\/static-blogs.diariosur.es\/wp-content\/uploads\/sites\/12\/2023\/09\/380274744_10227628075266396_7294227596181000264_n-150x150.jpg\" alt=\"\" width=\"150\" height=\"150\" \/><\/a><\/p>\n<p data-pm-slice=\"1 1 []\">Buenos d\u00edas, amigos de la meteo. Durante esta pasada madrugada y primeras horas de la ma\u00f1ana han ca\u00eddo chubascos por el interior occidental de la provincia de M\u00e1laga. Ha nevado a partir de 1600 metros en la Sierra de las Nieves.<\/p>\n<p>Primeramente, os pongo los probables acumulados de precipitaci\u00f3n que dan el modelo europeo y americano para ma\u00f1ana s\u00e1bado hasta las cinco de la tarde en M\u00e1laga y Andaluc\u00eda. Os recuerdo que el domingo actualizar\u00e9 el blog para daros los acumulados desde el jueves 7.<\/p>\n<p><strong>MODELO EUROPEO M\u00c1LAGA<\/strong><\/p>\n<p>&nbsp;<\/p>\n<p><a href=\"https:\/\/static-blogs.diariosur.es\/wp-content\/uploads\/sites\/12\/2024\/03\/Captura-de-pantalla-2024-03-08-110241.jpg\"><img loading=\"lazy\" class=\"aligncenter size-full wp-image-40122\" src=\"https:\/\/static-blogs.diariosur.es\/wp-content\/uploads\/sites\/12\/2024\/03\/Captura-de-pantalla-2024-03-08-110241.jpg\" alt=\"\" width=\"766\" height=\"786\" srcset=\"https:\/\/static-blogs.diariosur.es\/wp-content\/uploads\/sites\/12\/2024\/03\/Captura-de-pantalla-2024-03-08-110241.jpg 766w, https:\/\/static-blogs.diariosur.es\/wp-content\/uploads\/sites\/12\/2024\/03\/Captura-de-pantalla-2024-03-08-110241-390x400.jpg 390w\" sizes=\"(max-width: 766px) 100vw, 766px\" \/><\/a><\/p>\n<p><strong>MODELO AMERICANO M\u00c1LAGA<\/strong><\/p>\n<p>&nbsp;<\/p>\n<p><a href=\"https:\/\/static-blogs.diariosur.es\/wp-content\/uploads\/sites\/12\/2024\/03\/MALAGA-AMERICANO-1.jpg\"><img loading=\"lazy\" class=\"aligncenter size-full wp-image-40123\" src=\"https:\/\/static-blogs.diariosur.es\/wp-content\/uploads\/sites\/12\/2024\/03\/MALAGA-AMERICANO-1.jpg\" alt=\"\" width=\"773\" height=\"808\" srcset=\"https:\/\/static-blogs.diariosur.es\/wp-content\/uploads\/sites\/12\/2024\/03\/MALAGA-AMERICANO-1.jpg 773w, https:\/\/static-blogs.diariosur.es\/wp-content\/uploads\/sites\/12\/2024\/03\/MALAGA-AMERICANO-1-383x400.jpg 383w, https:\/\/static-blogs.diariosur.es\/wp-content\/uploads\/sites\/12\/2024\/03\/MALAGA-AMERICANO-1-768x803.jpg 768w\" sizes=\"(max-width: 773px) 100vw, 773px\" \/><\/a><\/p>\n<p>Si os hab\u00e9is fijado hay diferencia entre los dos para la comarca de Antequera.<\/p>\n<p><strong>MODELO EUROPEO ANDALUC\u00cdA.<\/strong><\/p>\n<p>&nbsp;<\/p>\n<p><a href=\"https:\/\/static-blogs.diariosur.es\/wp-content\/uploads\/sites\/12\/2024\/03\/EUROPEO-ANDALUC\u00cdA.jpg\"><img loading=\"lazy\" class=\"aligncenter size-full wp-image-40124\" src=\"https:\/\/static-blogs.diariosur.es\/wp-content\/uploads\/sites\/12\/2024\/03\/EUROPEO-ANDALUC\u00cdA.jpg\" alt=\"\" width=\"771\" height=\"790\" srcset=\"https:\/\/static-blogs.diariosur.es\/wp-content\/uploads\/sites\/12\/2024\/03\/EUROPEO-ANDALUC\u00cdA.jpg 771w, https:\/\/static-blogs.diariosur.es\/wp-content\/uploads\/sites\/12\/2024\/03\/EUROPEO-ANDALUC\u00cdA-390x400.jpg 390w, https:\/\/static-blogs.diariosur.es\/wp-content\/uploads\/sites\/12\/2024\/03\/EUROPEO-ANDALUC\u00cdA-768x787.jpg 768w\" sizes=\"(max-width: 771px) 100vw, 771px\" \/><\/a><\/p>\n<p>&nbsp;<\/p>\n<p><strong>MODELO AMERICANO ANDALUC\u00cdA<\/strong><\/p>\n<p>&nbsp;<\/p>\n<p><a href=\"https:\/\/static-blogs.diariosur.es\/wp-content\/uploads\/sites\/12\/2024\/03\/AMERICANO-ANDALUC\u00cdA-1.jpg\"><img loading=\"lazy\" class=\"aligncenter size-full wp-image-40127\" src=\"https:\/\/static-blogs.diariosur.es\/wp-content\/uploads\/sites\/12\/2024\/03\/AMERICANO-ANDALUC\u00cdA-1.jpg\" alt=\"\" width=\"766\" height=\"796\" srcset=\"https:\/\/static-blogs.diariosur.es\/wp-content\/uploads\/sites\/12\/2024\/03\/AMERICANO-ANDALUC\u00cdA-1.jpg 766w, https:\/\/static-blogs.diariosur.es\/wp-content\/uploads\/sites\/12\/2024\/03\/AMERICANO-ANDALUC\u00cdA-1-385x400.jpg 385w\" sizes=\"(max-width: 766px) 100vw, 766px\" \/><\/a><\/p>\n<p>&nbsp;<\/p>\n<p>Os pongo los avisos desglosados, previstos por la aemet para ma\u00f1ana s\u00e1bado. En nueva actualizaciones pueden cambiar, y activarse por lluvias en la Axarqu\u00eda de M\u00e1laga.<\/p>\n<h3><\/h3>\n<h3><span style=\"color: #ff0000;\">FEN\u00d3MENOS COSTEROS<\/span>\u00a0<span style=\"color: #ff0000;\">NARANJA Y AMARILLO<\/span><\/h3>\n<p>&nbsp;<\/p>\n<p><a href=\"https:\/\/static-blogs.diariosur.es\/wp-content\/uploads\/sites\/12\/2024\/03\/fen\u00f3menos-costeros.jpg\"><img loading=\"lazy\" class=\"aligncenter size-full wp-image-40116\" src=\"https:\/\/static-blogs.diariosur.es\/wp-content\/uploads\/sites\/12\/2024\/03\/fen\u00f3menos-costeros.jpg\" alt=\"\" width=\"699\" height=\"550\" srcset=\"https:\/\/static-blogs.diariosur.es\/wp-content\/uploads\/sites\/12\/2024\/03\/fen\u00f3menos-costeros.jpg 699w, https:\/\/static-blogs.diariosur.es\/wp-content\/uploads\/sites\/12\/2024\/03\/fen\u00f3menos-costeros-508x400.jpg 508w\" sizes=\"(max-width: 699px) 100vw, 699px\" \/><\/a><\/p>\n<p>&nbsp;<\/p>\n<p><strong>Estrecho, litoral gaditano<\/strong>.\u00a0Viento del Oeste o Suroeste de 62 a 74 km\/H (fuerza 8) en oeste del Estrecho. Temporalmente mar combinada del Oeste de 4 o 5 m.\u00a0Viento del Oeste o Suroeste de 50 a 61 km\/H (fuerza 7) en litoral gaditano y oeste del Estrecho. Temporalmente mar combinada del Oeste de 4 m.<\/p>\n<p data-pm-slice=\"1 1 []\"><strong>Costa de M\u00e1laga<\/strong>.\u00a0 Viento del suroeste de 50 a 60 km\/h (fuerza 7) y olas de 2 a 3 m.<\/p>\n<p><strong>Costa de Huelva<\/strong>.\u00a0 Viento del oeste o suroeste de 50 a 61 km\/h (fuerza 7).<\/p>\n<p><strong>Costa de Granada<\/strong>.\u00a0 Viento del oeste y suroeste de 50 a 60 km\/h (fuerza 7) y olas de 2 a 3 m.<\/p>\n<p><strong>Costa del levante y poniente en Almer\u00eda<\/strong>.\u00a0 Viento del suroeste de 50 a 65 km\/h (fuerza 7, ocasionalmente 8) y olas de 3 m.<\/p>\n<h3><\/h3>\n<h3><strong>VIENTO, AVISO AMARILLO<\/strong><\/h3>\n<p>&nbsp;<\/p>\n<p>&nbsp;<\/p>\n<p><a href=\"https:\/\/static-blogs.diariosur.es\/wp-content\/uploads\/sites\/12\/2024\/03\/VIENTO.jpg\"><img loading=\"lazy\" class=\"aligncenter size-full wp-image-40118\" src=\"https:\/\/static-blogs.diariosur.es\/wp-content\/uploads\/sites\/12\/2024\/03\/VIENTO.jpg\" alt=\"\" width=\"693\" height=\"549\" srcset=\"https:\/\/static-blogs.diariosur.es\/wp-content\/uploads\/sites\/12\/2024\/03\/VIENTO.jpg 693w, https:\/\/static-blogs.diariosur.es\/wp-content\/uploads\/sites\/12\/2024\/03\/VIENTO-505x400.jpg 505w\" sizes=\"(max-width: 693px) 100vw, 693px\" \/><\/a><\/p>\n<p>&nbsp;<\/p>\n<p data-pm-slice=\"1 1 []\"><strong>Estrecho, litoral gaditano.\u00a0 <\/strong>Rachas m\u00e1ximas: 80 km\/h. Vientos de componente oeste.<\/p>\n<p><strong>Costa de Huelva.\u00a0 <\/strong>Rachas m\u00e1ximas: 80 km\/h. Vientos de componente oeste.<\/p>\n<p><strong>Costa del levante y poniente en Almer\u00eda<\/strong>.\u00a0 Rachas m\u00e1ximas: 70 km\/h. Vientos de componente oeste.<\/p>\n<p>&nbsp;<\/p>\n<h3><span style=\"color: #ff0000;\"><strong>NEVADAS AVISO AMARILLO<\/strong><\/span><\/h3>\n<p>&nbsp;<\/p>\n<p><a href=\"https:\/\/static-blogs.diariosur.es\/wp-content\/uploads\/sites\/12\/2024\/03\/Captura-de-pantalla-2024-03-08-065223.jpg\"><img loading=\"lazy\" class=\"aligncenter size-full wp-image-40119\" src=\"https:\/\/static-blogs.diariosur.es\/wp-content\/uploads\/sites\/12\/2024\/03\/Captura-de-pantalla-2024-03-08-065223.jpg\" alt=\"\" width=\"695\" height=\"551\" srcset=\"https:\/\/static-blogs.diariosur.es\/wp-content\/uploads\/sites\/12\/2024\/03\/Captura-de-pantalla-2024-03-08-065223.jpg 695w, https:\/\/static-blogs.diariosur.es\/wp-content\/uploads\/sites\/12\/2024\/03\/Captura-de-pantalla-2024-03-08-065223-505x400.jpg 505w\" sizes=\"(max-width: 695px) 100vw, 695px\" \/><\/a><\/p>\n<p><span class=\"la-zona-zona\" data-zona-id=\"611803\">\u00a0<\/span><\/p>\n<p><strong><span class=\"la-zona-zona\" data-zona-id=\"611803\">Sierra Nevada y Alpujarras<\/span>&#8211;<span class=\"la-zona-provincia\" data-zona-id=\"6118\">Granada.\u00a0<\/span><\/strong><span class=\"la-zona-provincia\" data-zona-id=\"6118\">Acumulaci\u00f3n de nieve en 24 horas: 5 cm. El espesor mencionado se espera por encima de 1500 m. En el puerto de La Ragua se pueden acumular m\u00e1s de 20 cm de nieve.<\/span><\/p>\n<h3><span style=\"color: #ff0000;\"><strong>AVISO AMARILLO POR LLUVIAS<\/strong><\/span><\/h3>\n<p>&nbsp;<\/p>\n<p><a href=\"https:\/\/static-blogs.diariosur.es\/wp-content\/uploads\/sites\/12\/2024\/03\/LLUVIAS.jpg\"><img loading=\"lazy\" class=\"aligncenter size-full wp-image-40121\" src=\"https:\/\/static-blogs.diariosur.es\/wp-content\/uploads\/sites\/12\/2024\/03\/LLUVIAS.jpg\" alt=\"\" width=\"699\" height=\"552\" srcset=\"https:\/\/static-blogs.diariosur.es\/wp-content\/uploads\/sites\/12\/2024\/03\/LLUVIAS.jpg 699w, https:\/\/static-blogs.diariosur.es\/wp-content\/uploads\/sites\/12\/2024\/03\/LLUVIAS-507x400.jpg 507w\" sizes=\"(max-width: 699px) 100vw, 699px\" \/><\/a><\/p>\n<p>&nbsp;<\/p>\n<p><strong><span class=\"la-zona-zona\" data-zona-id=\"612902\">Ronda<\/span>&#8211;<\/strong><span class=\"la-zona-provincia\" data-zona-id=\"6129\"><strong>M\u00e1laga<\/strong>.\u00a0Precipitaci\u00f3n acumulada en 12 horas: 60 mm.<\/span><\/p>\n<p><strong><span class=\"la-zona-zona\" data-zona-id=\"611101\">Grazalema<\/span>&#8211;<\/strong><span class=\"la-zona-provincia\" data-zona-id=\"6111\"><strong>C\u00e1diz<\/strong>.\u00a0Precipitaci\u00f3n acumulada en 12 horas: 60 mm. Localmente se pueden superar los 80 mm en 12 horas en la localidad de Grazalema.<\/span><\/p>\n<p><strong><span class=\"la-zona-zona\" data-zona-id=\"611804\">Costa granadina<\/span>&#8211; y Alpujarras<\/strong>.\u00a0Precipitaci\u00f3n acumulada en 12 horas: 60 mm.<\/p>\n","protected":false},"excerpt":{"rendered":"<p>Buenos d\u00edas, amigos de la meteo. Durante esta pasada madrugada y primeras horas de la ma\u00f1ana han ca\u00eddo chubascos por el interior occidental de la provincia de M\u00e1laga. Ha nevado a partir de 1600 metros en la Sierra de las Nieves. Primeramente, os pongo los probables acumulados de precipitaci\u00f3n que dan el modelo europeo y [&hellip;]<\/p>\n","protected":false},"author":16,"featured_media":40130,"comment_status":"open","ping_status":"open","sticky":false,"template":"","format":"standard","meta":[],"categories":[2],"tags":[94,100,151,188,358,569,587,676,701,909,1059],"_links":{"self":[{"href":"https:\/\/blogs.diariosur.es\/tormentas-y-rayos\/wp-json\/wp\/v2\/posts\/40115"}],"collection":[{"href":"https:\/\/blogs.diariosur.es\/tormentas-y-rayos\/wp-json\/wp\/v2\/posts"}],"about":[{"href":"https:\/\/blogs.diariosur.es\/tormentas-y-rayos\/wp-json\/wp\/v2\/types\/post"}],"author":[{"embeddable":true,"href":"https:\/\/blogs.diariosur.es\/tormentas-y-rayos\/wp-json\/wp\/v2\/users\/16"}],"replies":[{"embeddable":true,"href":"https:\/\/blogs.diariosur.es\/tormentas-y-rayos\/wp-json\/wp\/v2\/comments?post=40115"}],"version-history":[{"count":9,"href":"https:\/\/blogs.diariosur.es\/tormentas-y-rayos\/wp-json\/wp\/v2\/posts\/40115\/revisions"}],"predecessor-version":[{"id":48334,"href":"https:\/\/blogs.diariosur.es\/tormentas-y-rayos\/wp-json\/wp\/v2\/posts\/40115\/revisions\/48334"}],"wp:featuredmedia":[{"embeddable":true,"href":"https:\/\/blogs.diariosur.es\/tormentas-y-rayos\/wp-json\/wp\/v2\/media\/40130"}],"wp:attachment":[{"href":"https:\/\/blogs.diariosur.es\/tormentas-y-rayos\/wp-json\/wp\/v2\/media?parent=40115"}],"wp:term":[{"taxonomy":"category","embeddable":true,"href":"https:\/\/blogs.diariosur.es\/tormentas-y-rayos\/wp-json\/wp\/v2\/categories?post=40115"},{"taxonomy":"post_tag","embeddable":true,"href":"https:\/\/blogs.diariosur.es\/tormentas-y-rayos\/wp-json\/wp\/v2\/tags?post=40115"}],"curies":[{"name":"wp","href":"https:\/\/api.w.org\/{rel}","templated":true}]}}