{"id":40132,"date":"2024-03-10T08:01:46","date_gmt":"2024-03-10T07:01:46","guid":{"rendered":"https:\/\/blogs.diariosur.es\/tormentas-y-rayos\/?p=40132"},"modified":"2025-12-25T19:28:31","modified_gmt":"2025-12-25T18:28:31","slug":"acumulados-de-precipitacion-en-malaga-mes-de-marzo-se-recuperan-los-embalses-fotos-videos-salto-de-regia-y-fuente-de-la-rabita-en-tolox","status":"publish","type":"post","link":"https:\/\/blogs.diariosur.es\/tormentas-y-rayos\/2024\/03\/10\/acumulados-de-precipitacion-en-malaga-mes-de-marzo-se-recuperan-los-embalses-fotos-videos-salto-de-regia-y-fuente-de-la-rabita-en-tolox\/","title":{"rendered":"Acumulados de precipitaci\u00f3n en M\u00e1laga mes de marzo. \u00bfSe recuperan los embalses? Fotos, videos, Salto de Regia y Fuente de la R\u00e1bita en Tolox."},"content":{"rendered":"<p><a href=\"https:\/\/static-blogs.diariosur.es\/wp-content\/uploads\/sites\/12\/2023\/10\/391553712_10227849747128054_5906882869659171719_n.jpg\"><img loading=\"lazy\" class=\"aligncenter size-thumbnail wp-image-38725\" src=\"https:\/\/static-blogs.diariosur.es\/wp-content\/uploads\/sites\/12\/2023\/10\/391553712_10227849747128054_5906882869659171719_n-150x150.jpg\" alt=\"\" width=\"150\" height=\"150\" \/><\/a><\/p>\n<p>&nbsp;<\/p>\n<p data-pm-slice=\"1 1 []\">Buenos d\u00edas, amigos de la meteo. Cuando son las siete y media de la ma\u00f1ana en M\u00e1laga capital, el aeropuerto registra 7.6 grados, los cielos est\u00e1n nubosos y se han registrado durante la pasada madrugada chubascos d\u00e9biles y espor\u00e1dicos en la provincia de M\u00e1laga.<\/p>\n<p>A vuestra pregunta si los embalses se est\u00e1n recuperando, es muy pronto a\u00fan. De todas formas, hace una semana ten\u00edamos almacenados\u00a0<strong>97,95 hm3<\/strong>; hoy domingo,<strong>\u00a0103,61 hm3<\/strong>. Es la primera vez de los a\u00f1os 2023 y 2024 que recuperamos 5 hect\u00f3metros c\u00fabicos. La Concepci\u00f3n, Conde Guadalhorce y La Vi\u00f1uela se lo reparten. Dentro de una semana volveremos a verlo.<\/p>\n<p>Antes de poneros los acumulados de <strong>93 estaciones<\/strong> de la provincia de M\u00e1laga, os pongo unas fotos y videos de mis amigos. Muchas gracias a todos.<\/p>\n<p><strong>Os paso unas fotos y videos de mis amigos, Antonio Lara, Carmen S\u00e1nchez e Isidro. Arroyo Mar\u00edn y Guadalhorce a su paso por Huertas del R\u00edo en Archidona.<\/strong><\/p>\n<p>&nbsp;<\/p>\n<p>&nbsp;<\/p>\n<p><a href=\"https:\/\/static-blogs.diariosur.es\/wp-content\/uploads\/sites\/12\/2024\/03\/431593408_10228509816429374_820356824279688261_n-e1710004485590.jpg\"><img loading=\"lazy\" class=\"aligncenter size-full wp-image-40140\" src=\"https:\/\/static-blogs.diariosur.es\/wp-content\/uploads\/sites\/12\/2024\/03\/431593408_10228509816429374_820356824279688261_n-e1710004485590.jpg\" alt=\"\" width=\"800\" height=\"602\" \/><\/a><\/p>\n<p>&nbsp;<\/p>\n<p>&nbsp;<\/p>\n<p><a href=\"https:\/\/static-blogs.diariosur.es\/wp-content\/uploads\/sites\/12\/2024\/03\/431784142_10228509815869360_8862473838769278890_n-e1710004515580.jpg\"><img loading=\"lazy\" class=\"aligncenter size-full wp-image-40141\" src=\"https:\/\/static-blogs.diariosur.es\/wp-content\/uploads\/sites\/12\/2024\/03\/431784142_10228509815869360_8862473838769278890_n-e1710004515580.jpg\" alt=\"\" width=\"900\" height=\"678\" \/><\/a><\/p>\n<p>&nbsp;<\/p>\n<p><iframe loading=\"lazy\" title=\"YouTube video player\" src=\"https:\/\/www.youtube.com\/embed\/wXTfrW3gW3c?si=Ar1UMy3GUFfGL22M\" width=\"560\" height=\"315\" frameborder=\"0\" allowfullscreen=\"allowfullscreen\"><\/iframe><\/p>\n<p><iframe loading=\"lazy\" title=\"YouTube video player\" src=\"https:\/\/www.youtube.com\/embed\/1Dcg9ClU4Uk?si=1bxdfNxEmIp8cZXI\" width=\"560\" height=\"315\" frameborder=\"0\" allowfullscreen=\"allowfullscreen\"><\/iframe><\/p>\n<p>&nbsp;<\/p>\n<p>&nbsp;<\/p>\n<p><strong>Mi amigo Antonio Galiano me manda estos fotones y un impresionante v\u00eddeo subiendo ayer a la Sierra de las Nieves.<\/strong><\/p>\n<p>&nbsp;<\/p>\n<p><iframe loading=\"lazy\" title=\"YouTube video player\" src=\"https:\/\/www.youtube.com\/embed\/3MdeW6TD5bw?si=GFOMVR478WkEoqJW\" width=\"560\" height=\"315\" frameborder=\"0\" allowfullscreen=\"allowfullscreen\"><\/iframe><\/p>\n<h3><\/h3>\n<h3><span style=\"color: #0000ff;\"><strong>Salto de la Regia y Fuente de la R\u00e1bita en Tolox.<\/strong><\/span><\/h3>\n<p>&nbsp;<\/p>\n<p><a href=\"https:\/\/static-blogs.diariosur.es\/wp-content\/uploads\/sites\/12\/2024\/03\/431977408_10228511394108815_3664862204698981600_n-e1710013690938.jpg\"><img loading=\"lazy\" class=\"aligncenter size-full wp-image-40147\" src=\"https:\/\/static-blogs.diariosur.es\/wp-content\/uploads\/sites\/12\/2024\/03\/431977408_10228511394108815_3664862204698981600_n-e1710013690938.jpg\" alt=\"\" width=\"900\" height=\"676\" \/><\/a><\/p>\n<p>&nbsp;<\/p>\n<p><a href=\"https:\/\/static-blogs.diariosur.es\/wp-content\/uploads\/sites\/12\/2024\/03\/431883664_10228511399068939_1526797628269169342_n-e1710013730901.jpg\"><img loading=\"lazy\" class=\"aligncenter size-full wp-image-40148\" src=\"https:\/\/static-blogs.diariosur.es\/wp-content\/uploads\/sites\/12\/2024\/03\/431883664_10228511399068939_1526797628269169342_n-e1710013730901.jpg\" alt=\"\" width=\"900\" height=\"676\" \/><\/a><\/p>\n<p>&nbsp;<\/p>\n<p><strong>Mis amigos Salvador Guzm\u00e1n y Salvador L\u00f3pez me mandan esta foto de ayer por la tarde en la Sierra de las Nieves, iba a ir con ellos pero al final no pude.<\/strong><\/p>\n<p>&nbsp;<\/p>\n<p><a href=\"https:\/\/static-blogs.diariosur.es\/wp-content\/uploads\/sites\/12\/2024\/03\/ssssssss-e1710017885732.jpg\"><img loading=\"lazy\" class=\"aligncenter size-full wp-image-40153\" src=\"https:\/\/static-blogs.diariosur.es\/wp-content\/uploads\/sites\/12\/2024\/03\/ssssssss-e1710017885732.jpg\" alt=\"\" width=\"900\" height=\"506\" \/><\/a><\/p>\n<p>&nbsp;<\/p>\n<p><strong>Mi amigo Jos\u00e9 Codez S\u00e1nchez me manda estas fotos del Rio Tur\u00f3n en el Burgo.<\/strong><\/p>\n<p>&nbsp;<\/p>\n<p><a href=\"https:\/\/static-blogs.diariosur.es\/wp-content\/uploads\/sites\/12\/2024\/03\/z-e1710051824830.jpg\"><img loading=\"lazy\" class=\"aligncenter size-full wp-image-40161\" src=\"https:\/\/static-blogs.diariosur.es\/wp-content\/uploads\/sites\/12\/2024\/03\/z-e1710051824830.jpg\" alt=\"\" width=\"900\" height=\"405\" \/><\/a><\/p>\n<p>&nbsp;<\/p>\n<p>&nbsp;<\/p>\n<p><a href=\"https:\/\/static-blogs.diariosur.es\/wp-content\/uploads\/sites\/12\/2024\/03\/zz-e1710051926176.jpg\"><img loading=\"lazy\" class=\"aligncenter size-full wp-image-40162\" src=\"https:\/\/static-blogs.diariosur.es\/wp-content\/uploads\/sites\/12\/2024\/03\/zz-e1710051926176.jpg\" alt=\"\" width=\"900\" height=\"405\" \/><\/a><\/p>\n<p>&nbsp;<\/p>\n<p>Os paso los acumulados de precipitaciones desde el jueves al s\u00e1bado.<\/p>\n<p>&nbsp;<\/p>\n<h3 data-pm-slice=\"1 1 []\"><strong>Fuente:Fuente: Acamet<\/strong><\/h3>\n<p>PILONES SIERRA DE LAS NIEVES TOLOX\u00a008\u00a0m<\/p>\n<p>LIBAR MONTEJAQUE\u00a00\u00a0m<\/p>\n<p>OREGANAL CARTAJIMA\u00a040 mm<\/p>\n<p>LAS NAVAS\u00a07 mm<\/p>\n<p>SIERRA NEGRA CO\u00cdN\u00a0110 mm<\/p>\n<h3><strong>FuenteFuente:Red Hidrosur<\/strong><\/h3>\n<p>SIERRA MIJAS 64.9 mm<\/p>\n<p>LOS REALES 85 mm<\/p>\n<p>MAJADA DE LAS LOMAS 109 mm<\/p>\n<p>R\u00cdOFuente:R\u00cdO GENAL JUBRIQUE\u00a018 mm<\/p>\n<p>PUJERRA 78 mm<\/p>\n<p>CUEVAS DEL BECERRO 65 mm<\/p>\n<p>EMBALSE DE LA CONCEPCI\u00d3N 75 mm<\/p>\n<p>OJEN 112 mm<\/p>\n<p>EL TORCAL\u00a047 mm<\/p>\n<p>EMBALSE CASASOLA 26 mm<\/p>\n<p>EMBALSE DEL LIMONERO:: 30 mm<\/p>\n<p>DEPURADORA MARBELLA\u00a02 mm<\/p>\n<p>SANTO PITAR51 mm<\/p>\n<p>CA\u00d1ETE LA REAL 62 mm<\/p>\n<p>RONDA 59 mm<\/p>\n<p>EMBALSE GUADALTEBA 31 mm<\/p>\n<p>EMBALSE CONDE DE GUADALHORCE 31 mm<\/p>\n<p>ALCAUC\u00cdN\u00a08 mm<\/p>\n<p>EMBALSE DE LA VI\u00d1UELA 48 mm<\/p>\n<p>VILLANUEVA DE LA CONCEPCI\u00d3N 54 mm<\/p>\n<p>CASARABONELA\u00a00 mm<\/p>\n<p>COLMENAR\u00a04 mm<\/p>\n<p>ALFARNATEJO 66 mm<\/p>\n<p>RIO BENAMARGOSA 66 mm<\/p>\n<p>TORROX 33 mm<\/p>\n<p>TORRE DEL MAR 39 mm<\/p>\n<p>RIO GUADIARO 104 mm<\/p>\n<p>DEPURADORA DEL TRAPICHE\u00a043 mm<\/p>\n<p>RIO GUADALTEBA AFORO TEBA 37 mm<\/p>\n<p>RIO TUR\u00d3N 32 mm<\/p>\n<p>RIO GUADALHORCE ARCHIDONA 45 mm<\/p>\n<h3><strong>FuenteFuente: Meteoclimatic.<\/strong><\/h3>\n<p>AVENIDA JOSE ORTEGA Y GASSET\u00a07.7 mm<\/p>\n<p>ALAMEDA 69.6 mm<\/p>\n<p>ALGATOCIN\u00a018 mm<\/p>\n<p>ARCHIDONA HUERTAS DEL R\u00cdO\u00a02.4 mm<\/p>\n<p>ARCHIDONA PTA DE LA HOYA54 mm<\/p>\n<p>ALHAUR\u00cdN DE LA TORRE 50 mm<\/p>\n<p>ALHAUR\u00cdN EL GRANDE\u00a07.8 mm<\/p>\n<p>EL COLMENAR LAS BUITRERAS\u00a08.6 mm<\/p>\n<p>CHURRIANA 44.7 mm<\/p>\n<p>FRIGILIANA\u00a00.4 mm<\/p>\n<p>IST\u00c1N\u00a01 mm<\/p>\n<p>TORREMOLINOS\u00a02.7 mm<\/p>\n<p>C\u00d3MPETA140.5 mm<\/p>\n<p>CO\u00cdN PEREILA ALTA\u00a06 mm<\/p>\n<p>BENALM\u00c1DENA ARROYO DE LA MIEL\u00a03 mm<\/p>\n<p>ESTEPONA 84.9\u00a0m<\/p>\n<p>LA CALA DEL MORAL\u00a02.9\u00a0m<\/p>\n<p>MIJAS PUEBLO\u00a08.6 mm<\/p>\n<p>MIJAS LOS ESPARTALES\u00a09.8 mm<\/p>\n<p>TOLOX\u00a06.1 mm<\/p>\n<p>NERJA\u00a0AS PALMERAS66.6 mm<\/p>\n<p>RINC\u00d3N DE LA VICTORIA\u00a00.4 mm<\/p>\n<p>RONDA SAN CRIST\u00d3BAL\u00a07.7 mm<\/p>\n<p>V\u00c9LEZ M\u00c1LAGA\u00a03.9 mm<\/p>\n<p>C\u00c1RTAMA SIERRA LLANA\u00a019.8 mm<\/p>\n<h3><strong>Fuente AEMEAEMET<\/strong><\/h3>\n<p>M\u00c1LAGA AEROPUERTO46.4 mm<\/p>\n<p>ANTEQUERA\u00a03 mm<\/p>\n<p>GAUC\u00cdN\u00a09 mm<\/p>\n<p>ALPANDEIRE\u00a09 mm<\/p>\n<p>CORTES DE LA FRONTERA90 mm<\/p>\n<p>FUENGIROLA\u00a03 mm<\/p>\n<p>\u00c1LORA 28.4<\/p>\n<p>TORREMOLINOS\u00a064 mm<\/p>\n<p>FUENTE PIEDRA 48 mm<\/p>\n<p>ALGARROBO 46 mm<\/p>\n<h3><strong>FuenteFuente:Weather Underground<\/strong><\/h3>\n<p>ALCAUC\u00cdNFuente:ALCAUC\u00cdN 67 mm<\/p>\n<p>JUBRIQUE98 MM<\/p>\n<p>CANILLAS DEL ACEITUNO\u00a05 mm<\/p>\n<p>EL BORGE70 mm<\/p>\n<p>ALMACHAR\u00a04 mm<\/p>\n<p>COMARES\u00a06 mm<\/p>\n<p>PERIANA\u00a09 mm<\/p>\n<p>VENTA ZAFARRAYA68 mm<\/p>\n<p>CAMPOS SIERRA TEJEDA\u00a08 mm<\/p>\n<p>VILLANUEVA DEL TRABUCO\u00a02 mm<\/p>\n<p>BENAMOCARRA 56 mm<\/p>\n<p>VILLANUEVA DEL ROSARIO\u00a0 \u00a071.6 mm<\/p>\n<p>ARCHEZ81.2 mm<\/p>\n<p>CASABERMEJA62.2 mm<\/p>\n<p>MOCLINEJO 48 mm<\/p>\n<p>EL BURGO88.5 mm<\/p>\n<p>FARAJAN108 MM<\/p>\n<p>AL MARGENN 75.2 mm<\/p>\n<p>CAMPILLOS 63.2 mm<\/p>\n<p>YUNQUERA CASA RURAL\u00a065.4 mm<\/p>\n<p>CASARES 94 mm<\/p>\n<p>ALGATOC\u00cdN\u00a0118 mm<\/p>\n<p>Os dejo con esta bonita foto de mi amigo Crist\u00f3bal Gambero en Mijas Pueblo.<\/p>\n<p>&nbsp;<\/p>\n<p>&nbsp;<\/p>\n<p>&nbsp;<\/p>\n<p><a href=\"https:\/\/static-blogs.diariosur.es\/wp-content\/uploads\/sites\/12\/2024\/03\/430119001_7184773771571555_3412026776385659113_n-1-e1710053080891.jpg\"><img loading=\"lazy\" class=\"aligncenter size-full wp-image-40163\" src=\"https:\/\/static-blogs.diariosur.es\/wp-content\/uploads\/sites\/12\/2024\/03\/430119001_7184773771571555_3412026776385659113_n-1-e1710053080891.jpg\" alt=\"\" width=\"900\" height=\"506\" \/><\/a><\/p>\n<p>&nbsp;<\/p>\n<p>&nbsp;<\/p>\n","protected":false},"excerpt":{"rendered":"<p>&nbsp; Buenos d\u00edas, amigos de la meteo. Cuando son las siete y media de la ma\u00f1ana en M\u00e1laga capital, el aeropuerto registra 7.6 grados, los cielos est\u00e1n nubosos y se han registrado durante la pasada madrugada chubascos d\u00e9biles y espor\u00e1dicos en la provincia de M\u00e1laga. A vuestra pregunta si los embalses se est\u00e1n recuperando, es [&hellip;]<\/p>\n","protected":false},"author":16,"featured_media":40163,"comment_status":"open","ping_status":"open","sticky":false,"template":"","format":"standard","meta":[],"categories":[2],"tags":[45,46,358,360,1888,569,587,1154,800,852,865,1887,909,1566,1889],"_links":{"self":[{"href":"https:\/\/blogs.diariosur.es\/tormentas-y-rayos\/wp-json\/wp\/v2\/posts\/40132"}],"collection":[{"href":"https:\/\/blogs.diariosur.es\/tormentas-y-rayos\/wp-json\/wp\/v2\/posts"}],"about":[{"href":"https:\/\/blogs.diariosur.es\/tormentas-y-rayos\/wp-json\/wp\/v2\/types\/post"}],"author":[{"embeddable":true,"href":"https:\/\/blogs.diariosur.es\/tormentas-y-rayos\/wp-json\/wp\/v2\/users\/16"}],"replies":[{"embeddable":true,"href":"https:\/\/blogs.diariosur.es\/tormentas-y-rayos\/wp-json\/wp\/v2\/comments?post=40132"}],"version-history":[{"count":24,"href":"https:\/\/blogs.diariosur.es\/tormentas-y-rayos\/wp-json\/wp\/v2\/posts\/40132\/revisions"}],"predecessor-version":[{"id":48336,"href":"https:\/\/blogs.diariosur.es\/tormentas-y-rayos\/wp-json\/wp\/v2\/posts\/40132\/revisions\/48336"}],"wp:featuredmedia":[{"embeddable":true,"href":"https:\/\/blogs.diariosur.es\/tormentas-y-rayos\/wp-json\/wp\/v2\/media\/40163"}],"wp:attachment":[{"href":"https:\/\/blogs.diariosur.es\/tormentas-y-rayos\/wp-json\/wp\/v2\/media?parent=40132"}],"wp:term":[{"taxonomy":"category","embeddable":true,"href":"https:\/\/blogs.diariosur.es\/tormentas-y-rayos\/wp-json\/wp\/v2\/categories?post=40132"},{"taxonomy":"post_tag","embeddable":true,"href":"https:\/\/blogs.diariosur.es\/tormentas-y-rayos\/wp-json\/wp\/v2\/tags?post=40132"}],"curies":[{"name":"wp","href":"https:\/\/api.w.org\/{rel}","templated":true}]}}