{"id":40136,"date":"2024-03-09T09:47:44","date_gmt":"2024-03-09T08:47:44","guid":{"rendered":"https:\/\/blogs.diariosur.es\/tormentas-y-rayos\/?p=40136"},"modified":"2025-12-25T19:25:21","modified_gmt":"2025-12-25T18:25:21","slug":"el-mes-pasado-fue-el-segundo-febrero-mas-calido-del-siglo-xxi-en-espana-en-conjunto-fuente-aemet","status":"publish","type":"post","link":"https:\/\/blogs.diariosur.es\/tormentas-y-rayos\/2024\/03\/09\/el-mes-pasado-fue-el-segundo-febrero-mas-calido-del-siglo-xxi-en-espana-en-conjunto-fuente-aemet\/","title":{"rendered":"El mes pasado fue el segundo febrero m\u00e1s c\u00e1lido del siglo XXI en Espa\u00f1a en conjunto. Fuente aemet"},"content":{"rendered":"<p><a href=\"https:\/\/static-blogs.diariosur.es\/wp-content\/uploads\/sites\/12\/2024\/02\/379337914_10227628075666406_6248628726251100327_n.jpg\"><img loading=\"lazy\" class=\"aligncenter size-thumbnail wp-image-39879\" src=\"https:\/\/static-blogs.diariosur.es\/wp-content\/uploads\/sites\/12\/2024\/02\/379337914_10227628075666406_6248628726251100327_n-150x150.jpg\" alt=\"\" width=\"150\" height=\"150\" \/><\/a><\/p>\n<p>Buenos d\u00edas lluviosos, amigos de la meteo. Ma\u00f1ana domingo, a primera hora, dar\u00e9 los acumulados de precipitaci\u00f3n de la provincia de M\u00e1laga desde el jueves hasta hoy s\u00e1bado, algunos muy llamativos.<\/p>\n<p>Os dejo con el estudio de la Aemet del mes de febrero en Espa\u00f1a.<\/p>\n<h3><strong><span style=\"color: #ff0000;\">\u00a0El mes pasado fue el segundo febrero m\u00e1s c\u00e1lido del siglo XXI en Espa\u00f1a en conjunto.<\/span>\u00a0<\/strong><\/h3>\n<p>El pasado mes de febrero fue un mes muy c\u00e1lido y h\u00famedo para el conjunto del pa\u00eds, tal y como se desprende del informe realizado por la Agencia Estatal de Meteorolog\u00eda (AEMET), dependiente del Ministerio para la Transici\u00f3n Ecol\u00f3gica y el Reto Demogr\u00e1fico (MITECO).<\/p>\n<p><strong>Temperaturas<\/strong><\/p>\n<p>El mes de febrero ha sido en conjunto muy c\u00e1lido, con una temperatura media sobre la Espa\u00f1a peninsular de 9,6 \u00b0C. Esto supone un valor 2,5 \u00b0C por encima de la media de este mes (periodo de referencia: 1991-2020).<\/p>\n<p>El mes fue m\u00e1s c\u00e1lido de lo normal en toda Espa\u00f1a, especialmente en amplias zonas del centro y este de Catalu\u00f1a, los Pirineos, La Rioja, centro y sur de Arag\u00f3n, este de Castilla-La Mancha, norte y centro de la Comunitat Valenciana, interior de la Regi\u00f3n de Murcia, sur de Galicia y en puntos de la cordillera Cant\u00e1brica. En todas estas \u00e1reas las temperaturas medias estuvieron 3 \u00baC por encima del promedio normal del mes. En Canarias, las anomal\u00edas llegaron a los 4 \u00baC en zonas elevadas, lo que convirti\u00f3 al pasado mes en el febrero m\u00e1s c\u00e1lido desde que hay registros en el archipi\u00e9lago.<\/p>\n<p>En febrero hubo dos episodios c\u00e1lidos notables, con temperaturas m\u00e1ximas y m\u00ednimas muy por encima de los valores normales: el primero se extendi\u00f3 entre los d\u00edas 1 y 9, y el segundo entre los d\u00edas 12 y 22. Hubo un episodio fr\u00edo, con temperaturas algo por debajo de las habituales para la \u00e9poca del a\u00f1o, especialmente las m\u00e1ximas, entre los d\u00edas 23 y 29.<\/p>\n<p><strong>Precipitaciones<\/strong><\/p>\n<p>El mes de febrero ha tenido car\u00e1cter h\u00famedo en cuanto a precipitaciones, con un valor de precipitaci\u00f3n media sobre la Espa\u00f1a peninsular de 69,6 l\/m\u00b2, valor que representa el 135 % del valor normal del mes (periodo de referencia: 1991-2020). Se ha tratado del vig\u00e9simo tercer mes de febrero m\u00e1s h\u00famedo desde el comienzo de la serie en 1961 y del noveno del siglo XXI.<\/p>\n<p>Aunque febrero ha sido entre normal y h\u00famedo en casi toda la Pen\u00ednsula, llegando a ser muy h\u00famedo en el tercio norte peninsular, Andaluc\u00eda, Extremadura y algunos puntos de Castilla-La Mancha, se ha tratado de un mes seco o muy seco en el Levante peninsular, Andaluc\u00eda oriental, el archipi\u00e9lago canario y parte del archipi\u00e9lago balear.<\/p>\n<p>Porcentaje de la precipitaci\u00f3n con respecto a lo normal en febrero de 2024.<\/p>\n<p>Las mayores precipitaciones se correspondieron con el paso de la borrasca Karlotta y se dieron en Pontevedra, que registr\u00f3 el valor m\u00e1s alto de su serie desde 1986, y Vigo\/aeropuerto, que registraron 66,2 l\/m\u00b2 y 51,6 l\/m\u00b2 el d\u00eda 8. En cuanto a la precipitaci\u00f3n total del mes, en las estaciones principales destacan los 298,6 l\/m\u00b2 de Pontevedra, los 294 l\/m\u00b2 acumulados en Vigo\/aeropuerto, los 255,1 l\/m\u00b2 de Santiago de Compostela\/aeropuerto y los 206,6 l\/m\u00b2 de Hondarribia\/Malkarroa. En puntos del sur de Canarias y del extremo sureste peninsular, pr\u00e1cticamente no llovi\u00f3 a lo largo de todo el mes.<\/p>\n<p>&nbsp;<\/p>\n<p>&nbsp;<\/p>\n","protected":false},"excerpt":{"rendered":"<p>Buenos d\u00edas lluviosos, amigos de la meteo. Ma\u00f1ana domingo, a primera hora, dar\u00e9 los acumulados de precipitaci\u00f3n de la provincia de M\u00e1laga desde el jueves hasta hoy s\u00e1bado, algunos muy llamativos. Os dejo con el estudio de la Aemet del mes de febrero en Espa\u00f1a. \u00a0El mes pasado fue el segundo febrero m\u00e1s c\u00e1lido del [&hellip;]<\/p>\n","protected":false},"author":16,"featured_media":39629,"comment_status":"open","ping_status":"open","sticky":false,"template":"","format":"standard","meta":[],"categories":[2],"tags":[100,1886,375,403,569,587,909],"_links":{"self":[{"href":"https:\/\/blogs.diariosur.es\/tormentas-y-rayos\/wp-json\/wp\/v2\/posts\/40136"}],"collection":[{"href":"https:\/\/blogs.diariosur.es\/tormentas-y-rayos\/wp-json\/wp\/v2\/posts"}],"about":[{"href":"https:\/\/blogs.diariosur.es\/tormentas-y-rayos\/wp-json\/wp\/v2\/types\/post"}],"author":[{"embeddable":true,"href":"https:\/\/blogs.diariosur.es\/tormentas-y-rayos\/wp-json\/wp\/v2\/users\/16"}],"replies":[{"embeddable":true,"href":"https:\/\/blogs.diariosur.es\/tormentas-y-rayos\/wp-json\/wp\/v2\/comments?post=40136"}],"version-history":[{"count":3,"href":"https:\/\/blogs.diariosur.es\/tormentas-y-rayos\/wp-json\/wp\/v2\/posts\/40136\/revisions"}],"predecessor-version":[{"id":48335,"href":"https:\/\/blogs.diariosur.es\/tormentas-y-rayos\/wp-json\/wp\/v2\/posts\/40136\/revisions\/48335"}],"wp:featuredmedia":[{"embeddable":true,"href":"https:\/\/blogs.diariosur.es\/tormentas-y-rayos\/wp-json\/wp\/v2\/media\/39629"}],"wp:attachment":[{"href":"https:\/\/blogs.diariosur.es\/tormentas-y-rayos\/wp-json\/wp\/v2\/media?parent=40136"}],"wp:term":[{"taxonomy":"category","embeddable":true,"href":"https:\/\/blogs.diariosur.es\/tormentas-y-rayos\/wp-json\/wp\/v2\/categories?post=40136"},{"taxonomy":"post_tag","embeddable":true,"href":"https:\/\/blogs.diariosur.es\/tormentas-y-rayos\/wp-json\/wp\/v2\/tags?post=40136"}],"curies":[{"name":"wp","href":"https:\/\/api.w.org\/{rel}","templated":true}]}}