{"id":40166,"date":"2024-03-11T17:40:47","date_gmt":"2024-03-11T16:40:47","guid":{"rendered":"https:\/\/blogs.diariosur.es\/tormentas-y-rayos\/?p=40166"},"modified":"2025-12-25T19:30:20","modified_gmt":"2025-12-25T18:30:20","slug":"ultima-hora-de-los-embalses-de-malaga-se-esperan-lluvias-esta-semana","status":"publish","type":"post","link":"https:\/\/blogs.diariosur.es\/tormentas-y-rayos\/2024\/03\/11\/ultima-hora-de-los-embalses-de-malaga-se-esperan-lluvias-esta-semana\/","title":{"rendered":"\u00daltima hora de los embalses de M\u00e1laga. \u00bfSe esperan lluvias esta semana?"},"content":{"rendered":"<p>&nbsp;<\/p>\n<p><a href=\"https:\/\/static-blogs.diariosur.es\/wp-content\/uploads\/sites\/12\/2023\/09\/380274744_10227628075266396_7294227596181000264_n.jpg\"><img loading=\"lazy\" class=\"aligncenter size-thumbnail wp-image-38514\" src=\"https:\/\/static-blogs.diariosur.es\/wp-content\/uploads\/sites\/12\/2023\/09\/380274744_10227628075266396_7294227596181000264_n-150x150.jpg\" alt=\"\" width=\"150\" height=\"150\" \/><\/a><\/p>\n<p>Buenas tardes, amigos de la meteo. Cuando son las cinco de la tarde en M\u00e1laga capital, el Centro Meteorol\u00f3gico registra 20.4 grados, los cielos est\u00e1n poco nubosos y sopla viento de terral de primavera.<\/p>\n<h3 class=\"voc-blogs-section\"><a href=\"https:\/\/blogs.diariosur.es\/tormentas-y-rayos\/2024\/03\/10\/acumulados-de-precipitacion-en-malaga-mes-de-marzo-se-recuperan-los-embalses-fotos-videos-salto-de-regia-y-fuente-de-la-rabita-en-tolox\/\"><strong>Acumulados de precipitaci\u00f3n en M\u00e1laga mes de marzo<\/strong><\/a><\/h3>\n<h3 class=\"voc-blogs-section\"><span style=\"color: #0000ff;\"><strong>\u00a0\u00daltima hora de los embalses malague\u00f1os.<\/strong><\/span><\/h3>\n<p data-pm-slice=\"1 1 []\">Hace una semana el agua embalsada en la provincia de M\u00e1laga era de<strong> 97,87 hm3<\/strong>; hoy lunes tenemos <strong>107,55 m3;<\/strong>\u00a0en tan solo tres d\u00edas hemos recuperado <strong>9,68 hm3.<\/strong><\/p>\n<p>De los siete embalses de la provincia, los que m\u00e1s se est\u00e1n recuperando son La Concepci\u00f3n, Guadalhorce, Conde de Guadalhorce y La Vi\u00f1uela; los dem\u00e1s, apenas nada.\u00a0 Las escorrent\u00edas seguir\u00e1n aportando; el pr\u00f3ximo lunes veremos cu\u00e1ntos hect\u00f3metros c\u00fabicos.<\/p>\n<p>Os paso los gr\u00e1ficos de los que m\u00e1s se est\u00e1n recuperando.<\/p>\n<p>&nbsp;<\/p>\n<p><a href=\"https:\/\/static-blogs.diariosur.es\/wp-content\/uploads\/sites\/12\/2024\/03\/1-2.jpg\"><img loading=\"lazy\" class=\"aligncenter size-full wp-image-40170\" src=\"https:\/\/static-blogs.diariosur.es\/wp-content\/uploads\/sites\/12\/2024\/03\/1-2.jpg\" alt=\"\" width=\"860\" height=\"783\" srcset=\"https:\/\/static-blogs.diariosur.es\/wp-content\/uploads\/sites\/12\/2024\/03\/1-2.jpg 860w, https:\/\/static-blogs.diariosur.es\/wp-content\/uploads\/sites\/12\/2024\/03\/1-2-439x400.jpg 439w, https:\/\/static-blogs.diariosur.es\/wp-content\/uploads\/sites\/12\/2024\/03\/1-2-768x699.jpg 768w\" sizes=\"(max-width: 860px) 100vw, 860px\" \/><\/a><\/p>\n<h3><strong> \u00a0<a href=\"https:\/\/static-blogs.diariosur.es\/wp-content\/uploads\/sites\/12\/2024\/03\/2.jpg\"><img loading=\"lazy\" class=\"aligncenter size-full wp-image-40171\" src=\"https:\/\/static-blogs.diariosur.es\/wp-content\/uploads\/sites\/12\/2024\/03\/2.jpg\" alt=\"\" width=\"861\" height=\"773\" srcset=\"https:\/\/static-blogs.diariosur.es\/wp-content\/uploads\/sites\/12\/2024\/03\/2.jpg 861w, https:\/\/static-blogs.diariosur.es\/wp-content\/uploads\/sites\/12\/2024\/03\/2-446x400.jpg 446w, https:\/\/static-blogs.diariosur.es\/wp-content\/uploads\/sites\/12\/2024\/03\/2-768x690.jpg 768w\" sizes=\"(max-width: 861px) 100vw, 861px\" \/><\/a><\/strong><\/h3>\n<p>&nbsp;<\/p>\n<p><a href=\"https:\/\/static-blogs.diariosur.es\/wp-content\/uploads\/sites\/12\/2024\/03\/3.jpg\"><img loading=\"lazy\" class=\"aligncenter size-full wp-image-40172\" src=\"https:\/\/static-blogs.diariosur.es\/wp-content\/uploads\/sites\/12\/2024\/03\/3.jpg\" alt=\"\" width=\"859\" height=\"770\" srcset=\"https:\/\/static-blogs.diariosur.es\/wp-content\/uploads\/sites\/12\/2024\/03\/3.jpg 859w, https:\/\/static-blogs.diariosur.es\/wp-content\/uploads\/sites\/12\/2024\/03\/3-446x400.jpg 446w, https:\/\/static-blogs.diariosur.es\/wp-content\/uploads\/sites\/12\/2024\/03\/3-768x688.jpg 768w\" sizes=\"(max-width: 859px) 100vw, 859px\" \/><\/a><\/p>\n<p>&nbsp;<\/p>\n<p><a href=\"https:\/\/static-blogs.diariosur.es\/wp-content\/uploads\/sites\/12\/2024\/03\/4.jpg\"><img loading=\"lazy\" class=\"aligncenter size-full wp-image-40173\" src=\"https:\/\/static-blogs.diariosur.es\/wp-content\/uploads\/sites\/12\/2024\/03\/4.jpg\" alt=\"\" width=\"859\" height=\"785\" srcset=\"https:\/\/static-blogs.diariosur.es\/wp-content\/uploads\/sites\/12\/2024\/03\/4.jpg 859w, https:\/\/static-blogs.diariosur.es\/wp-content\/uploads\/sites\/12\/2024\/03\/4-438x400.jpg 438w, https:\/\/static-blogs.diariosur.es\/wp-content\/uploads\/sites\/12\/2024\/03\/4-768x702.jpg 768w\" sizes=\"(max-width: 859px) 100vw, 859px\" \/><\/a><\/p>\n<h3><\/h3>\n<h3 data-pm-slice=\"1 1 []\"><strong>\u00bfSe esperan lluvias esta semana?<\/strong><\/h3>\n<p data-pm-slice=\"1 1 []\">Tan solo el mi\u00e9rcoles por la tarde noche y primeras horas del jueves, pueden caer<strong> algunas gotas<\/strong> en la costa, muy poca cosa, amigos. <strong>Incluso en algunos puntos de la provincia, nada.\u00a0<\/strong><\/p>\n<p>Os dejo con esta foto de mi amigo Jos\u00e9 Ortiz, que hizo ayer por la tarde cerca del Embalse de la Vi\u00f1uela. Es el r\u00edo Bermuza.<\/p>\n<p>El jueves iba totalmente seco.<\/p>\n<p>&nbsp;<\/p>\n<p>&nbsp;<\/p>\n<p><a href=\"https:\/\/static-blogs.diariosur.es\/wp-content\/uploads\/sites\/12\/2024\/03\/431771086_10228518702811528_5938315644856756487_n.jpg\"><img loading=\"lazy\" class=\"aligncenter size-full wp-image-40169\" src=\"https:\/\/static-blogs.diariosur.es\/wp-content\/uploads\/sites\/12\/2024\/03\/431771086_10228518702811528_5938315644856756487_n.jpg\" alt=\"\" width=\"900\" height=\"415\" srcset=\"https:\/\/static-blogs.diariosur.es\/wp-content\/uploads\/sites\/12\/2024\/03\/431771086_10228518702811528_5938315644856756487_n.jpg 900w, https:\/\/static-blogs.diariosur.es\/wp-content\/uploads\/sites\/12\/2024\/03\/431771086_10228518702811528_5938315644856756487_n-640x295.jpg 640w, https:\/\/static-blogs.diariosur.es\/wp-content\/uploads\/sites\/12\/2024\/03\/431771086_10228518702811528_5938315644856756487_n-768x354.jpg 768w\" sizes=\"(max-width: 900px) 100vw, 900px\" \/><\/a><\/p>\n<p>&nbsp;<\/p>\n<p>&nbsp;<\/p>\n<p>&nbsp;<\/p>\n<h3><strong>\u00a0<\/strong><\/h3>\n<p>&nbsp;<\/p>\n<p>&nbsp;<\/p>\n<p>&nbsp;<\/p>\n<p>&nbsp;<\/p>\n<p>&nbsp;<\/p>\n","protected":false},"excerpt":{"rendered":"<p>&nbsp; Buenas tardes, amigos de la meteo. Cuando son las cinco de la tarde en M\u00e1laga capital, el Centro Meteorol\u00f3gico registra 20.4 grados, los cielos est\u00e1n poco nubosos y sopla viento de terral de primavera. Acumulados de precipitaci\u00f3n en M\u00e1laga mes de marzo \u00a0\u00daltima hora de los embalses malague\u00f1os. Hace una semana el agua embalsada [&hellip;]<\/p>\n","protected":false},"author":16,"featured_media":40169,"comment_status":"open","ping_status":"open","sticky":false,"template":"","format":"standard","meta":[],"categories":[2],"tags":[100,128,358,360,470,569,587,800,865,909,1889,1137],"_links":{"self":[{"href":"https:\/\/blogs.diariosur.es\/tormentas-y-rayos\/wp-json\/wp\/v2\/posts\/40166"}],"collection":[{"href":"https:\/\/blogs.diariosur.es\/tormentas-y-rayos\/wp-json\/wp\/v2\/posts"}],"about":[{"href":"https:\/\/blogs.diariosur.es\/tormentas-y-rayos\/wp-json\/wp\/v2\/types\/post"}],"author":[{"embeddable":true,"href":"https:\/\/blogs.diariosur.es\/tormentas-y-rayos\/wp-json\/wp\/v2\/users\/16"}],"replies":[{"embeddable":true,"href":"https:\/\/blogs.diariosur.es\/tormentas-y-rayos\/wp-json\/wp\/v2\/comments?post=40166"}],"version-history":[{"count":6,"href":"https:\/\/blogs.diariosur.es\/tormentas-y-rayos\/wp-json\/wp\/v2\/posts\/40166\/revisions"}],"predecessor-version":[{"id":48337,"href":"https:\/\/blogs.diariosur.es\/tormentas-y-rayos\/wp-json\/wp\/v2\/posts\/40166\/revisions\/48337"}],"wp:featuredmedia":[{"embeddable":true,"href":"https:\/\/blogs.diariosur.es\/tormentas-y-rayos\/wp-json\/wp\/v2\/media\/40169"}],"wp:attachment":[{"href":"https:\/\/blogs.diariosur.es\/tormentas-y-rayos\/wp-json\/wp\/v2\/media?parent=40166"}],"wp:term":[{"taxonomy":"category","embeddable":true,"href":"https:\/\/blogs.diariosur.es\/tormentas-y-rayos\/wp-json\/wp\/v2\/categories?post=40166"},{"taxonomy":"post_tag","embeddable":true,"href":"https:\/\/blogs.diariosur.es\/tormentas-y-rayos\/wp-json\/wp\/v2\/tags?post=40166"}],"curies":[{"name":"wp","href":"https:\/\/api.w.org\/{rel}","templated":true}]}}