{"id":40187,"date":"2024-03-16T08:33:44","date_gmt":"2024-03-16T07:33:44","guid":{"rendered":"https:\/\/blogs.diariosur.es\/tormentas-y-rayos\/?p=40187"},"modified":"2025-12-25T19:34:12","modified_gmt":"2025-12-25T18:34:12","slug":"el-lunes-y-martes-protagonista-el-terral-en-la-provincia-de-malaga-llovera-el-viernes-de-dolores","status":"publish","type":"post","link":"https:\/\/blogs.diariosur.es\/tormentas-y-rayos\/2024\/03\/16\/el-lunes-y-martes-protagonista-el-terral-en-la-provincia-de-malaga-llovera-el-viernes-de-dolores\/","title":{"rendered":"El lunes y martes protagonista el terral en la provincia de M\u00e1laga. \u00bfLlover\u00e1 el Viernes de Dolores?"},"content":{"rendered":"<p><a href=\"https:\/\/static-blogs.diariosur.es\/wp-content\/uploads\/sites\/12\/2023\/09\/380274744_10227628075266396_7294227596181000264_n.jpg\"><img loading=\"lazy\" class=\"aligncenter size-thumbnail wp-image-38514\" src=\"https:\/\/static-blogs.diariosur.es\/wp-content\/uploads\/sites\/12\/2023\/09\/380274744_10227628075266396_7294227596181000264_n-150x150.jpg\" alt=\"\" width=\"150\" height=\"150\" \/><\/a><\/p>\n<p data-pm-slice=\"1 1 []\">Buenos d\u00edas, amigos de la meteo. El lunes y martes tendremos temperaturas muy altas en toda la provincia malague\u00f1a; en algunos puntos del Valle del Guadalhorce llegar\u00e1n a los 30 grados. En M\u00e1laga capital, el aire caliente ir\u00e1 por barrios; en las zonas m\u00e1s cercanas al mar no se notar\u00e1 tanto, debido a las brisas marinas.<\/p>\n<h3><strong>\u00a0\u00bfLlover\u00e1 el Viernes de Dolores?<\/strong><\/h3>\n<p>Con los modelos actualizados, a\u00fan no est\u00e1 claro si el Viernes de Dolores tendremos precipitaci\u00f3n en la provincia de M\u00e1laga. Los dos principales modelos no se ponen de acuerdo en la ubicaci\u00f3n de la dana, como pod\u00e9is ver en estos dos mapas a 500 hpa (5500 m). Fuente: Meteologix<\/p>\n<p><strong>Modelo europeo<\/strong><\/p>\n<p>&nbsp;<\/p>\n<p><a href=\"https:\/\/static-blogs.diariosur.es\/wp-content\/uploads\/sites\/12\/2024\/03\/europeo.jpg\"><img loading=\"lazy\" class=\"aligncenter size-full wp-image-40188\" src=\"https:\/\/static-blogs.diariosur.es\/wp-content\/uploads\/sites\/12\/2024\/03\/europeo.jpg\" alt=\"\" width=\"765\" height=\"803\" srcset=\"https:\/\/static-blogs.diariosur.es\/wp-content\/uploads\/sites\/12\/2024\/03\/europeo.jpg 765w, https:\/\/static-blogs.diariosur.es\/wp-content\/uploads\/sites\/12\/2024\/03\/europeo-381x400.jpg 381w\" sizes=\"(max-width: 765px) 100vw, 765px\" \/><\/a><\/p>\n<p><strong>Modelo Americano<\/strong><\/p>\n<p>&nbsp;<\/p>\n<p><a href=\"https:\/\/static-blogs.diariosur.es\/wp-content\/uploads\/sites\/12\/2024\/03\/americano.jpg\"><img loading=\"lazy\" class=\"aligncenter size-full wp-image-40189\" src=\"https:\/\/static-blogs.diariosur.es\/wp-content\/uploads\/sites\/12\/2024\/03\/americano.jpg\" alt=\"\" width=\"763\" height=\"797\" srcset=\"https:\/\/static-blogs.diariosur.es\/wp-content\/uploads\/sites\/12\/2024\/03\/americano.jpg 763w, https:\/\/static-blogs.diariosur.es\/wp-content\/uploads\/sites\/12\/2024\/03\/americano-383x400.jpg 383w\" sizes=\"(max-width: 763px) 100vw, 763px\" \/><\/a><\/p>\n<p>&nbsp;<\/p>\n<p>&nbsp;<\/p>\n<p data-pm-slice=\"1 1 []\">Si no est\u00e1 claro lo del Viernes de Dolores, menos claro est\u00e1 el S\u00e1bado de Pasi\u00f3n y Domingo de Ramos. De cumplirse el modelo americano, aumenta la probabilidad de precipitaciones, incluso para el s\u00e1bado y domingo. Con el modelo europeo baja la probabilidad, tanto para el viernes, s\u00e1bado y domingo. Todo sab\u00e9is que con las danas, seg\u00fan se ubiquen, puede llover m\u00e1s en una zona y en otras nada. Tambi\u00e9n hay probabilidad de calima.<\/p>\n<p>En pr\u00f3ximas actualizaciones iremos viendo d\u00f3nde ubicar\u00e1 la DANA.<\/p>\n<p>Esta semana he estado en el 22.\u00ba Encuentro Hispano-Luso de Meteorolog\u00eda, que este a\u00f1o se ha celebrado en C\u00e1diz y San Fernando. Organizado por la Asociaci\u00f3n Meteorol\u00f3gica Espa\u00f1ola. En compa\u00f1\u00eda de mi amigo Jos\u00e9 Miguel Vi\u00f1as, hemos dado una charla del terral de M\u00e1laga.<\/p>\n<p>Aprovechando estos d\u00edas, os paso estas dos fotos de la puesta de sol en la playa de La Caleta en C\u00e1diz.<\/p>\n<p>&nbsp;<\/p>\n<p>&nbsp;<\/p>\n<p><a href=\"https:\/\/static-blogs.diariosur.es\/wp-content\/uploads\/sites\/12\/2024\/03\/DSC4432.jpg\"><img loading=\"lazy\" class=\"aligncenter size-full wp-image-40190\" src=\"https:\/\/static-blogs.diariosur.es\/wp-content\/uploads\/sites\/12\/2024\/03\/DSC4432.jpg\" alt=\"\" width=\"1200\" height=\"800\" srcset=\"https:\/\/static-blogs.diariosur.es\/wp-content\/uploads\/sites\/12\/2024\/03\/DSC4432.jpg 1200w, https:\/\/static-blogs.diariosur.es\/wp-content\/uploads\/sites\/12\/2024\/03\/DSC4432-600x400.jpg 600w, https:\/\/static-blogs.diariosur.es\/wp-content\/uploads\/sites\/12\/2024\/03\/DSC4432-768x512.jpg 768w\" sizes=\"(max-width: 1200px) 100vw, 1200px\" \/><\/a><\/p>\n<p>&nbsp;<\/p>\n<p><a href=\"https:\/\/static-blogs.diariosur.es\/wp-content\/uploads\/sites\/12\/2024\/03\/53589875535_6757c9a6d4_k.jpg\"><img loading=\"lazy\" class=\"aligncenter size-full wp-image-40191\" src=\"https:\/\/static-blogs.diariosur.es\/wp-content\/uploads\/sites\/12\/2024\/03\/53589875535_6757c9a6d4_k.jpg\" alt=\"\" width=\"1200\" height=\"800\" srcset=\"https:\/\/static-blogs.diariosur.es\/wp-content\/uploads\/sites\/12\/2024\/03\/53589875535_6757c9a6d4_k.jpg 1200w, https:\/\/static-blogs.diariosur.es\/wp-content\/uploads\/sites\/12\/2024\/03\/53589875535_6757c9a6d4_k-600x400.jpg 600w, https:\/\/static-blogs.diariosur.es\/wp-content\/uploads\/sites\/12\/2024\/03\/53589875535_6757c9a6d4_k-768x512.jpg 768w\" sizes=\"(max-width: 1200px) 100vw, 1200px\" \/><\/a><\/p>\n<p>&nbsp;<\/p>\n","protected":false},"excerpt":{"rendered":"<p>Buenos d\u00edas, amigos de la meteo. El lunes y martes tendremos temperaturas muy altas en toda la provincia malague\u00f1a; en algunos puntos del Valle del Guadalhorce llegar\u00e1n a los 30 grados. En M\u00e1laga capital, el aire caliente ir\u00e1 por barrios; en las zonas m\u00e1s cercanas al mar no se notar\u00e1 tanto, debido a las brisas [&hellip;]<\/p>\n","protected":false},"author":16,"featured_media":40192,"comment_status":"open","ping_status":"open","sticky":false,"template":"","format":"standard","meta":[],"categories":[2],"tags":[100,307,358,587,1429,888,902],"_links":{"self":[{"href":"https:\/\/blogs.diariosur.es\/tormentas-y-rayos\/wp-json\/wp\/v2\/posts\/40187"}],"collection":[{"href":"https:\/\/blogs.diariosur.es\/tormentas-y-rayos\/wp-json\/wp\/v2\/posts"}],"about":[{"href":"https:\/\/blogs.diariosur.es\/tormentas-y-rayos\/wp-json\/wp\/v2\/types\/post"}],"author":[{"embeddable":true,"href":"https:\/\/blogs.diariosur.es\/tormentas-y-rayos\/wp-json\/wp\/v2\/users\/16"}],"replies":[{"embeddable":true,"href":"https:\/\/blogs.diariosur.es\/tormentas-y-rayos\/wp-json\/wp\/v2\/comments?post=40187"}],"version-history":[{"count":6,"href":"https:\/\/blogs.diariosur.es\/tormentas-y-rayos\/wp-json\/wp\/v2\/posts\/40187\/revisions"}],"predecessor-version":[{"id":48338,"href":"https:\/\/blogs.diariosur.es\/tormentas-y-rayos\/wp-json\/wp\/v2\/posts\/40187\/revisions\/48338"}],"wp:featuredmedia":[{"embeddable":true,"href":"https:\/\/blogs.diariosur.es\/tormentas-y-rayos\/wp-json\/wp\/v2\/media\/40192"}],"wp:attachment":[{"href":"https:\/\/blogs.diariosur.es\/tormentas-y-rayos\/wp-json\/wp\/v2\/media?parent=40187"}],"wp:term":[{"taxonomy":"category","embeddable":true,"href":"https:\/\/blogs.diariosur.es\/tormentas-y-rayos\/wp-json\/wp\/v2\/categories?post=40187"},{"taxonomy":"post_tag","embeddable":true,"href":"https:\/\/blogs.diariosur.es\/tormentas-y-rayos\/wp-json\/wp\/v2\/tags?post=40187"}],"curies":[{"name":"wp","href":"https:\/\/api.w.org\/{rel}","templated":true}]}}