{"id":40199,"date":"2024-03-17T08:04:21","date_gmt":"2024-03-17T07:04:21","guid":{"rendered":"https:\/\/blogs.diariosur.es\/tormentas-y-rayos\/?p=40199"},"modified":"2025-11-25T18:24:12","modified_gmt":"2025-11-25T17:24:12","slug":"el-tiempo-en-malaga-y-andalucia-vuelve-la-calima-tendremos-precipitaciones-de-barro","status":"publish","type":"post","link":"https:\/\/blogs.diariosur.es\/tormentas-y-rayos\/2024\/03\/17\/el-tiempo-en-malaga-y-andalucia-vuelve-la-calima-tendremos-precipitaciones-de-barro\/","title":{"rendered":"El tiempo en M\u00e1laga y Andaluc\u00eda. Vuelve la calima. \u00bfTendremos precipitaciones de barro?"},"content":{"rendered":"<p><a href=\"https:\/\/static-blogs.diariosur.es\/wp-content\/uploads\/sites\/12\/2023\/09\/380274744_10227628075266396_7294227596181000264_n.jpg\"><img loading=\"lazy\" class=\"aligncenter size-thumbnail wp-image-38514\" src=\"https:\/\/static-blogs.diariosur.es\/wp-content\/uploads\/sites\/12\/2023\/09\/380274744_10227628075266396_7294227596181000264_n-150x150.jpg\" alt=\"\" width=\"150\" height=\"150\" \/><\/a><\/p>\n<p data-pm-slice=\"1 1 []\">Buenos d\u00edas, amigos de la meteo. Ayer s\u00e1bado se cumplieron las previsiones y el calor fue protagonista en muchos puntos de nuestra comunidad; destacar estas temperaturas m\u00e1ximas. Fuente AEMET<\/p>\n<p>Sevilla Tablada\u00a028. 2 grados<\/p>\n<p>\u00c9cija 27.9\u00a0grados<\/p>\n<p>El Granado en Huelva: 27.7 grados.<\/p>\n<p>Las Cabezas de San Juan: 27.6 grados.<\/p>\n<p>C\u00f3rdoba Aeropuerto 27.6 grados<\/p>\n<p>C\u00e1diz: 25.9 grados<\/p>\n<p>Ca\u00f1ar, Parque Nacional Sierra Nevada: 15.8 grados.<\/p>\n<p>Camarate, Parque Nacional Sierra Nevada, 18.5 grados.<\/p>\n<p>\u00c1lora 25.6 grados<\/p>\n<p>Alpandeire 25.2 grados.<\/p>\n<p>En M\u00e1laga capital, la m\u00e1xima fue de 23.1 grados en el Centro Meteorol\u00f3gico de Teatinos. Sobre la una de la tarde tuvimos tar\u00f3 en la Bah\u00eda de M\u00e1laga; hoy domingo puede repetirse.<\/p>\n<p><span style=\"color: #993300;\"><strong>Antes de hablaros de la calima, os doy la \u00faltima hora de la previsi\u00f3n de ma\u00f1ana lunes para M\u00e1laga.<\/strong>\u00a0<\/span><\/p>\n<p>Como os comentaba hace unos d\u00edas, el terral se notar\u00e1 ma\u00f1ana m\u00e1s en el Valle del Guadalhorce; en M\u00e1laga capital, debido a las brisas marinas, no se notar\u00e1 tanto, sobre todo cerca de la playa. Hay probabilidad de que el terral vaya por barrios, d\u00e1ndose las temperaturas m\u00e1s altas en la zona noroeste de la capital. Nuevamente hay probabilidad de brumas y tar\u00f3.<\/p>\n<h3><strong>La calima tomar\u00e1 protagonismo a partir de ma\u00f1ana lunes en Andaluc\u00eda y otras zonas de la pen\u00ednsula.<\/strong><\/h3>\n<p>A partir de ma\u00f1ana lunes y hasta el mi\u00e9rcoles, la calima ser\u00e1 protagonista en nuestra comunidad, d\u00e1ndose la mayor concentraci\u00f3n el martes. Como no se esperan lluvias estos tres d\u00edas, salvo sorpresas, no tendremos dep\u00f3sitos de barro. Tendremos que estar atentos al jueves si sigue la calima, ya que aumenta la probabilidad de algunos chubascos en algunos puntos de Andaluc\u00eda; depender\u00e1 de c\u00f3mo se posicione la dana. <strong>El cielo tampoco se pondr\u00e1 tan llamativo como en marzo de 2022.<\/strong><\/p>\n<p>Ma\u00f1ana nuevamente actualizar\u00e9 el blog para dar la \u00faltima hora de la dana; a\u00fan no est\u00e1 claro d\u00f3nde se ubicar\u00e1.<\/p>\n","protected":false},"excerpt":{"rendered":"<p>Buenos d\u00edas, amigos de la meteo. Ayer s\u00e1bado se cumplieron las previsiones y el calor fue protagonista en muchos puntos de nuestra comunidad; destacar estas temperaturas m\u00e1ximas. Fuente AEMET Sevilla Tablada\u00a028. 2 grados \u00c9cija 27.9\u00a0grados El Granado en Huelva: 27.7 grados. Las Cabezas de San Juan: 27.6 grados. C\u00f3rdoba Aeropuerto 27.6 grados C\u00e1diz: 25.9 grados [&hellip;]<\/p>\n","protected":false},"author":16,"featured_media":40201,"comment_status":"open","ping_status":"open","sticky":false,"template":"","format":"standard","meta":[],"categories":[2],"tags":[100,171,209,212,307,358,587,888,902,975],"_links":{"self":[{"href":"https:\/\/blogs.diariosur.es\/tormentas-y-rayos\/wp-json\/wp\/v2\/posts\/40199"}],"collection":[{"href":"https:\/\/blogs.diariosur.es\/tormentas-y-rayos\/wp-json\/wp\/v2\/posts"}],"about":[{"href":"https:\/\/blogs.diariosur.es\/tormentas-y-rayos\/wp-json\/wp\/v2\/types\/post"}],"author":[{"embeddable":true,"href":"https:\/\/blogs.diariosur.es\/tormentas-y-rayos\/wp-json\/wp\/v2\/users\/16"}],"replies":[{"embeddable":true,"href":"https:\/\/blogs.diariosur.es\/tormentas-y-rayos\/wp-json\/wp\/v2\/comments?post=40199"}],"version-history":[{"count":5,"href":"https:\/\/blogs.diariosur.es\/tormentas-y-rayos\/wp-json\/wp\/v2\/posts\/40199\/revisions"}],"predecessor-version":[{"id":47952,"href":"https:\/\/blogs.diariosur.es\/tormentas-y-rayos\/wp-json\/wp\/v2\/posts\/40199\/revisions\/47952"}],"wp:featuredmedia":[{"embeddable":true,"href":"https:\/\/blogs.diariosur.es\/tormentas-y-rayos\/wp-json\/wp\/v2\/media\/40201"}],"wp:attachment":[{"href":"https:\/\/blogs.diariosur.es\/tormentas-y-rayos\/wp-json\/wp\/v2\/media?parent=40199"}],"wp:term":[{"taxonomy":"category","embeddable":true,"href":"https:\/\/blogs.diariosur.es\/tormentas-y-rayos\/wp-json\/wp\/v2\/categories?post=40199"},{"taxonomy":"post_tag","embeddable":true,"href":"https:\/\/blogs.diariosur.es\/tormentas-y-rayos\/wp-json\/wp\/v2\/tags?post=40199"}],"curies":[{"name":"wp","href":"https:\/\/api.w.org\/{rel}","templated":true}]}}