{"id":40205,"date":"2024-03-18T10:11:28","date_gmt":"2024-03-18T09:11:28","guid":{"rendered":"https:\/\/blogs.diariosur.es\/tormentas-y-rayos\/?p=40205"},"modified":"2025-11-25T18:22:29","modified_gmt":"2025-11-25T17:22:29","slug":"que-tiempo-hara-el-viernes-de-dolores-en-malaga-la-dana-se-situara-en-el-cabo-de-san-vicente","status":"publish","type":"post","link":"https:\/\/blogs.diariosur.es\/tormentas-y-rayos\/2024\/03\/18\/que-tiempo-hara-el-viernes-de-dolores-en-malaga-la-dana-se-situara-en-el-cabo-de-san-vicente\/","title":{"rendered":"\u00bfQu\u00e9 tiempo har\u00e1 el Viernes de Dolores en M\u00e1laga? La dana se situar\u00e1 en el Cabo de San Vicente."},"content":{"rendered":"<p><a href=\"https:\/\/static-blogs.diariosur.es\/wp-content\/uploads\/sites\/12\/2023\/06\/66505616_10216972270637940_5684453640765440_n-2.jpg\"><img loading=\"lazy\" class=\"aligncenter size-thumbnail wp-image-37376\" src=\"https:\/\/static-blogs.diariosur.es\/wp-content\/uploads\/sites\/12\/2023\/06\/66505616_10216972270637940_5684453640765440_n-2-150x150.jpg\" alt=\"\" width=\"150\" height=\"150\" srcset=\"https:\/\/static-blogs.diariosur.es\/wp-content\/uploads\/sites\/12\/2023\/06\/66505616_10216972270637940_5684453640765440_n-2-150x150.jpg 150w, https:\/\/static-blogs.diariosur.es\/wp-content\/uploads\/sites\/12\/2023\/06\/66505616_10216972270637940_5684453640765440_n-2-400x400.jpg 400w, https:\/\/static-blogs.diariosur.es\/wp-content\/uploads\/sites\/12\/2023\/06\/66505616_10216972270637940_5684453640765440_n-2.jpg 768w\" sizes=\"(max-width: 150px) 100vw, 150px\" \/><\/a><\/p>\n<p>&nbsp;<\/p>\n<p data-pm-slice=\"1 1 []\">Muy buenos d\u00edas, amigos de la meteo. Con los modelos actualizados, sit\u00faan la DANA el pr\u00f3ximo jueves en el Cabo de San Vicente, como pod\u00e9is ver en los modelos europeo y americano. Fuente: Meteologix<\/p>\n<p>&nbsp;<\/p>\n<p>&nbsp;<\/p>\n<p><a href=\"https:\/\/static-blogs.diariosur.es\/wp-content\/uploads\/sites\/12\/2024\/03\/europeo-1.jpg\"><img loading=\"lazy\" class=\"aligncenter size-full wp-image-40206\" src=\"https:\/\/static-blogs.diariosur.es\/wp-content\/uploads\/sites\/12\/2024\/03\/europeo-1.jpg\" alt=\"\" width=\"762\" height=\"796\" srcset=\"https:\/\/static-blogs.diariosur.es\/wp-content\/uploads\/sites\/12\/2024\/03\/europeo-1.jpg 762w, https:\/\/static-blogs.diariosur.es\/wp-content\/uploads\/sites\/12\/2024\/03\/europeo-1-383x400.jpg 383w\" sizes=\"(max-width: 762px) 100vw, 762px\" \/><\/a><\/p>\n<p><a href=\"https:\/\/static-blogs.diariosur.es\/wp-content\/uploads\/sites\/12\/2024\/03\/americano-1.jpg\"><img loading=\"lazy\" class=\"aligncenter size-full wp-image-40207\" src=\"https:\/\/static-blogs.diariosur.es\/wp-content\/uploads\/sites\/12\/2024\/03\/americano-1.jpg\" alt=\"\" width=\"768\" height=\"797\" srcset=\"https:\/\/static-blogs.diariosur.es\/wp-content\/uploads\/sites\/12\/2024\/03\/americano-1.jpg 768w, https:\/\/static-blogs.diariosur.es\/wp-content\/uploads\/sites\/12\/2024\/03\/americano-1-385x400.jpg 385w\" sizes=\"(max-width: 768px) 100vw, 768px\" \/><\/a><\/p>\n<p>&nbsp;<\/p>\n<p data-pm-slice=\"1 1 []\">El mi\u00e9rcoles a \u00faltima hora de la noche y primeras horas de la madrugada del jueves, hay probabilidad de chubascos en M\u00e1laga y otras zonas de nuestra comunidad. Pueden ir acompa\u00f1ados de fen\u00f3menos tormentosos. Si sigue la calima, podemos tener dep\u00f3sitos de barro. Si hay traslados el jueves por la noche, baja la probabilidad de precipitaciones.<\/p>\n<p>La dana es muy probable que baje de latitud, acerc\u00e1ndose a las Canarias. Si esto se cumple, baja la probabilidad de precipitaciones el Viernes de Dolores en toda la provincia de M\u00e1laga. Como todo lo que baja sube, la dana se reintegrar\u00e1 a la circulaci\u00f3n general; no est\u00e1 muy claro qu\u00e9 d\u00eda lo har\u00e1 y por d\u00f3nde. Ma\u00f1ana nuevamente con los modelos actualizados, podremos ver la previsi\u00f3n del S\u00e1bado de Pasi\u00f3n y probablemente Domingo de Ramos.<\/p>\n<p><strong>Las danas son muy dif\u00edciles de modelizar; si hay cambios de \u00faltima hora, actualizar\u00e9 el blog.<\/strong><\/p>\n<p>Os dejo con esta bonita foto de mi amiga Nany Lavado.<\/p>\n<p>&nbsp;<\/p>\n<p><a href=\"https:\/\/static-blogs.diariosur.es\/wp-content\/uploads\/sites\/12\/2024\/03\/GIqQhQoWQAAYzw7.jpg\"><img loading=\"lazy\" class=\"aligncenter size-full wp-image-40209\" src=\"https:\/\/static-blogs.diariosur.es\/wp-content\/uploads\/sites\/12\/2024\/03\/GIqQhQoWQAAYzw7.jpg\" alt=\"\" width=\"900\" height=\"601\" srcset=\"https:\/\/static-blogs.diariosur.es\/wp-content\/uploads\/sites\/12\/2024\/03\/GIqQhQoWQAAYzw7.jpg 900w, https:\/\/static-blogs.diariosur.es\/wp-content\/uploads\/sites\/12\/2024\/03\/GIqQhQoWQAAYzw7-599x400.jpg 599w, https:\/\/static-blogs.diariosur.es\/wp-content\/uploads\/sites\/12\/2024\/03\/GIqQhQoWQAAYzw7-768x513.jpg 768w\" sizes=\"(max-width: 900px) 100vw, 900px\" \/><\/a><\/p>\n","protected":false},"excerpt":{"rendered":"<p>&nbsp; Muy buenos d\u00edas, amigos de la meteo. Con los modelos actualizados, sit\u00faan la DANA el pr\u00f3ximo jueves en el Cabo de San Vicente, como pod\u00e9is ver en los modelos europeo y americano. Fuente: Meteologix &nbsp; &nbsp; &nbsp; El mi\u00e9rcoles a \u00faltima hora de la noche y primeras horas de la madrugada del jueves, hay [&hellip;]<\/p>\n","protected":false},"author":16,"featured_media":40209,"comment_status":"open","ping_status":"open","sticky":false,"template":"","format":"standard","meta":[],"categories":[2],"tags":[100,307,358,569,800,888,902,909],"_links":{"self":[{"href":"https:\/\/blogs.diariosur.es\/tormentas-y-rayos\/wp-json\/wp\/v2\/posts\/40205"}],"collection":[{"href":"https:\/\/blogs.diariosur.es\/tormentas-y-rayos\/wp-json\/wp\/v2\/posts"}],"about":[{"href":"https:\/\/blogs.diariosur.es\/tormentas-y-rayos\/wp-json\/wp\/v2\/types\/post"}],"author":[{"embeddable":true,"href":"https:\/\/blogs.diariosur.es\/tormentas-y-rayos\/wp-json\/wp\/v2\/users\/16"}],"replies":[{"embeddable":true,"href":"https:\/\/blogs.diariosur.es\/tormentas-y-rayos\/wp-json\/wp\/v2\/comments?post=40205"}],"version-history":[{"count":6,"href":"https:\/\/blogs.diariosur.es\/tormentas-y-rayos\/wp-json\/wp\/v2\/posts\/40205\/revisions"}],"predecessor-version":[{"id":47951,"href":"https:\/\/blogs.diariosur.es\/tormentas-y-rayos\/wp-json\/wp\/v2\/posts\/40205\/revisions\/47951"}],"wp:featuredmedia":[{"embeddable":true,"href":"https:\/\/blogs.diariosur.es\/tormentas-y-rayos\/wp-json\/wp\/v2\/media\/40209"}],"wp:attachment":[{"href":"https:\/\/blogs.diariosur.es\/tormentas-y-rayos\/wp-json\/wp\/v2\/media?parent=40205"}],"wp:term":[{"taxonomy":"category","embeddable":true,"href":"https:\/\/blogs.diariosur.es\/tormentas-y-rayos\/wp-json\/wp\/v2\/categories?post=40205"},{"taxonomy":"post_tag","embeddable":true,"href":"https:\/\/blogs.diariosur.es\/tormentas-y-rayos\/wp-json\/wp\/v2\/tags?post=40205"}],"curies":[{"name":"wp","href":"https:\/\/api.w.org\/{rel}","templated":true}]}}