{"id":40214,"date":"2024-03-19T08:34:14","date_gmt":"2024-03-19T07:34:14","guid":{"rendered":"https:\/\/blogs.diariosur.es\/tormentas-y-rayos\/?p=40214"},"modified":"2025-11-25T18:20:36","modified_gmt":"2025-11-25T17:20:36","slug":"probables-chubascos-tormentosos-manana-y-el-jueves-prediccion-viernes-de-dolores-y-sabado-de-pasion-en-malaga","status":"publish","type":"post","link":"https:\/\/blogs.diariosur.es\/tormentas-y-rayos\/2024\/03\/19\/probables-chubascos-tormentosos-manana-y-el-jueves-prediccion-viernes-de-dolores-y-sabado-de-pasion-en-malaga\/","title":{"rendered":"Probables chubascos tormentosos ma\u00f1ana y el jueves. Predicci\u00f3n Viernes de Dolores y S\u00e1bado de Pasi\u00f3n en M\u00e1laga"},"content":{"rendered":"<p><a href=\"https:\/\/static-blogs.diariosur.es\/wp-content\/uploads\/sites\/12\/2023\/10\/243418660_10223324765526342_8448445083528661051_n.jpg\"><img loading=\"lazy\" class=\"aligncenter size-thumbnail wp-image-38644\" src=\"https:\/\/static-blogs.diariosur.es\/wp-content\/uploads\/sites\/12\/2023\/10\/243418660_10223324765526342_8448445083528661051_n-150x150.jpg\" alt=\"\" width=\"150\" height=\"150\" \/><\/a><\/p>\n<p>Muy buenos d\u00edas, amigos de la meteo. Ayer se cumplieron las previsiones y el calor fue protagonista en toda Andaluc\u00eda. En lo que respecta a la provincia de M\u00e1laga, se sobrepasaron los 30 grados en algunos puntos del Valle del Guadalhorce, destacar tambi\u00e9n los 27 grados que se alcanzaron en las comarcas de Ronda y Antequera. En zona de costa rondaron los 21 y 25 grados. Hoy Dia del Padre seguiremos con un tiempo parecido al que tuvimos ayer.<\/p>\n<h3><span style=\"color: #0000ff;\"><strong>Probables chubascos tormentosos ma\u00f1ana mi\u00e9rcoles y el jueves<\/strong><\/span><\/h3>\n<p>&nbsp;<\/p>\n<p data-pm-slice=\"1 1 []\">La dana ya va camino del Cabo de San Vicente; ma\u00f1ana mi\u00e9rcoles al mediod\u00eda tendr\u00e1 esta ubicaci\u00f3n. Fuente modelo europeo. Meteologix.<\/p>\n<p>&nbsp;<\/p>\n<p>&nbsp;<\/p>\n<p><a href=\"https:\/\/static-blogs.diariosur.es\/wp-content\/uploads\/sites\/12\/2024\/03\/zz-1.jpg\"><img loading=\"lazy\" class=\"aligncenter size-full wp-image-40216\" src=\"https:\/\/static-blogs.diariosur.es\/wp-content\/uploads\/sites\/12\/2024\/03\/zz-1.jpg\" alt=\"\" width=\"773\" height=\"787\" srcset=\"https:\/\/static-blogs.diariosur.es\/wp-content\/uploads\/sites\/12\/2024\/03\/zz-1.jpg 773w, https:\/\/static-blogs.diariosur.es\/wp-content\/uploads\/sites\/12\/2024\/03\/zz-1-393x400.jpg 393w, https:\/\/static-blogs.diariosur.es\/wp-content\/uploads\/sites\/12\/2024\/03\/zz-1-768x782.jpg 768w\" sizes=\"(max-width: 773px) 100vw, 773px\" \/><\/a><\/p>\n<p>&nbsp;<\/p>\n<p data-pm-slice=\"1 1 []\">Desde esa posici\u00f3n, tendremos chubascos tormentosos a <strong>\u00faltima hora de la noche y madrugada del jueves<\/strong> en algunos puntos de la provincia; tambi\u00e9n se pueden dar en las dem\u00e1s provincias andaluzas, siendo menos probables en la de Almer\u00eda. Estos chubascos pueden ir acompa\u00f1ados de dep\u00f3sitos de barro, pero <strong>no ser\u00e1 nada comparable<\/strong> con lo que pas\u00f3 en marzo de 2022. Las temperaturas m\u00e1ximas bajar\u00e1n en toda la comunidad; a primeras horas de la ma\u00f1ana del mi\u00e9rcoles podemos tener en la costa andaluza mediterr\u00e1nea brumas e incluso tar\u00f3.<\/p>\n<h3><strong>Predicci\u00f3n Viernes de Dolores y S\u00e1bado de Pasi\u00f3n en M\u00e1laga.<\/strong><\/h3>\n<p>Como os comentaba ayer, la dana bajar\u00e1 de latitud a partir del jueves y se ubicar\u00e1 cerca de las Islas Canarias; os paso el mapa a 500 hpa previsto para el Viernes de Dolores.<\/p>\n<p>&nbsp;<\/p>\n<p><a href=\"https:\/\/static-blogs.diariosur.es\/wp-content\/uploads\/sites\/12\/2024\/03\/Captura-de-pantalla-2024-03-19-080735.jpg\"><img loading=\"lazy\" class=\"aligncenter size-full wp-image-40218\" src=\"https:\/\/static-blogs.diariosur.es\/wp-content\/uploads\/sites\/12\/2024\/03\/Captura-de-pantalla-2024-03-19-080735.jpg\" alt=\"\" width=\"762\" height=\"786\" srcset=\"https:\/\/static-blogs.diariosur.es\/wp-content\/uploads\/sites\/12\/2024\/03\/Captura-de-pantalla-2024-03-19-080735.jpg 762w, https:\/\/static-blogs.diariosur.es\/wp-content\/uploads\/sites\/12\/2024\/03\/Captura-de-pantalla-2024-03-19-080735-388x400.jpg 388w\" sizes=\"(max-width: 762px) 100vw, 762px\" \/><\/a><\/p>\n<p>&nbsp;<\/p>\n<p data-pm-slice=\"1 1 []\">Desde esa posici\u00f3n baja mucho la probabilidad de precipitaciones en la provincia de M\u00e1laga para el viernes y s\u00e1bado, tambi\u00e9n en toda la comunidad. Las temperaturas m\u00e1ximas estar\u00e1n en toda Andaluc\u00eda por encima de la media.<\/p>\n<p>La previsi\u00f3n del Domingo de Ramos la veremos el jueves; hay que estar atentos para cuando la dana se reintegre en la circulaci\u00f3n general.<\/p>\n<p>De momento veremos este nazareno.<\/p>\n<p>&nbsp;<\/p>\n<p>&nbsp;<\/p>\n<p><a href=\"https:\/\/static-blogs.diariosur.es\/wp-content\/uploads\/sites\/12\/2024\/03\/16952160135_c7ebd99047.jpg\"><img loading=\"lazy\" class=\"aligncenter size-full wp-image-40219\" src=\"https:\/\/static-blogs.diariosur.es\/wp-content\/uploads\/sites\/12\/2024\/03\/16952160135_c7ebd99047.jpg\" alt=\"\" width=\"409\" height=\"500\" srcset=\"https:\/\/static-blogs.diariosur.es\/wp-content\/uploads\/sites\/12\/2024\/03\/16952160135_c7ebd99047.jpg 409w, https:\/\/static-blogs.diariosur.es\/wp-content\/uploads\/sites\/12\/2024\/03\/16952160135_c7ebd99047-327x400.jpg 327w\" sizes=\"(max-width: 409px) 100vw, 409px\" \/><\/a><\/p>\n<p>&nbsp;<\/p>\n<p>&nbsp;<\/p>\n","protected":false},"excerpt":{"rendered":"<p>Muy buenos d\u00edas, amigos de la meteo. Ayer se cumplieron las previsiones y el calor fue protagonista en toda Andaluc\u00eda. En lo que respecta a la provincia de M\u00e1laga, se sobrepasaron los 30 grados en algunos puntos del Valle del Guadalhorce, destacar tambi\u00e9n los 27 grados que se alcanzaron en las comarcas de Ronda y [&hellip;]<\/p>\n","protected":false},"author":16,"featured_media":40219,"comment_status":"open","ping_status":"open","sticky":false,"template":"","format":"standard","meta":[],"categories":[2],"tags":[100,1890,358,587,800,888,902,909],"_links":{"self":[{"href":"https:\/\/blogs.diariosur.es\/tormentas-y-rayos\/wp-json\/wp\/v2\/posts\/40214"}],"collection":[{"href":"https:\/\/blogs.diariosur.es\/tormentas-y-rayos\/wp-json\/wp\/v2\/posts"}],"about":[{"href":"https:\/\/blogs.diariosur.es\/tormentas-y-rayos\/wp-json\/wp\/v2\/types\/post"}],"author":[{"embeddable":true,"href":"https:\/\/blogs.diariosur.es\/tormentas-y-rayos\/wp-json\/wp\/v2\/users\/16"}],"replies":[{"embeddable":true,"href":"https:\/\/blogs.diariosur.es\/tormentas-y-rayos\/wp-json\/wp\/v2\/comments?post=40214"}],"version-history":[{"count":5,"href":"https:\/\/blogs.diariosur.es\/tormentas-y-rayos\/wp-json\/wp\/v2\/posts\/40214\/revisions"}],"predecessor-version":[{"id":47950,"href":"https:\/\/blogs.diariosur.es\/tormentas-y-rayos\/wp-json\/wp\/v2\/posts\/40214\/revisions\/47950"}],"wp:featuredmedia":[{"embeddable":true,"href":"https:\/\/blogs.diariosur.es\/tormentas-y-rayos\/wp-json\/wp\/v2\/media\/40219"}],"wp:attachment":[{"href":"https:\/\/blogs.diariosur.es\/tormentas-y-rayos\/wp-json\/wp\/v2\/media?parent=40214"}],"wp:term":[{"taxonomy":"category","embeddable":true,"href":"https:\/\/blogs.diariosur.es\/tormentas-y-rayos\/wp-json\/wp\/v2\/categories?post=40214"},{"taxonomy":"post_tag","embeddable":true,"href":"https:\/\/blogs.diariosur.es\/tormentas-y-rayos\/wp-json\/wp\/v2\/tags?post=40214"}],"curies":[{"name":"wp","href":"https:\/\/api.w.org\/{rel}","templated":true}]}}