{"id":40222,"date":"2024-03-20T10:50:00","date_gmt":"2024-03-20T09:50:00","guid":{"rendered":"https:\/\/blogs.diariosur.es\/tormentas-y-rayos\/?p=40222"},"modified":"2025-11-25T18:17:27","modified_gmt":"2025-11-25T17:17:27","slug":"aviso-amarilllo-las-olas-de-levante-seran-protagonistas-el-jueves-y-viernes-en-la-costa-de-malaga","status":"publish","type":"post","link":"https:\/\/blogs.diariosur.es\/tormentas-y-rayos\/2024\/03\/20\/aviso-amarilllo-las-olas-de-levante-seran-protagonistas-el-jueves-y-viernes-en-la-costa-de-malaga\/","title":{"rendered":"Aviso amarilllo. Las olas de levante ser\u00e1n protagonistas el viernes en la costa de M\u00e1laga."},"content":{"rendered":"<p><a href=\"https:\/\/static-blogs.diariosur.es\/wp-content\/uploads\/sites\/12\/2024\/02\/379337914_10227628075666406_6248628726251100327_n.jpg\"><img loading=\"lazy\" class=\"aligncenter size-thumbnail wp-image-39879\" src=\"https:\/\/static-blogs.diariosur.es\/wp-content\/uploads\/sites\/12\/2024\/02\/379337914_10227628075666406_6248628726251100327_n-150x150.jpg\" alt=\"\" width=\"150\" height=\"150\" \/><\/a><\/p>\n<p data-pm-slice=\"1 1 []\">Buenas tardes, amigos de la meteo. Como os comentaba ayer, esta noche a \u00faltima hora y durante la madrugada del jueves hay probabilidad de chubascos que pueden ir acompa\u00f1ados de fen\u00f3menos tormentosos.<\/p>\n<p>Al bajar la dana de latitud, tendremos viento fuerte de levante en la costa, que traer\u00e1 consigo olas de 3 metros. La aemet activa el aviso amarillo en la costa malague\u00f1a para ma\u00f1ana jueves y el viernes por rachas de 50 y 60 kil\u00f3metros por hora y olas de 3 metros. Reedito: el aviso comienza el viernes.<\/p>\n<p>Ma\u00f1ana por la tarde o el viernes hablaremos del Domingo de Ramos.<\/p>\n","protected":false},"excerpt":{"rendered":"<p>Buenas tardes, amigos de la meteo. Como os comentaba ayer, esta noche a \u00faltima hora y durante la madrugada del jueves hay probabilidad de chubascos que pueden ir acompa\u00f1ados de fen\u00f3menos tormentosos. Al bajar la dana de latitud, tendremos viento fuerte de levante en la costa, que traer\u00e1 consigo olas de 3 metros. La aemet [&hellip;]<\/p>\n","protected":false},"author":16,"featured_media":38783,"comment_status":"open","ping_status":"open","sticky":false,"template":"","format":"standard","meta":[],"categories":[2],"tags":[94,100,151,358,587,800,888,902,909],"_links":{"self":[{"href":"https:\/\/blogs.diariosur.es\/tormentas-y-rayos\/wp-json\/wp\/v2\/posts\/40222"}],"collection":[{"href":"https:\/\/blogs.diariosur.es\/tormentas-y-rayos\/wp-json\/wp\/v2\/posts"}],"about":[{"href":"https:\/\/blogs.diariosur.es\/tormentas-y-rayos\/wp-json\/wp\/v2\/types\/post"}],"author":[{"embeddable":true,"href":"https:\/\/blogs.diariosur.es\/tormentas-y-rayos\/wp-json\/wp\/v2\/users\/16"}],"replies":[{"embeddable":true,"href":"https:\/\/blogs.diariosur.es\/tormentas-y-rayos\/wp-json\/wp\/v2\/comments?post=40222"}],"version-history":[{"count":5,"href":"https:\/\/blogs.diariosur.es\/tormentas-y-rayos\/wp-json\/wp\/v2\/posts\/40222\/revisions"}],"predecessor-version":[{"id":47948,"href":"https:\/\/blogs.diariosur.es\/tormentas-y-rayos\/wp-json\/wp\/v2\/posts\/40222\/revisions\/47948"}],"wp:featuredmedia":[{"embeddable":true,"href":"https:\/\/blogs.diariosur.es\/tormentas-y-rayos\/wp-json\/wp\/v2\/media\/38783"}],"wp:attachment":[{"href":"https:\/\/blogs.diariosur.es\/tormentas-y-rayos\/wp-json\/wp\/v2\/media?parent=40222"}],"wp:term":[{"taxonomy":"category","embeddable":true,"href":"https:\/\/blogs.diariosur.es\/tormentas-y-rayos\/wp-json\/wp\/v2\/categories?post=40222"},{"taxonomy":"post_tag","embeddable":true,"href":"https:\/\/blogs.diariosur.es\/tormentas-y-rayos\/wp-json\/wp\/v2\/tags?post=40222"}],"curies":[{"name":"wp","href":"https:\/\/api.w.org\/{rel}","templated":true}]}}