{"id":40241,"date":"2024-03-22T08:20:41","date_gmt":"2024-03-22T07:20:41","guid":{"rendered":"https:\/\/blogs.diariosur.es\/tormentas-y-rayos\/?p=40241"},"modified":"2025-11-25T18:09:55","modified_gmt":"2025-11-25T17:09:55","slug":"que-tiempo-hara-en-malaga-el-domingo-de-ramos-y-lunes-santo-de-madrugada","status":"publish","type":"post","link":"https:\/\/blogs.diariosur.es\/tormentas-y-rayos\/2024\/03\/22\/que-tiempo-hara-en-malaga-el-domingo-de-ramos-y-lunes-santo-de-madrugada\/","title":{"rendered":"\u00bfQu\u00e9 tiempo har\u00e1 en M\u00e1laga el Domingo de Ramos y Lunes Santo de Madrugada?"},"content":{"rendered":"<p><a href=\"https:\/\/static-blogs.diariosur.es\/wp-content\/uploads\/sites\/12\/2024\/02\/379337914_10227628075666406_6248628726251100327_n.jpg\"><img loading=\"lazy\" class=\"aligncenter size-thumbnail wp-image-39879\" src=\"https:\/\/static-blogs.diariosur.es\/wp-content\/uploads\/sites\/12\/2024\/02\/379337914_10227628075666406_6248628726251100327_n-150x150.jpg\" alt=\"\" width=\"150\" height=\"150\" \/><\/a><\/p>\n<p>Muy buenos d\u00edas, amigos de la meteo. Cuando son las seis de la ma\u00f1ana en M\u00e1laga capital, mi estaci\u00f3n registra 18.5 grados, los cielos siguen con polvo en suspensi\u00f3n y el mag\u00f3n es protagonista en las playas de M\u00e1laga. Sobre las seis y media tirar\u00e9 para la playa de la misericordia, os pondr\u00e9 fotos y alg\u00fan video.<\/p>\n<p>Antes de daros la probable predicci\u00f3n, os comento que pongo Lunes Santo de Madrugada porque en M\u00e1laga y otras provincias andaluzas hay procesiones del Domingo de Ramos que se encierran de madrugada. Sigue habiendo mucha incertidumbre.<\/p>\n<h3><span style=\"color: #ff00ff;\"><strong>\u00bfQu\u00e9 tiempo har\u00e1 en M\u00e1laga el Domingo de Ramos y Lunes Santo de Madrugada?<\/strong><\/span><\/h3>\n<p data-pm-slice=\"1 1 []\">Este a\u00f1o la incertidumbre viene dada por una dana, que en estos momentos est\u00e1 al norte de las Islas Canarias. El domingo de madrugada empezar\u00e1 a subir de latitud y se situar\u00e1 cerca del Golfo de C\u00e1diz; esto traer\u00e1 consigo la probabilidad alta de chubascos a \u00faltima hora de la noche del domingo o primeras horas de la madrugada del lunes. Si nada cambia, es muy probable que las procesiones de por la ma\u00f1ana y primeras horas de la tarde no tengan problemas, pero yo estar\u00eda pendiente del radar de lluvias por si la dana llega antes. El domingo por la ma\u00f1ana, con los modelos en mesoescala, estar\u00e1 m\u00e1s claro sobre qu\u00e9 hora pueden caer los primeros chubascos. Los primeros chubascos que caigan ser\u00e1n de barro.<\/p>\n<p>Esta dana es muy probable que el lunes se reintegre con una vaguada, y las lluvias sean protagonistas el lunes y el martes. Ma\u00f1ana o el domingo estar\u00e1 m\u00e1s claro.<\/p>\n<p>Toda Andaluc\u00eda se ver\u00e1 afectada por este cambio de tiempo.<\/p>\n<p>Os dejo con un video que he tomado esta ma\u00f1ana. La calima y el mag\u00f3n son protagonistas.<\/p>\n<p>&nbsp;<\/p>\n<p><iframe loading=\"lazy\" title=\"YouTube video player\" src=\"https:\/\/www.youtube.com\/embed\/gnNW6EA8UjU?si=g_H1uO_X9Vy-79pW\" width=\"560\" height=\"315\" frameborder=\"0\" allowfullscreen=\"allowfullscreen\"><\/iframe><\/p>\n<p>&nbsp;<\/p>\n<p>&nbsp;<\/p>\n<p>&nbsp;<\/p>\n<p>&nbsp;<\/p>\n<p>&nbsp;<\/p>\n","protected":false},"excerpt":{"rendered":"<p>Muy buenos d\u00edas, amigos de la meteo. Cuando son las seis de la ma\u00f1ana en M\u00e1laga capital, mi estaci\u00f3n registra 18.5 grados, los cielos siguen con polvo en suspensi\u00f3n y el mag\u00f3n es protagonista en las playas de M\u00e1laga. Sobre las seis y media tirar\u00e9 para la playa de la misericordia, os pondr\u00e9 fotos y [&hellip;]<\/p>\n","protected":false},"author":16,"featured_media":36450,"comment_status":"open","ping_status":"open","sticky":false,"template":"","format":"standard","meta":[],"categories":[2],"tags":[100,171,209,358,587,888,902],"_links":{"self":[{"href":"https:\/\/blogs.diariosur.es\/tormentas-y-rayos\/wp-json\/wp\/v2\/posts\/40241"}],"collection":[{"href":"https:\/\/blogs.diariosur.es\/tormentas-y-rayos\/wp-json\/wp\/v2\/posts"}],"about":[{"href":"https:\/\/blogs.diariosur.es\/tormentas-y-rayos\/wp-json\/wp\/v2\/types\/post"}],"author":[{"embeddable":true,"href":"https:\/\/blogs.diariosur.es\/tormentas-y-rayos\/wp-json\/wp\/v2\/users\/16"}],"replies":[{"embeddable":true,"href":"https:\/\/blogs.diariosur.es\/tormentas-y-rayos\/wp-json\/wp\/v2\/comments?post=40241"}],"version-history":[{"count":12,"href":"https:\/\/blogs.diariosur.es\/tormentas-y-rayos\/wp-json\/wp\/v2\/posts\/40241\/revisions"}],"predecessor-version":[{"id":47944,"href":"https:\/\/blogs.diariosur.es\/tormentas-y-rayos\/wp-json\/wp\/v2\/posts\/40241\/revisions\/47944"}],"wp:featuredmedia":[{"embeddable":true,"href":"https:\/\/blogs.diariosur.es\/tormentas-y-rayos\/wp-json\/wp\/v2\/media\/36450"}],"wp:attachment":[{"href":"https:\/\/blogs.diariosur.es\/tormentas-y-rayos\/wp-json\/wp\/v2\/media?parent=40241"}],"wp:term":[{"taxonomy":"category","embeddable":true,"href":"https:\/\/blogs.diariosur.es\/tormentas-y-rayos\/wp-json\/wp\/v2\/categories?post=40241"},{"taxonomy":"post_tag","embeddable":true,"href":"https:\/\/blogs.diariosur.es\/tormentas-y-rayos\/wp-json\/wp\/v2\/tags?post=40241"}],"curies":[{"name":"wp","href":"https:\/\/api.w.org\/{rel}","templated":true}]}}