{"id":40253,"date":"2024-03-23T08:02:39","date_gmt":"2024-03-23T07:02:39","guid":{"rendered":"https:\/\/blogs.diariosur.es\/tormentas-y-rayos\/?p=40253"},"modified":"2025-11-25T18:07:59","modified_gmt":"2025-11-25T17:07:59","slug":"incertidumbre-en-acumulados-de-precipitacion-domingo-de-ramos-y-lunes-santo-en-malaga-y-andalucia-probables-chubascos-de-barro","status":"publish","type":"post","link":"https:\/\/blogs.diariosur.es\/tormentas-y-rayos\/2024\/03\/23\/incertidumbre-en-acumulados-de-precipitacion-domingo-de-ramos-y-lunes-santo-en-malaga-y-andalucia-probables-chubascos-de-barro\/","title":{"rendered":"Incertidumbre en acumulados de precipitaci\u00f3n Domingo de Ramos y Lunes Santo en M\u00e1laga y Andaluc\u00eda. Probables chubascos de barro."},"content":{"rendered":"<p><a href=\"https:\/\/static-blogs.diariosur.es\/wp-content\/uploads\/sites\/12\/2023\/10\/243418660_10223324765526342_8448445083528661051_n.jpg\"><img loading=\"lazy\" class=\"aligncenter size-thumbnail wp-image-38644\" src=\"https:\/\/static-blogs.diariosur.es\/wp-content\/uploads\/sites\/12\/2023\/10\/243418660_10223324765526342_8448445083528661051_n-150x150.jpg\" alt=\"\" width=\"150\" height=\"150\" \/><\/a><\/p>\n<p>&nbsp;<\/p>\n<p data-pm-slice=\"1 1 []\">Muy buenos d\u00edas, amigos de la meteo. Cuando son las siete de la ma\u00f1ana en M\u00e1laga capital, mi estaci\u00f3n registra 18.2 grados, los cielos siguen con calima y en la costa tenemos mag\u00f3n de 2 metros. Ma\u00f1ana las olas ser\u00e1n de mayor altura a partir del mediod\u00eda; se activa el aviso amarillo por fen\u00f3menos costeros y por viento en Ronda.<\/p>\n<p>A tan pocas horas de la llegada de la dana, los principales modelos no se ponen de acuerdo en los acumulados de precipitaci\u00f3n desde las siete de la tarde del Domingo de Ramos hasta las diez de la noche del Lunes Santo. Estos modelos son el Europeo y el Americano; si os fij\u00e1is en los mapas, hay mucha diferencia en M\u00e1laga capital y su provincia.<\/p>\n<p>Comenzamos con la provincia de M\u00e1laga.<\/p>\n<p><strong>MODELO EUROPEO<\/strong><\/p>\n<p>&nbsp;<\/p>\n<p><a href=\"https:\/\/static-blogs.diariosur.es\/wp-content\/uploads\/sites\/12\/2024\/03\/malaga-europeo.jpg\"><img loading=\"lazy\" class=\"aligncenter size-full wp-image-40254\" src=\"https:\/\/static-blogs.diariosur.es\/wp-content\/uploads\/sites\/12\/2024\/03\/malaga-europeo.jpg\" alt=\"\" width=\"765\" height=\"794\" srcset=\"https:\/\/static-blogs.diariosur.es\/wp-content\/uploads\/sites\/12\/2024\/03\/malaga-europeo.jpg 765w, https:\/\/static-blogs.diariosur.es\/wp-content\/uploads\/sites\/12\/2024\/03\/malaga-europeo-385x400.jpg 385w\" sizes=\"(max-width: 765px) 100vw, 765px\" \/><\/a><\/p>\n<p>&nbsp;<\/p>\n<p><strong>MODELO AMERICANO<\/strong><\/p>\n<p>&nbsp;<\/p>\n<p><a href=\"https:\/\/static-blogs.diariosur.es\/wp-content\/uploads\/sites\/12\/2024\/03\/malaga-americano.jpg\"><img loading=\"lazy\" class=\"aligncenter size-full wp-image-40255\" src=\"https:\/\/static-blogs.diariosur.es\/wp-content\/uploads\/sites\/12\/2024\/03\/malaga-americano.jpg\" alt=\"\" width=\"765\" height=\"790\" srcset=\"https:\/\/static-blogs.diariosur.es\/wp-content\/uploads\/sites\/12\/2024\/03\/malaga-americano.jpg 765w, https:\/\/static-blogs.diariosur.es\/wp-content\/uploads\/sites\/12\/2024\/03\/malaga-americano-387x400.jpg 387w\" sizes=\"(max-width: 765px) 100vw, 765px\" \/><\/a><\/p>\n<p>&nbsp;<\/p>\n<p><strong>ANDALUC\u00cdA MODELO EUROPEO<\/strong><\/p>\n<p>&nbsp;<\/p>\n<p><a href=\"https:\/\/static-blogs.diariosur.es\/wp-content\/uploads\/sites\/12\/2024\/03\/andalucia-europeo-1.jpg\"><img loading=\"lazy\" class=\"aligncenter size-full wp-image-40256\" src=\"https:\/\/static-blogs.diariosur.es\/wp-content\/uploads\/sites\/12\/2024\/03\/andalucia-europeo-1.jpg\" alt=\"\" width=\"772\" height=\"792\" srcset=\"https:\/\/static-blogs.diariosur.es\/wp-content\/uploads\/sites\/12\/2024\/03\/andalucia-europeo-1.jpg 772w, https:\/\/static-blogs.diariosur.es\/wp-content\/uploads\/sites\/12\/2024\/03\/andalucia-europeo-1-390x400.jpg 390w, https:\/\/static-blogs.diariosur.es\/wp-content\/uploads\/sites\/12\/2024\/03\/andalucia-europeo-1-768x788.jpg 768w\" sizes=\"(max-width: 772px) 100vw, 772px\" \/><\/a><\/p>\n<p>&nbsp;<\/p>\n<p><strong>ANDALUCIA MODELO AMERICANO<\/strong><\/p>\n<p>&nbsp;<\/p>\n<p><a href=\"https:\/\/static-blogs.diariosur.es\/wp-content\/uploads\/sites\/12\/2024\/03\/andaluc\u00eda-americano-1.jpg\"><img loading=\"lazy\" class=\"aligncenter size-full wp-image-40257\" src=\"https:\/\/static-blogs.diariosur.es\/wp-content\/uploads\/sites\/12\/2024\/03\/andaluc\u00eda-americano-1.jpg\" alt=\"\" width=\"777\" height=\"790\" srcset=\"https:\/\/static-blogs.diariosur.es\/wp-content\/uploads\/sites\/12\/2024\/03\/andaluc\u00eda-americano-1.jpg 777w, https:\/\/static-blogs.diariosur.es\/wp-content\/uploads\/sites\/12\/2024\/03\/andaluc\u00eda-americano-1-393x400.jpg 393w, https:\/\/static-blogs.diariosur.es\/wp-content\/uploads\/sites\/12\/2024\/03\/andaluc\u00eda-americano-1-768x781.jpg 768w\" sizes=\"(max-width: 777px) 100vw, 777px\" \/><\/a><\/p>\n<p><span style=\"color: #ff00ff;\"><strong>DOMINGO DE RAMOS<\/strong><\/span><\/p>\n<p>Como os comentaba ayer, hay que estar atento al radar de lluvias a partir de la tarde en la provincia de M\u00e1laga, seg\u00fan se aproxime la dana pueden adelantarse los chubascos o retrasarse. Estos chubascos vendr\u00e1n acompa\u00f1ados de fen\u00f3menos tormentosos y dep\u00f3sitos de barro, espero no pase como en marzo de 2022. Tambi\u00e9n hay probabilidad de rachas de moderadas a fuertes de levante en la costa malague\u00f1a y comarcas de Ronda y Antequera. La aemet activa el aviso amarillo por viento en Ronda, rachas de 70 km\/h.<\/p>\n<p>Sobre lo que pueda pasar el Lunes Santo y Martes Santo, lo veremos mejor ma\u00f1ana.<br \/>\nOs dejo con estas dos fotos que hice ayer por la ma\u00f1ana desde el Parador de Gibralfaro.<\/p>\n<p>&nbsp;<\/p>\n<p><a href=\"https:\/\/static-blogs.diariosur.es\/wp-content\/uploads\/sites\/12\/2024\/03\/LILLO-e1711177202338.jpg\"><img loading=\"lazy\" class=\"aligncenter size-full wp-image-40258\" src=\"https:\/\/static-blogs.diariosur.es\/wp-content\/uploads\/sites\/12\/2024\/03\/LILLO-e1711177202338.jpg\" alt=\"\" width=\"800\" height=\"534\" \/><\/a><\/p>\n<p>&nbsp;<\/p>\n<p><a href=\"https:\/\/static-blogs.diariosur.es\/wp-content\/uploads\/sites\/12\/2024\/03\/DSC4557-e1711177333963.jpg\"><img loading=\"lazy\" class=\"aligncenter size-full wp-image-40260\" src=\"https:\/\/static-blogs.diariosur.es\/wp-content\/uploads\/sites\/12\/2024\/03\/DSC4557-e1711177333963.jpg\" alt=\"\" width=\"800\" height=\"533\" \/><\/a><\/p>\n","protected":false},"excerpt":{"rendered":"<p>&nbsp; Muy buenos d\u00edas, amigos de la meteo. Cuando son las siete de la ma\u00f1ana en M\u00e1laga capital, mi estaci\u00f3n registra 18.2 grados, los cielos siguen con calima y en la costa tenemos mag\u00f3n de 2 metros. Ma\u00f1ana las olas ser\u00e1n de mayor altura a partir del mediod\u00eda; se activa el aviso amarillo por fen\u00f3menos [&hellip;]<\/p>\n","protected":false},"author":16,"featured_media":40258,"comment_status":"open","ping_status":"open","sticky":false,"template":"","format":"standard","meta":[],"categories":[2],"tags":[152,171,209,340,1891,844,888],"_links":{"self":[{"href":"https:\/\/blogs.diariosur.es\/tormentas-y-rayos\/wp-json\/wp\/v2\/posts\/40253"}],"collection":[{"href":"https:\/\/blogs.diariosur.es\/tormentas-y-rayos\/wp-json\/wp\/v2\/posts"}],"about":[{"href":"https:\/\/blogs.diariosur.es\/tormentas-y-rayos\/wp-json\/wp\/v2\/types\/post"}],"author":[{"embeddable":true,"href":"https:\/\/blogs.diariosur.es\/tormentas-y-rayos\/wp-json\/wp\/v2\/users\/16"}],"replies":[{"embeddable":true,"href":"https:\/\/blogs.diariosur.es\/tormentas-y-rayos\/wp-json\/wp\/v2\/comments?post=40253"}],"version-history":[{"count":4,"href":"https:\/\/blogs.diariosur.es\/tormentas-y-rayos\/wp-json\/wp\/v2\/posts\/40253\/revisions"}],"predecessor-version":[{"id":47943,"href":"https:\/\/blogs.diariosur.es\/tormentas-y-rayos\/wp-json\/wp\/v2\/posts\/40253\/revisions\/47943"}],"wp:featuredmedia":[{"embeddable":true,"href":"https:\/\/blogs.diariosur.es\/tormentas-y-rayos\/wp-json\/wp\/v2\/media\/40258"}],"wp:attachment":[{"href":"https:\/\/blogs.diariosur.es\/tormentas-y-rayos\/wp-json\/wp\/v2\/media?parent=40253"}],"wp:term":[{"taxonomy":"category","embeddable":true,"href":"https:\/\/blogs.diariosur.es\/tormentas-y-rayos\/wp-json\/wp\/v2\/categories?post=40253"},{"taxonomy":"post_tag","embeddable":true,"href":"https:\/\/blogs.diariosur.es\/tormentas-y-rayos\/wp-json\/wp\/v2\/tags?post=40253"}],"curies":[{"name":"wp","href":"https:\/\/api.w.org\/{rel}","templated":true}]}}