{"id":40263,"date":"2024-03-24T08:13:14","date_gmt":"2024-03-24T07:13:14","guid":{"rendered":"https:\/\/blogs.diariosur.es\/tormentas-y-rayos\/?p=40263"},"modified":"2025-11-25T18:05:40","modified_gmt":"2025-11-25T17:05:40","slug":"aviso-amarillo-por-tormentas-en-la-comarca-de-antequera-cuando-se-quita-la-calima","status":"publish","type":"post","link":"https:\/\/blogs.diariosur.es\/tormentas-y-rayos\/2024\/03\/24\/aviso-amarillo-por-tormentas-en-la-comarca-de-antequera-cuando-se-quita-la-calima\/","title":{"rendered":"Domingo de Ramos. Aviso amarillo por tormentas en la provincia de M\u00e1laga \u00bfCu\u00e1ndo se quita la calima?"},"content":{"rendered":"<p><a href=\"https:\/\/static-blogs.diariosur.es\/wp-content\/uploads\/sites\/12\/2023\/10\/243418660_10223324765526342_8448445083528661051_n.jpg\"><img loading=\"lazy\" class=\"aligncenter size-thumbnail wp-image-38644\" src=\"https:\/\/static-blogs.diariosur.es\/wp-content\/uploads\/sites\/12\/2023\/10\/243418660_10223324765526342_8448445083528661051_n-150x150.jpg\" alt=\"\" width=\"150\" height=\"150\" \/><\/a><\/p>\n<p>&nbsp;<\/p>\n<p data-pm-slice=\"1 1 []\">Muy buenos d\u00edas, amigos de la meteo. Cuando son las siete y media de la ma\u00f1ana en M\u00e1laga capital, mi estaci\u00f3n registra 17.8 grados; el viento de momento est\u00e1 en calma y los cielos muy nubosos con calima.<\/p>\n<p>A partir del mediod\u00eda, el viento de levante empezar\u00e1 a soplar fuerte en la costa malague\u00f1a y comarcas de Ronda y Antequera. Hay probabilidad alta de chubascos acompa\u00f1ados de fen\u00f3menos tormentosos a partir de las seis de la tarde, pero ya sab\u00e9is que con las danas en una zona puede caer m\u00e1s y en otras menos o nada. Aconsejo mirar el radar de lluvias.<\/p>\n<p>Reedito: La AEMET acaba de actualizar el aviso amarillo por tormentas en toda la provincia de M\u00e1laga.<\/p>\n<p>La AEMET activa el aviso amarillo por tormentas en la Comarca de Antequera. En zonas donde se den estas tormentas, vendr\u00e1n acompa\u00f1adas de rachas muy fuertes de origen convectivo. Sigue habiendo probabilidad de dep\u00f3sitos de barro en toda Andaluc\u00eda.<\/p>\n<p>Os paso el mapa de avisos por tormentas en Andaluc\u00eda para hoy Domingo de Ramos, actualizado. Fuente: AEMET.<\/p>\n<p>&nbsp;<\/p>\n<p>&nbsp;<\/p>\n<p><a href=\"https:\/\/static-blogs.diariosur.es\/wp-content\/uploads\/sites\/12\/2024\/03\/x.jpg\"><img loading=\"lazy\" class=\"aligncenter size-full wp-image-40268\" src=\"https:\/\/static-blogs.diariosur.es\/wp-content\/uploads\/sites\/12\/2024\/03\/x.jpg\" alt=\"\" width=\"693\" height=\"524\" srcset=\"https:\/\/static-blogs.diariosur.es\/wp-content\/uploads\/sites\/12\/2024\/03\/x.jpg 693w, https:\/\/static-blogs.diariosur.es\/wp-content\/uploads\/sites\/12\/2024\/03\/x-529x400.jpg 529w\" sizes=\"(max-width: 693px) 100vw, 693px\" \/><\/a><\/p>\n<p>&nbsp;<\/p>\n<h3><span style=\"color: #993300;\"><strong>\u00bfCu\u00e1ndo se quita la calima?<\/strong><\/span><\/h3>\n<p data-pm-slice=\"1 1 []\">Ma\u00f1ana Lunes Santo afectar\u00e1 un frente fr\u00edo a toda la Comunidad Andaluza; una vez que pase el frente, los cielos se quedar\u00e1n limpios de calima. Por la tarde-noche la concentraci\u00f3n ser\u00e1 muy baja.<\/p>\n<p>La predicci\u00f3n del Martes Santo la pondr\u00e9 esta noche o ma\u00f1ana a primera hora.<\/p>\n<p>&nbsp;<\/p>\n<p>&nbsp;<\/p>\n","protected":false},"excerpt":{"rendered":"<p>&nbsp; Muy buenos d\u00edas, amigos de la meteo. Cuando son las siete y media de la ma\u00f1ana en M\u00e1laga capital, mi estaci\u00f3n registra 17.8 grados; el viento de momento est\u00e1 en calma y los cielos muy nubosos con calima. A partir del mediod\u00eda, el viento de levante empezar\u00e1 a soplar fuerte en la costa malague\u00f1a [&hellip;]<\/p>\n","protected":false},"author":16,"featured_media":20148,"comment_status":"open","ping_status":"open","sticky":false,"template":"","format":"standard","meta":[],"categories":[2],"tags":[94,100,151,171,209,358,587,888,902,909,996,1059],"_links":{"self":[{"href":"https:\/\/blogs.diariosur.es\/tormentas-y-rayos\/wp-json\/wp\/v2\/posts\/40263"}],"collection":[{"href":"https:\/\/blogs.diariosur.es\/tormentas-y-rayos\/wp-json\/wp\/v2\/posts"}],"about":[{"href":"https:\/\/blogs.diariosur.es\/tormentas-y-rayos\/wp-json\/wp\/v2\/types\/post"}],"author":[{"embeddable":true,"href":"https:\/\/blogs.diariosur.es\/tormentas-y-rayos\/wp-json\/wp\/v2\/users\/16"}],"replies":[{"embeddable":true,"href":"https:\/\/blogs.diariosur.es\/tormentas-y-rayos\/wp-json\/wp\/v2\/comments?post=40263"}],"version-history":[{"count":5,"href":"https:\/\/blogs.diariosur.es\/tormentas-y-rayos\/wp-json\/wp\/v2\/posts\/40263\/revisions"}],"predecessor-version":[{"id":47941,"href":"https:\/\/blogs.diariosur.es\/tormentas-y-rayos\/wp-json\/wp\/v2\/posts\/40263\/revisions\/47941"}],"wp:featuredmedia":[{"embeddable":true,"href":"https:\/\/blogs.diariosur.es\/tormentas-y-rayos\/wp-json\/wp\/v2\/media\/20148"}],"wp:attachment":[{"href":"https:\/\/blogs.diariosur.es\/tormentas-y-rayos\/wp-json\/wp\/v2\/media?parent=40263"}],"wp:term":[{"taxonomy":"category","embeddable":true,"href":"https:\/\/blogs.diariosur.es\/tormentas-y-rayos\/wp-json\/wp\/v2\/categories?post=40263"},{"taxonomy":"post_tag","embeddable":true,"href":"https:\/\/blogs.diariosur.es\/tormentas-y-rayos\/wp-json\/wp\/v2\/tags?post=40263"}],"curies":[{"name":"wp","href":"https:\/\/api.w.org\/{rel}","templated":true}]}}