{"id":40270,"date":"2024-03-25T09:03:19","date_gmt":"2024-03-25T08:03:19","guid":{"rendered":"https:\/\/blogs.diariosur.es\/tormentas-y-rayos\/?p=40270"},"modified":"2025-11-25T18:03:47","modified_gmt":"2025-11-25T17:03:47","slug":"el-tiempo-en-malaga-lunes-santo-y-martes-santo-aviso-amarillo-para-manana-por-nevadas-viento-y-fenomenos-costeros-en-andalucia","status":"publish","type":"post","link":"https:\/\/blogs.diariosur.es\/tormentas-y-rayos\/2024\/03\/25\/el-tiempo-en-malaga-lunes-santo-y-martes-santo-aviso-amarillo-para-manana-por-nevadas-viento-y-fenomenos-costeros-en-andalucia\/","title":{"rendered":"El tiempo en M\u00e1laga, Lunes Santo y Martes Santo. Aviso amarillo para ma\u00f1ana por nevadas, viento y fen\u00f3menos costeros en Andaluc\u00eda"},"content":{"rendered":"<p><a href=\"https:\/\/static-blogs.diariosur.es\/wp-content\/uploads\/sites\/12\/2023\/10\/391553712_10227849747128054_5906882869659171719_n.jpg\"><img loading=\"lazy\" class=\"aligncenter size-thumbnail wp-image-38725\" src=\"https:\/\/static-blogs.diariosur.es\/wp-content\/uploads\/sites\/12\/2023\/10\/391553712_10227849747128054_5906882869659171719_n-150x150.jpg\" alt=\"\" width=\"150\" height=\"150\" \/><\/a><\/p>\n<p data-pm-slice=\"1 1 []\">Muy buenos d\u00edas, amigos de la meteo. Cuando son las ocho de la ma\u00f1ana en M\u00e1laga capital, mi estaci\u00f3n registra 15.8 grados, los cielos est\u00e1n muy nubosos y se registran algunos chubascos por la zona occidental de la provincia de M\u00e1laga. Estos chubascos se pueden dar durante esta ma\u00f1ana y primeras horas de la tarde en cualquier punto de la provincia; bajar\u00e1 la probabilidad por la tarde noche un poco, pero vuelve a subir en la madrugada del martes. Si hoy sale alguna procesi\u00f3n, tienen que estar atentos nuevamente al radar de lluvias de la Aemet. La buena noticia es que, a medida que pasen las horas, se ir\u00e1 quitando la calima.<\/p>\n<p>Ayer Domingo de Ramos, los mayores acumulados de precipitaci\u00f3n se dieron en la Axarqu\u00eda malague\u00f1a, en algunos puntos entre los 14 y 21 litros por metro cuadrado. Mi estaci\u00f3n en M\u00e1laga capital recogi\u00f3 10.8; destacar tambi\u00e9n el Embalse de la Concepci\u00f3n con 13.8. Las comarcas de Antequera y Ronda fueron las menos favorecidas por la lluvia, entre 3 y\u00a05 litros; en los embalses del Guadalhorce, solo 2.3 litros. Aunque cay\u00f3 barro, fue much\u00edsimo menos que el 24 de marzo de 2022.<\/p>\n<h3><span style=\"color: #0000ff;\"><strong>El tiempo en M\u00e1laga, Martes Santo. Aviso amarillo por nevadas, viento y fen\u00f3menos costeros en Andaluc\u00eda<\/strong><\/span><\/h3>\n<p data-pm-slice=\"1 1 []\">Ma\u00f1ana Martes Santo nos afectar\u00e1 una masa de aire fr\u00eda de origen polar a toda Andaluc\u00eda; esto har\u00e1 que el fr\u00edo y el viento sean protagonistas. Es muy probable que la probabilidad de precipitaciones en M\u00e1laga capital baje a partir de las siete de la tarde; por la ma\u00f1ana s\u00ed pueden darse chubascos. De todas formas, ma\u00f1ana doy la \u00faltima hora por si hay cambios.<\/p>\n<p>La AEMET activa el aviso amarillo por nevadas en la cuenca del Genil-Granada,\u00a0Guadix y Baza-Granada,\u00a0Cazorla y Segura-Ja\u00e9n, por acumulaci\u00f3n de nieve en 24 horas: 4 cm. Cota de nieve en torno a 900-1000 m. Las acumulaciones referidas se esperan por encima de 1200 m.<\/p>\n<p>&nbsp;<\/p>\n<p><a href=\"https:\/\/static-blogs.diariosur.es\/wp-content\/uploads\/sites\/12\/2024\/03\/Captura-de-pantalla-2024-03-25-075629.jpg\"><img loading=\"lazy\" class=\"aligncenter size-full wp-image-40271\" src=\"https:\/\/static-blogs.diariosur.es\/wp-content\/uploads\/sites\/12\/2024\/03\/Captura-de-pantalla-2024-03-25-075629.jpg\" alt=\"\" width=\"694\" height=\"544\" srcset=\"https:\/\/static-blogs.diariosur.es\/wp-content\/uploads\/sites\/12\/2024\/03\/Captura-de-pantalla-2024-03-25-075629.jpg 694w, https:\/\/static-blogs.diariosur.es\/wp-content\/uploads\/sites\/12\/2024\/03\/Captura-de-pantalla-2024-03-25-075629-510x400.jpg 510w\" sizes=\"(max-width: 694px) 100vw, 694px\" \/><\/a><\/p>\n<p>&nbsp;<\/p>\n<p>Aviso amarillo por viento por rachas de 70 y 80 km\/h en la provincia de Almer\u00eda.<\/p>\n<p>&nbsp;<\/p>\n<p><a href=\"https:\/\/static-blogs.diariosur.es\/wp-content\/uploads\/sites\/12\/2024\/03\/Captura-de-pantalla-2024-03-25-084111.jpg\"><img loading=\"lazy\" class=\"aligncenter size-full wp-image-40273\" src=\"https:\/\/static-blogs.diariosur.es\/wp-content\/uploads\/sites\/12\/2024\/03\/Captura-de-pantalla-2024-03-25-084111.jpg\" alt=\"\" width=\"692\" height=\"548\" srcset=\"https:\/\/static-blogs.diariosur.es\/wp-content\/uploads\/sites\/12\/2024\/03\/Captura-de-pantalla-2024-03-25-084111.jpg 692w, https:\/\/static-blogs.diariosur.es\/wp-content\/uploads\/sites\/12\/2024\/03\/Captura-de-pantalla-2024-03-25-084111-505x400.jpg 505w\" sizes=\"(max-width: 692px) 100vw, 692px\" \/><\/a><\/p>\n<p>&nbsp;<\/p>\n<p>Por fen\u00f3menos costeros en los dos litorales de Andaluc\u00eda<\/p>\n<p>&nbsp;<\/p>\n<p><a href=\"https:\/\/static-blogs.diariosur.es\/wp-content\/uploads\/sites\/12\/2024\/03\/Captura-de-pantalla-2024-03-25-084413-1.jpg\"><img loading=\"lazy\" class=\"aligncenter size-full wp-image-40275\" src=\"https:\/\/static-blogs.diariosur.es\/wp-content\/uploads\/sites\/12\/2024\/03\/Captura-de-pantalla-2024-03-25-084413-1.jpg\" alt=\"\" width=\"695\" height=\"542\" srcset=\"https:\/\/static-blogs.diariosur.es\/wp-content\/uploads\/sites\/12\/2024\/03\/Captura-de-pantalla-2024-03-25-084413-1.jpg 695w, https:\/\/static-blogs.diariosur.es\/wp-content\/uploads\/sites\/12\/2024\/03\/Captura-de-pantalla-2024-03-25-084413-1-513x400.jpg 513w\" sizes=\"(max-width: 695px) 100vw, 695px\" \/><\/a><\/p>\n<p>&nbsp;<\/p>\n<p>Os dejo hasta ma\u00f1ana, iremos dando las tendencias para el Jueves Santo y Viernes Santo.<\/p>\n","protected":false},"excerpt":{"rendered":"<p>Muy buenos d\u00edas, amigos de la meteo. Cuando son las ocho de la ma\u00f1ana en M\u00e1laga capital, mi estaci\u00f3n registra 15.8 grados, los cielos est\u00e1n muy nubosos y se registran algunos chubascos por la zona occidental de la provincia de M\u00e1laga. Estos chubascos se pueden dar durante esta ma\u00f1ana y primeras horas de la tarde [&hellip;]<\/p>\n","protected":false},"author":16,"featured_media":40276,"comment_status":"open","ping_status":"open","sticky":false,"template":"","format":"standard","meta":[],"categories":[2],"tags":[94,100,151,358,569,580,587,611,701,888,902,1059],"_links":{"self":[{"href":"https:\/\/blogs.diariosur.es\/tormentas-y-rayos\/wp-json\/wp\/v2\/posts\/40270"}],"collection":[{"href":"https:\/\/blogs.diariosur.es\/tormentas-y-rayos\/wp-json\/wp\/v2\/posts"}],"about":[{"href":"https:\/\/blogs.diariosur.es\/tormentas-y-rayos\/wp-json\/wp\/v2\/types\/post"}],"author":[{"embeddable":true,"href":"https:\/\/blogs.diariosur.es\/tormentas-y-rayos\/wp-json\/wp\/v2\/users\/16"}],"replies":[{"embeddable":true,"href":"https:\/\/blogs.diariosur.es\/tormentas-y-rayos\/wp-json\/wp\/v2\/comments?post=40270"}],"version-history":[{"count":5,"href":"https:\/\/blogs.diariosur.es\/tormentas-y-rayos\/wp-json\/wp\/v2\/posts\/40270\/revisions"}],"predecessor-version":[{"id":47940,"href":"https:\/\/blogs.diariosur.es\/tormentas-y-rayos\/wp-json\/wp\/v2\/posts\/40270\/revisions\/47940"}],"wp:featuredmedia":[{"embeddable":true,"href":"https:\/\/blogs.diariosur.es\/tormentas-y-rayos\/wp-json\/wp\/v2\/media\/40276"}],"wp:attachment":[{"href":"https:\/\/blogs.diariosur.es\/tormentas-y-rayos\/wp-json\/wp\/v2\/media?parent=40270"}],"wp:term":[{"taxonomy":"category","embeddable":true,"href":"https:\/\/blogs.diariosur.es\/tormentas-y-rayos\/wp-json\/wp\/v2\/categories?post=40270"},{"taxonomy":"post_tag","embeddable":true,"href":"https:\/\/blogs.diariosur.es\/tormentas-y-rayos\/wp-json\/wp\/v2\/tags?post=40270"}],"curies":[{"name":"wp","href":"https:\/\/api.w.org\/{rel}","templated":true}]}}