{"id":40279,"date":"2024-03-26T07:44:16","date_gmt":"2024-03-26T06:44:16","guid":{"rendered":"https:\/\/blogs.diariosur.es\/tormentas-y-rayos\/?p=40279"},"modified":"2025-11-25T18:00:47","modified_gmt":"2025-11-25T17:00:47","slug":"llega-el-invierno-y-las-nevadas-a-malaga-y-andalucia-en-martes-santo","status":"publish","type":"post","link":"https:\/\/blogs.diariosur.es\/tormentas-y-rayos\/2024\/03\/26\/llega-el-invierno-y-las-nevadas-a-malaga-y-andalucia-en-martes-santo\/","title":{"rendered":"Llega el invierno y las nevadas a M\u00e1laga y Andaluc\u00eda en Martes Santo."},"content":{"rendered":"<p><a href=\"https:\/\/static-blogs.diariosur.es\/wp-content\/uploads\/sites\/12\/2024\/02\/379337914_10227628075666406_6248628726251100327_n.jpg\"><img loading=\"lazy\" class=\"aligncenter size-thumbnail wp-image-39879\" src=\"https:\/\/static-blogs.diariosur.es\/wp-content\/uploads\/sites\/12\/2024\/02\/379337914_10227628075666406_6248628726251100327_n-150x150.jpg\" alt=\"\" width=\"150\" height=\"150\" \/><\/a><\/p>\n<p data-pm-slice=\"1 1 []\">Buenos d\u00edas, amigos de la meteo. Cuando son las siete de la ma\u00f1ana en M\u00e1laga capital, mi estaci\u00f3n registra 10.6 grados, los cielos est\u00e1n cubiertos y llueve d\u00e9bilmente en toda la provincia malague\u00f1a. Destacar Antequera con <strong>6.6 grados <\/strong>y Ronda con 3.6<strong> grados<\/strong>. Es muy probable que se est\u00e9n registrando nevadas a partir de 1200 metros en la Sierra de las Nieves, Sierra Tejeda y otros sistemas monta\u00f1osos de la provincia. Nos est\u00e1 afectando a toda la pen\u00ednsula una masa de aire fr\u00eda de origen polar; no es la primera vez ni ser\u00e1 la \u00faltima. Como muchos ya sab\u00e9is, la primavera es la transici\u00f3n del invierno al verano. En cuanto pase el frente, tendremos rachas fuertes de viento en toda la provincia; esto har\u00e1 que la sensaci\u00f3n t\u00e9rmica sea de m\u00e1s fr\u00edo.<\/p>\n<p>A partir de primeras horas de la tarde de hoy Martes Santo, baja la probabilidad de precipitaciones en la capital al 50%, pero, como siempre digo, hay que estar atentos al radar por si en alg\u00fan momento llega alg\u00fan chubasco posfrontal. En las comarcas de Ronda y Antequera, la probabilidad de chubascos aumenta.<\/p>\n<p>Poco m\u00e1s que contar; esperemos que hoy tengamos pleno y salgan todas las hermandades. Esta tarde o ma\u00f1ana a primera hora, dar\u00e9 la predicci\u00f3n del Mi\u00e9rcoles Santo.<\/p>\n<p>Os dejo con esta bonita foto de mi amigo Crist\u00f3bal Gambero de la Sierra de Mijas del a\u00f1o 2021. En estos momentos es probable que en el Pico\u00a0Mijas (la bola), que est\u00e1 a 1.150 m, est\u00e9n cayendo copos.<\/p>\n<p>&nbsp;<\/p>\n<p><a href=\"https:\/\/static-blogs.diariosur.es\/wp-content\/uploads\/sites\/12\/2024\/03\/432142053_7248263121889286_1670931383263994498_n-e1711435227466.jpg\"><img loading=\"lazy\" class=\"aligncenter size-full wp-image-40280\" src=\"https:\/\/static-blogs.diariosur.es\/wp-content\/uploads\/sites\/12\/2024\/03\/432142053_7248263121889286_1670931383263994498_n-e1711435227466.jpg\" alt=\"\" width=\"1200\" height=\"900\" \/><\/a><\/p>\n","protected":false},"excerpt":{"rendered":"<p>Buenos d\u00edas, amigos de la meteo. Cuando son las siete de la ma\u00f1ana en M\u00e1laga capital, mi estaci\u00f3n registra 10.6 grados, los cielos est\u00e1n cubiertos y llueve d\u00e9bilmente en toda la provincia malague\u00f1a. Destacar Antequera con 6.6 grados y Ronda con 3.6 grados. Es muy probable que se est\u00e9n registrando nevadas a partir de 1200 [&hellip;]<\/p>\n","protected":false},"author":16,"featured_media":40280,"comment_status":"open","ping_status":"open","sticky":false,"template":"","format":"standard","meta":[],"categories":[2],"tags":[94,1892,151,432,587,903,1059],"_links":{"self":[{"href":"https:\/\/blogs.diariosur.es\/tormentas-y-rayos\/wp-json\/wp\/v2\/posts\/40279"}],"collection":[{"href":"https:\/\/blogs.diariosur.es\/tormentas-y-rayos\/wp-json\/wp\/v2\/posts"}],"about":[{"href":"https:\/\/blogs.diariosur.es\/tormentas-y-rayos\/wp-json\/wp\/v2\/types\/post"}],"author":[{"embeddable":true,"href":"https:\/\/blogs.diariosur.es\/tormentas-y-rayos\/wp-json\/wp\/v2\/users\/16"}],"replies":[{"embeddable":true,"href":"https:\/\/blogs.diariosur.es\/tormentas-y-rayos\/wp-json\/wp\/v2\/comments?post=40279"}],"version-history":[{"count":3,"href":"https:\/\/blogs.diariosur.es\/tormentas-y-rayos\/wp-json\/wp\/v2\/posts\/40279\/revisions"}],"predecessor-version":[{"id":47938,"href":"https:\/\/blogs.diariosur.es\/tormentas-y-rayos\/wp-json\/wp\/v2\/posts\/40279\/revisions\/47938"}],"wp:featuredmedia":[{"embeddable":true,"href":"https:\/\/blogs.diariosur.es\/tormentas-y-rayos\/wp-json\/wp\/v2\/media\/40280"}],"wp:attachment":[{"href":"https:\/\/blogs.diariosur.es\/tormentas-y-rayos\/wp-json\/wp\/v2\/media?parent=40279"}],"wp:term":[{"taxonomy":"category","embeddable":true,"href":"https:\/\/blogs.diariosur.es\/tormentas-y-rayos\/wp-json\/wp\/v2\/categories?post=40279"},{"taxonomy":"post_tag","embeddable":true,"href":"https:\/\/blogs.diariosur.es\/tormentas-y-rayos\/wp-json\/wp\/v2\/tags?post=40279"}],"curies":[{"name":"wp","href":"https:\/\/api.w.org\/{rel}","templated":true}]}}