{"id":40286,"date":"2024-03-27T10:08:12","date_gmt":"2024-03-27T09:08:12","guid":{"rendered":"https:\/\/blogs.diariosur.es\/tormentas-y-rayos\/?p=40286"},"modified":"2025-11-25T17:59:26","modified_gmt":"2025-11-25T16:59:26","slug":"miercoles-santo-y-jueves-santo-hay-probabilidad-de-precipitaciones-en-malaga-capital","status":"publish","type":"post","link":"https:\/\/blogs.diariosur.es\/tormentas-y-rayos\/2024\/03\/27\/miercoles-santo-y-jueves-santo-hay-probabilidad-de-precipitaciones-en-malaga-capital\/","title":{"rendered":"Mi\u00e9rcoles Santo y Jueves Santo. \u00bfHay probabilidad de precipitaciones en M\u00e1laga capital?"},"content":{"rendered":"<p><a href=\"https:\/\/static-blogs.diariosur.es\/wp-content\/uploads\/sites\/12\/2023\/10\/391553712_10227849747128054_5906882869659171719_n.jpg\"><img loading=\"lazy\" class=\"aligncenter size-thumbnail wp-image-38725\" src=\"https:\/\/static-blogs.diariosur.es\/wp-content\/uploads\/sites\/12\/2023\/10\/391553712_10227849747128054_5906882869659171719_n-150x150.jpg\" alt=\"\" width=\"150\" height=\"150\" \/><\/a><\/p>\n<p data-pm-slice=\"1 1 []\">Buenos d\u00edas, amigos de la meteo. Cuando son las nueve de la ma\u00f1ana en M\u00e1laga capital, el aeropuerto registra una temperatura de 15 grados, los cielos est\u00e1n nubosos y el viento sopla moderado de componente oeste.<\/p>\n<p>La AEMET ha activado el aviso amarillo y naranja por rachas fuertes de viento en Andaluc\u00eda y en casi toda la pen\u00ednsula y Baleares; las m\u00e1s fuertes, en la provincia de Almer\u00eda; se esperan rachas de 90 km\/h. En la provincia de M\u00e1laga, de 70 km\/h.<\/p>\n<p>Os paso el mapa de avisos de la aemet<\/p>\n<p>&nbsp;<\/p>\n<p>&nbsp;<\/p>\n<p><a href=\"https:\/\/static-blogs.diariosur.es\/wp-content\/uploads\/sites\/12\/2024\/03\/Captura-de-pantalla-2024-03-27-064743.jpg\"><img loading=\"lazy\" class=\"aligncenter size-full wp-image-40289\" src=\"https:\/\/static-blogs.diariosur.es\/wp-content\/uploads\/sites\/12\/2024\/03\/Captura-de-pantalla-2024-03-27-064743.jpg\" alt=\"\" width=\"703\" height=\"550\" srcset=\"https:\/\/static-blogs.diariosur.es\/wp-content\/uploads\/sites\/12\/2024\/03\/Captura-de-pantalla-2024-03-27-064743.jpg 703w, https:\/\/static-blogs.diariosur.es\/wp-content\/uploads\/sites\/12\/2024\/03\/Captura-de-pantalla-2024-03-27-064743-511x400.jpg 511w\" sizes=\"(max-width: 703px) 100vw, 703px\" \/><\/a><\/p>\n<p>&nbsp;<\/p>\n<p data-pm-slice=\"1 1 []\">Estas rachas tan fuertes de viento se deber\u00e1n a la borrasca Nelson, nombrada por la AEMET, que est\u00e1 teniendo un proceso de bajada de presi\u00f3n . Hoy se situar\u00e1 al noroeste de Galicia y sur de las Islas Brit\u00e1nicas. Fijaros en la presi\u00f3n que se prev\u00e9, 956 mb. Fuente: Met Office<\/p>\n<p>&nbsp;<\/p>\n<p><a href=\"https:\/\/static-blogs.diariosur.es\/wp-content\/uploads\/sites\/12\/2024\/03\/FSXX12T_24.gif\"><img loading=\"lazy\" class=\"aligncenter size-full wp-image-40290\" src=\"https:\/\/static-blogs.diariosur.es\/wp-content\/uploads\/sites\/12\/2024\/03\/FSXX12T_24.gif\" alt=\"\" width=\"800\" height=\"540\" \/><\/a><\/p>\n<p>&nbsp;<\/p>\n<h3><span style=\"color: #0000ff;\"><strong>Mi\u00e9rcoles Santo y Jueves Santo. \u00bfHay probabilidad de precipitaciones en M\u00e1laga capital?<\/strong><\/span><\/h3>\n<p data-pm-slice=\"1 1 []\"><strong>Hoy Mi\u00e9rcoles Santo<\/strong> aumenta la probabilidad de algunos chubascos d\u00e9biles en M\u00e1laga capital por la tarde; la probabilidad m\u00e1s alta se dar\u00e1 por el interior de la provincia malague\u00f1a. Es probable que en algunos momentos podamos ver arco\u00edris. Hoy tambi\u00e9n tendremos que tirar de radar. Las rachas m\u00e1s fuertes de viento se esperan por la tarde.<\/p>\n<p>&nbsp;<\/p>\n<p><a href=\"https:\/\/static-blogs.diariosur.es\/wp-content\/uploads\/sites\/12\/2024\/03\/16519342847_7c2e29eba9_o-1.jpg\"><img loading=\"lazy\" class=\"aligncenter size-full wp-image-40292\" src=\"https:\/\/static-blogs.diariosur.es\/wp-content\/uploads\/sites\/12\/2024\/03\/16519342847_7c2e29eba9_o-1.jpg\" alt=\"\" width=\"400\" height=\"465\" srcset=\"https:\/\/static-blogs.diariosur.es\/wp-content\/uploads\/sites\/12\/2024\/03\/16519342847_7c2e29eba9_o-1.jpg 400w, https:\/\/static-blogs.diariosur.es\/wp-content\/uploads\/sites\/12\/2024\/03\/16519342847_7c2e29eba9_o-1-344x400.jpg 344w\" sizes=\"(max-width: 400px) 100vw, 400px\" \/><\/a><\/p>\n<p>&nbsp;<\/p>\n<p data-pm-slice=\"1 1 []\"><strong>Ma\u00f1ana Jueves Santo<\/strong>, pueden darse chubascos a \u00faltima hora de la madrugada y primeras horas de la ma\u00f1ana.<\/p>\n<p>Si los modelos no cambian, baja mucho la probabilidad de precipitaciones por la tarde; tampoco se esperan durante la noche y primeras horas de la madrugada del Viernes Santo.<\/p>\n<p>&nbsp;<\/p>\n<p><strong>Con un poco de suerte hacemos pleno ma\u00f1ana Jueves Santo.<\/strong><\/p>\n<p>&nbsp;<\/p>\n<p>&nbsp;<\/p>\n<p><a href=\"https:\/\/static-blogs.diariosur.es\/wp-content\/uploads\/sites\/12\/2024\/03\/16725382801_812eb24b78_z.jpg\"><img loading=\"lazy\" class=\"aligncenter size-full wp-image-40295\" src=\"https:\/\/static-blogs.diariosur.es\/wp-content\/uploads\/sites\/12\/2024\/03\/16725382801_812eb24b78_z.jpg\" alt=\"\" width=\"558\" height=\"640\" srcset=\"https:\/\/static-blogs.diariosur.es\/wp-content\/uploads\/sites\/12\/2024\/03\/16725382801_812eb24b78_z.jpg 558w, https:\/\/static-blogs.diariosur.es\/wp-content\/uploads\/sites\/12\/2024\/03\/16725382801_812eb24b78_z-349x400.jpg 349w\" sizes=\"(max-width: 558px) 100vw, 558px\" \/><\/a><\/p>\n<p>&nbsp;<\/p>\n<p data-pm-slice=\"1 1 []\">Las procesiones del Viernes Santo s\u00ed pueden verse afectadas por otro frente, pero esto lo veremos mejor ma\u00f1ana.<\/p>\n<p>Os dejo con esta bonita foto de la Sierra de las Nieves, que hizo mi amiga Beatriz Frabedala ayer por la ma\u00f1ana desde M\u00e1laga capital.<\/p>\n<p>&nbsp;<\/p>\n<p><a href=\"https:\/\/static-blogs.diariosur.es\/wp-content\/uploads\/sites\/12\/2024\/03\/434402944_10228589421499451_6786865720749571135_n-e1711527783411.jpg\"><img loading=\"lazy\" class=\"aligncenter size-full wp-image-40299\" src=\"https:\/\/static-blogs.diariosur.es\/wp-content\/uploads\/sites\/12\/2024\/03\/434402944_10228589421499451_6786865720749571135_n-e1711527783411.jpg\" alt=\"\" width=\"900\" height=\"507\" \/><\/a><\/p>\n<p>&nbsp;<\/p>\n<p>&nbsp;<\/p>\n","protected":false},"excerpt":{"rendered":"<p>Buenos d\u00edas, amigos de la meteo. Cuando son las nueve de la ma\u00f1ana en M\u00e1laga capital, el aeropuerto registra una temperatura de 15 grados, los cielos est\u00e1n nubosos y el viento sopla moderado de componente oeste. La AEMET ha activado el aviso amarillo y naranja por rachas fuertes de viento en Andaluc\u00eda y en casi [&hellip;]<\/p>\n","protected":false},"author":16,"featured_media":40297,"comment_status":"open","ping_status":"open","sticky":false,"template":"","format":"standard","meta":[],"categories":[2],"tags":[94,151,188,358,536,650,1893,800,888,890,902,1059],"_links":{"self":[{"href":"https:\/\/blogs.diariosur.es\/tormentas-y-rayos\/wp-json\/wp\/v2\/posts\/40286"}],"collection":[{"href":"https:\/\/blogs.diariosur.es\/tormentas-y-rayos\/wp-json\/wp\/v2\/posts"}],"about":[{"href":"https:\/\/blogs.diariosur.es\/tormentas-y-rayos\/wp-json\/wp\/v2\/types\/post"}],"author":[{"embeddable":true,"href":"https:\/\/blogs.diariosur.es\/tormentas-y-rayos\/wp-json\/wp\/v2\/users\/16"}],"replies":[{"embeddable":true,"href":"https:\/\/blogs.diariosur.es\/tormentas-y-rayos\/wp-json\/wp\/v2\/comments?post=40286"}],"version-history":[{"count":7,"href":"https:\/\/blogs.diariosur.es\/tormentas-y-rayos\/wp-json\/wp\/v2\/posts\/40286\/revisions"}],"predecessor-version":[{"id":47937,"href":"https:\/\/blogs.diariosur.es\/tormentas-y-rayos\/wp-json\/wp\/v2\/posts\/40286\/revisions\/47937"}],"wp:featuredmedia":[{"embeddable":true,"href":"https:\/\/blogs.diariosur.es\/tormentas-y-rayos\/wp-json\/wp\/v2\/media\/40297"}],"wp:attachment":[{"href":"https:\/\/blogs.diariosur.es\/tormentas-y-rayos\/wp-json\/wp\/v2\/media?parent=40286"}],"wp:term":[{"taxonomy":"category","embeddable":true,"href":"https:\/\/blogs.diariosur.es\/tormentas-y-rayos\/wp-json\/wp\/v2\/categories?post=40286"},{"taxonomy":"post_tag","embeddable":true,"href":"https:\/\/blogs.diariosur.es\/tormentas-y-rayos\/wp-json\/wp\/v2\/tags?post=40286"}],"curies":[{"name":"wp","href":"https:\/\/api.w.org\/{rel}","templated":true}]}}