{"id":40307,"date":"2024-03-28T22:48:49","date_gmt":"2024-03-28T21:48:49","guid":{"rendered":"https:\/\/blogs.diariosur.es\/tormentas-y-rayos\/?p=40307"},"modified":"2025-11-25T17:52:19","modified_gmt":"2025-11-25T16:52:19","slug":"que-tiempo-hara-el-viernes-santo-en-la-provincia-malaguena-aviso-amarilllo-por-lluvias","status":"publish","type":"post","link":"https:\/\/blogs.diariosur.es\/tormentas-y-rayos\/2024\/03\/28\/que-tiempo-hara-el-viernes-santo-en-la-provincia-malaguena-aviso-amarilllo-por-lluvias\/","title":{"rendered":"\u00bfQu\u00e9 tiempo har\u00e1 el Viernes Santo en la provincia malague\u00f1a? Aviso amarillo por lluvias."},"content":{"rendered":"<p><a href=\"https:\/\/static-blogs.diariosur.es\/wp-content\/uploads\/sites\/12\/2024\/02\/379337914_10227628075666406_6248628726251100327_n.jpg\"><img loading=\"lazy\" class=\"aligncenter size-thumbnail wp-image-39879\" src=\"https:\/\/static-blogs.diariosur.es\/wp-content\/uploads\/sites\/12\/2024\/02\/379337914_10227628075666406_6248628726251100327_n-150x150.jpg\" alt=\"\" width=\"150\" height=\"150\" \/><\/a><\/p>\n<p>&nbsp;<\/p>\n<p data-pm-slice=\"1 1 []\">Buenas noches, amigos de la meteo. Cuando son las 22:25 de la noche en M\u00e1laga capital, mi estaci\u00f3n registra 17.7 grados, los cielos est\u00e1n nubosos y el viento sopla del suroeste.<\/p>\n<p>Ma\u00f1ana Viernes Santo nos cruzar\u00e1 un frente a primera hora de la ma\u00f1ana, que dejar\u00e1 precipitaciones en toda la provincia de M\u00e1laga, puede venir acompa\u00f1ado de fen\u00f3menos tormentosos. Una vez pase el frente, se abrir\u00e1n claros sobre las dos de la tarde, pero no hay que confiarse porque a \u00faltima hora de la noche o madrugada del S\u00e1bado de Gloria vuelven las precipitaciones. Mucha precauci\u00f3n si ma\u00f1ana sale alguna cofrad\u00eda; hay que estar pendientes del radar por si se adelanta el frente.<\/p>\n<p>La aemet activa el aviso amarillo por lluvias en la comarca de Ronda y provincia de C\u00e1diz por acumulados de 40 mm en doce horas. Aviso amarillo por tormentas en la costa de Huelva.<\/p>\n<p>&nbsp;<\/p>\n<p><a href=\"https:\/\/static-blogs.diariosur.es\/wp-content\/uploads\/sites\/12\/2024\/03\/16519342847_7c2e29eba9_o-1.jpg\"><img loading=\"lazy\" class=\"aligncenter size-full wp-image-40292\" src=\"https:\/\/static-blogs.diariosur.es\/wp-content\/uploads\/sites\/12\/2024\/03\/16519342847_7c2e29eba9_o-1.jpg\" alt=\"\" width=\"400\" height=\"465\" srcset=\"https:\/\/static-blogs.diariosur.es\/wp-content\/uploads\/sites\/12\/2024\/03\/16519342847_7c2e29eba9_o-1.jpg 400w, https:\/\/static-blogs.diariosur.es\/wp-content\/uploads\/sites\/12\/2024\/03\/16519342847_7c2e29eba9_o-1-344x400.jpg 344w\" sizes=\"(max-width: 400px) 100vw, 400px\" \/><\/a><\/p>\n<p>&nbsp;<\/p>\n<p>&nbsp;<\/p>\n<p>&nbsp;<\/p>\n","protected":false},"excerpt":{"rendered":"<p>&nbsp; Buenas noches, amigos de la meteo. Cuando son las 22:25 de la noche en M\u00e1laga capital, mi estaci\u00f3n registra 17.7 grados, los cielos est\u00e1n nubosos y el viento sopla del suroeste. Ma\u00f1ana Viernes Santo nos cruzar\u00e1 un frente a primera hora de la ma\u00f1ana, que dejar\u00e1 precipitaciones en toda la provincia de M\u00e1laga, puede [&hellip;]<\/p>\n","protected":false},"author":16,"featured_media":40292,"comment_status":"open","ping_status":"open","sticky":false,"template":"","format":"standard","meta":[],"categories":[2],"tags":[],"_links":{"self":[{"href":"https:\/\/blogs.diariosur.es\/tormentas-y-rayos\/wp-json\/wp\/v2\/posts\/40307"}],"collection":[{"href":"https:\/\/blogs.diariosur.es\/tormentas-y-rayos\/wp-json\/wp\/v2\/posts"}],"about":[{"href":"https:\/\/blogs.diariosur.es\/tormentas-y-rayos\/wp-json\/wp\/v2\/types\/post"}],"author":[{"embeddable":true,"href":"https:\/\/blogs.diariosur.es\/tormentas-y-rayos\/wp-json\/wp\/v2\/users\/16"}],"replies":[{"embeddable":true,"href":"https:\/\/blogs.diariosur.es\/tormentas-y-rayos\/wp-json\/wp\/v2\/comments?post=40307"}],"version-history":[{"count":7,"href":"https:\/\/blogs.diariosur.es\/tormentas-y-rayos\/wp-json\/wp\/v2\/posts\/40307\/revisions"}],"predecessor-version":[{"id":47933,"href":"https:\/\/blogs.diariosur.es\/tormentas-y-rayos\/wp-json\/wp\/v2\/posts\/40307\/revisions\/47933"}],"wp:featuredmedia":[{"embeddable":true,"href":"https:\/\/blogs.diariosur.es\/tormentas-y-rayos\/wp-json\/wp\/v2\/media\/40292"}],"wp:attachment":[{"href":"https:\/\/blogs.diariosur.es\/tormentas-y-rayos\/wp-json\/wp\/v2\/media?parent=40307"}],"wp:term":[{"taxonomy":"category","embeddable":true,"href":"https:\/\/blogs.diariosur.es\/tormentas-y-rayos\/wp-json\/wp\/v2\/categories?post=40307"},{"taxonomy":"post_tag","embeddable":true,"href":"https:\/\/blogs.diariosur.es\/tormentas-y-rayos\/wp-json\/wp\/v2\/tags?post=40307"}],"curies":[{"name":"wp","href":"https:\/\/api.w.org\/{rel}","templated":true}]}}