{"id":40311,"date":"2024-03-29T08:00:53","date_gmt":"2024-03-29T07:00:53","guid":{"rendered":"https:\/\/blogs.diariosur.es\/tormentas-y-rayos\/?p=40311"},"modified":"2025-11-25T17:50:11","modified_gmt":"2025-11-25T16:50:11","slug":"avisos-por-lluvias-en-la-provincia-de-malaga-probables-acumulados-sabado-de-gloria-y-domingo-de-resurreccion","status":"publish","type":"post","link":"https:\/\/blogs.diariosur.es\/tormentas-y-rayos\/2024\/03\/29\/avisos-por-lluvias-en-la-provincia-de-malaga-probables-acumulados-sabado-de-gloria-y-domingo-de-resurreccion\/","title":{"rendered":"Avisos por lluvias en la provincia de M\u00e1laga. Probables acumulados S\u00e1bado de Gloria y Domingo de Resurrecci\u00f3n."},"content":{"rendered":"<p><a href=\"https:\/\/static-blogs.diariosur.es\/wp-content\/uploads\/sites\/12\/2023\/10\/243418660_10223324765526342_8448445083528661051_n.jpg\"><img loading=\"lazy\" class=\"aligncenter size-thumbnail wp-image-38644\" src=\"https:\/\/static-blogs.diariosur.es\/wp-content\/uploads\/sites\/12\/2023\/10\/243418660_10223324765526342_8448445083528661051_n-150x150.jpg\" alt=\"\" width=\"150\" height=\"150\" \/><\/a><\/p>\n<p>&nbsp;<\/p>\n<p data-pm-slice=\"1 1 []\">Muy buenos d\u00edas, amigos de la meteo. Hoy <a class=\"qbe-widget\" href=\"https:\/\/blogs.diariosur.es\/tormentas-y-rayos\/2024\/03\/28\/que-tiempo-hara-el-viernes-santo-en-la-provincia-malaguena-aviso-amarilllo-por-lluvias\/\" target=\"_blank\" rel=\"noopener noreferrer\"><strong>Viernes Santo<\/strong> <\/a>se ha activado el aviso amarillo por lluvias en la Comarca de Ronda; ma\u00f1ana S\u00e1bado, en la Axarqu\u00eda de M\u00e1laga. Es muy probable que se activen m\u00e1s avisos por lluvias en otras zonas de la provincia tanto ma\u00f1ana como el domingo. La borrasca Nelson trae consigo unos frentes que regar\u00e1n muy bien la provincia de M\u00e1laga; nuevamente, como a principios de mes, sumaremos m\u00e1s hect\u00f3metros en los embalses malague\u00f1os.<\/p>\n<p>Os dejo con los probables acumulados en 24 horas que da el modelo europeo.<\/p>\n<p><strong>S\u00c1BADO DE GLORIA<\/strong><\/p>\n<p>&nbsp;<\/p>\n<p>&nbsp;<\/p>\n<p><a href=\"https:\/\/static-blogs.diariosur.es\/wp-content\/uploads\/sites\/12\/2024\/03\/sabado-2.jpg\"><img loading=\"lazy\" class=\"aligncenter size-full wp-image-40312\" src=\"https:\/\/static-blogs.diariosur.es\/wp-content\/uploads\/sites\/12\/2024\/03\/sabado-2.jpg\" alt=\"\" width=\"761\" height=\"793\" srcset=\"https:\/\/static-blogs.diariosur.es\/wp-content\/uploads\/sites\/12\/2024\/03\/sabado-2.jpg 761w, https:\/\/static-blogs.diariosur.es\/wp-content\/uploads\/sites\/12\/2024\/03\/sabado-2-384x400.jpg 384w\" sizes=\"(max-width: 761px) 100vw, 761px\" \/><\/a><\/p>\n<p><strong>DOMINGO DE RESURRECCI\u00d3N\u00a0<\/strong><\/p>\n<p>&nbsp;<\/p>\n<p><a href=\"https:\/\/static-blogs.diariosur.es\/wp-content\/uploads\/sites\/12\/2024\/03\/domingo-1.jpg\"><img loading=\"lazy\" class=\"aligncenter size-full wp-image-40313\" src=\"https:\/\/static-blogs.diariosur.es\/wp-content\/uploads\/sites\/12\/2024\/03\/domingo-1.jpg\" alt=\"\" width=\"762\" height=\"786\" srcset=\"https:\/\/static-blogs.diariosur.es\/wp-content\/uploads\/sites\/12\/2024\/03\/domingo-1.jpg 762w, https:\/\/static-blogs.diariosur.es\/wp-content\/uploads\/sites\/12\/2024\/03\/domingo-1-388x400.jpg 388w\" sizes=\"(max-width: 762px) 100vw, 762px\" \/><\/a><\/p>\n<p>Os dejo con este paraguas que me manda mi amigo Enrique Bandera, me comenta que cambia de color cuando llueve. Ya esta cambiando jijijiji<\/p>\n<p>&nbsp;<\/p>\n<p><a href=\"https:\/\/static-blogs.diariosur.es\/wp-content\/uploads\/sites\/12\/2024\/03\/434574496_10228604169068131_4617675470053340063_n-e1711695454272.jpg\"><img loading=\"lazy\" class=\"aligncenter size-full wp-image-40315\" src=\"https:\/\/static-blogs.diariosur.es\/wp-content\/uploads\/sites\/12\/2024\/03\/434574496_10228604169068131_4617675470053340063_n-e1711695454272.jpg\" alt=\"\" width=\"900\" height=\"1013\" \/><\/a><\/p>\n<p>&nbsp;<\/p>\n","protected":false},"excerpt":{"rendered":"<p>&nbsp; Muy buenos d\u00edas, amigos de la meteo. Hoy Viernes Santo se ha activado el aviso amarillo por lluvias en la Comarca de Ronda; ma\u00f1ana S\u00e1bado, en la Axarqu\u00eda de M\u00e1laga. Es muy probable que se activen m\u00e1s avisos por lluvias en otras zonas de la provincia tanto ma\u00f1ana como el domingo. La borrasca Nelson [&hellip;]<\/p>\n","protected":false},"author":16,"featured_media":40315,"comment_status":"open","ping_status":"open","sticky":false,"template":"","format":"standard","meta":[],"categories":[2],"tags":[94,100,151,188,358,569,587,1893,888,902,1059],"_links":{"self":[{"href":"https:\/\/blogs.diariosur.es\/tormentas-y-rayos\/wp-json\/wp\/v2\/posts\/40311"}],"collection":[{"href":"https:\/\/blogs.diariosur.es\/tormentas-y-rayos\/wp-json\/wp\/v2\/posts"}],"about":[{"href":"https:\/\/blogs.diariosur.es\/tormentas-y-rayos\/wp-json\/wp\/v2\/types\/post"}],"author":[{"embeddable":true,"href":"https:\/\/blogs.diariosur.es\/tormentas-y-rayos\/wp-json\/wp\/v2\/users\/16"}],"replies":[{"embeddable":true,"href":"https:\/\/blogs.diariosur.es\/tormentas-y-rayos\/wp-json\/wp\/v2\/comments?post=40311"}],"version-history":[{"count":3,"href":"https:\/\/blogs.diariosur.es\/tormentas-y-rayos\/wp-json\/wp\/v2\/posts\/40311\/revisions"}],"predecessor-version":[{"id":47931,"href":"https:\/\/blogs.diariosur.es\/tormentas-y-rayos\/wp-json\/wp\/v2\/posts\/40311\/revisions\/47931"}],"wp:featuredmedia":[{"embeddable":true,"href":"https:\/\/blogs.diariosur.es\/tormentas-y-rayos\/wp-json\/wp\/v2\/media\/40315"}],"wp:attachment":[{"href":"https:\/\/blogs.diariosur.es\/tormentas-y-rayos\/wp-json\/wp\/v2\/media?parent=40311"}],"wp:term":[{"taxonomy":"category","embeddable":true,"href":"https:\/\/blogs.diariosur.es\/tormentas-y-rayos\/wp-json\/wp\/v2\/categories?post=40311"},{"taxonomy":"post_tag","embeddable":true,"href":"https:\/\/blogs.diariosur.es\/tormentas-y-rayos\/wp-json\/wp\/v2\/tags?post=40311"}],"curies":[{"name":"wp","href":"https:\/\/api.w.org\/{rel}","templated":true}]}}