{"id":40319,"date":"2024-03-30T23:11:18","date_gmt":"2024-03-30T22:11:18","guid":{"rendered":"https:\/\/blogs.diariosur.es\/tormentas-y-rayos\/?p=40319"},"modified":"2025-11-25T17:48:56","modified_gmt":"2025-11-25T16:48:56","slug":"ultima-hora-se-activa-el-aviso-naranja-por-lluvias-manana-domingo-en-la-provincia-de-malaga-y-el-amarillo-por-viento","status":"publish","type":"post","link":"https:\/\/blogs.diariosur.es\/tormentas-y-rayos\/2024\/03\/30\/ultima-hora-se-activa-el-aviso-naranja-por-lluvias-manana-domingo-en-la-provincia-de-malaga-y-el-amarillo-por-viento\/","title":{"rendered":"\u00daltima hora: Se activa el aviso naranja por lluvias ma\u00f1ana domingo en la provincia de M\u00e1laga y el amarillo por viento"},"content":{"rendered":"<p><a href=\"https:\/\/static-blogs.diariosur.es\/wp-content\/uploads\/sites\/12\/2023\/10\/243418660_10223324765526342_8448445083528661051_n.jpg\"><img loading=\"lazy\" class=\"aligncenter size-thumbnail wp-image-38644\" src=\"https:\/\/static-blogs.diariosur.es\/wp-content\/uploads\/sites\/12\/2023\/10\/243418660_10223324765526342_8448445083528661051_n-150x150.jpg\" alt=\"\" width=\"150\" height=\"150\" \/><\/a><\/p>\n<p>&nbsp;<\/p>\n<p data-pm-slice=\"1 1 []\">Buenas noches, amigos de la meteo. La Aemet activa el aviso naranja y amarillo por fuertes lluvias en toda la costa de M\u00e1laga y comarca de Ronda. Precipitaci\u00f3n acumulada en 12 horas: 80 Precipitaci\u00f3n acumulada en una hora: 20\u00a0mm. Se esperan las mayores acumulaciones en la mitad occidental de la regi\u00f3n.<\/p>\n<p>Se activa tambi\u00e9n el aviso amarillo por viento. Velocidades m\u00e1ximas: 80 km\/h. Vientos de componente oeste.<\/p>\n<p>El martes os pondr\u00e9 los acumulados del mes de marzo y el estado de los embalses.<\/p>\n<p>Avisos por lluvias<\/p>\n<p>&nbsp;<\/p>\n<p><a href=\"https:\/\/static-blogs.diariosur.es\/wp-content\/uploads\/sites\/12\/2024\/03\/Captura-de-pantalla-2024-03-30-225854.jpg\"><img loading=\"lazy\" class=\"aligncenter size-full wp-image-40321\" src=\"https:\/\/static-blogs.diariosur.es\/wp-content\/uploads\/sites\/12\/2024\/03\/Captura-de-pantalla-2024-03-30-225854.jpg\" alt=\"\" width=\"699\" height=\"555\" srcset=\"https:\/\/static-blogs.diariosur.es\/wp-content\/uploads\/sites\/12\/2024\/03\/Captura-de-pantalla-2024-03-30-225854.jpg 699w, https:\/\/static-blogs.diariosur.es\/wp-content\/uploads\/sites\/12\/2024\/03\/Captura-de-pantalla-2024-03-30-225854-504x400.jpg 504w\" sizes=\"(max-width: 699px) 100vw, 699px\" \/><\/a><\/p>\n<p>Aviso por viento.<\/p>\n<p>&nbsp;<\/p>\n<p><a href=\"https:\/\/static-blogs.diariosur.es\/wp-content\/uploads\/sites\/12\/2024\/03\/aviso-por-viento.jpg\"><img loading=\"lazy\" class=\"aligncenter size-full wp-image-40322\" src=\"https:\/\/static-blogs.diariosur.es\/wp-content\/uploads\/sites\/12\/2024\/03\/aviso-por-viento.jpg\" alt=\"\" width=\"694\" height=\"568\" srcset=\"https:\/\/static-blogs.diariosur.es\/wp-content\/uploads\/sites\/12\/2024\/03\/aviso-por-viento.jpg 694w, https:\/\/static-blogs.diariosur.es\/wp-content\/uploads\/sites\/12\/2024\/03\/aviso-por-viento-489x400.jpg 489w\" sizes=\"(max-width: 694px) 100vw, 694px\" \/><\/a><\/p>\n<p>Arroyo las ca\u00f1as hoy S\u00e1bado de Gloria. Hacia dos a\u00f1os que no se ve\u00eda as\u00ed.<\/p>\n<p><iframe loading=\"lazy\" title=\"YouTube video player\" src=\"https:\/\/www.youtube.com\/embed\/jX7jcuameEI?si=aWfArqbfEgajkqtK\" width=\"560\" height=\"315\" frameborder=\"0\" allowfullscreen=\"allowfullscreen\"><\/iframe><\/p>\n","protected":false},"excerpt":{"rendered":"<p>&nbsp; Buenas noches, amigos de la meteo. La Aemet activa el aviso naranja y amarillo por fuertes lluvias en toda la costa de M\u00e1laga y comarca de Ronda. Precipitaci\u00f3n acumulada en 12 horas: 80 Precipitaci\u00f3n acumulada en una hora: 20\u00a0mm. Se esperan las mayores acumulaciones en la mitad occidental de la regi\u00f3n. Se activa tambi\u00e9n [&hellip;]<\/p>\n","protected":false},"author":16,"featured_media":40326,"comment_status":"open","ping_status":"open","sticky":false,"template":"","format":"standard","meta":[],"categories":[2],"tags":[94,151,188,358,485,569,676,1893,800,1028],"_links":{"self":[{"href":"https:\/\/blogs.diariosur.es\/tormentas-y-rayos\/wp-json\/wp\/v2\/posts\/40319"}],"collection":[{"href":"https:\/\/blogs.diariosur.es\/tormentas-y-rayos\/wp-json\/wp\/v2\/posts"}],"about":[{"href":"https:\/\/blogs.diariosur.es\/tormentas-y-rayos\/wp-json\/wp\/v2\/types\/post"}],"author":[{"embeddable":true,"href":"https:\/\/blogs.diariosur.es\/tormentas-y-rayos\/wp-json\/wp\/v2\/users\/16"}],"replies":[{"embeddable":true,"href":"https:\/\/blogs.diariosur.es\/tormentas-y-rayos\/wp-json\/wp\/v2\/comments?post=40319"}],"version-history":[{"count":6,"href":"https:\/\/blogs.diariosur.es\/tormentas-y-rayos\/wp-json\/wp\/v2\/posts\/40319\/revisions"}],"predecessor-version":[{"id":47930,"href":"https:\/\/blogs.diariosur.es\/tormentas-y-rayos\/wp-json\/wp\/v2\/posts\/40319\/revisions\/47930"}],"wp:featuredmedia":[{"embeddable":true,"href":"https:\/\/blogs.diariosur.es\/tormentas-y-rayos\/wp-json\/wp\/v2\/media\/40326"}],"wp:attachment":[{"href":"https:\/\/blogs.diariosur.es\/tormentas-y-rayos\/wp-json\/wp\/v2\/media?parent=40319"}],"wp:term":[{"taxonomy":"category","embeddable":true,"href":"https:\/\/blogs.diariosur.es\/tormentas-y-rayos\/wp-json\/wp\/v2\/categories?post=40319"},{"taxonomy":"post_tag","embeddable":true,"href":"https:\/\/blogs.diariosur.es\/tormentas-y-rayos\/wp-json\/wp\/v2\/tags?post=40319"}],"curies":[{"name":"wp","href":"https:\/\/api.w.org\/{rel}","templated":true}]}}