{"id":40330,"date":"2024-03-31T19:28:18","date_gmt":"2024-03-31T17:28:18","guid":{"rendered":"https:\/\/blogs.diariosur.es\/tormentas-y-rayos\/?p=40330"},"modified":"2025-11-25T17:47:26","modified_gmt":"2025-11-25T16:47:26","slug":"impresionantes-acumulados-de-precipitacion-mes-de-marzo-en-malaga-cuanto-han-recuperado-los-embalses-de-momento","status":"publish","type":"post","link":"https:\/\/blogs.diariosur.es\/tormentas-y-rayos\/2024\/03\/31\/impresionantes-acumulados-de-precipitacion-mes-de-marzo-en-malaga-cuanto-han-recuperado-los-embalses-de-momento\/","title":{"rendered":"Impresionantes acumulados de precipitaci\u00f3n en mes de marzo en M\u00e1laga. \u00bfCu\u00e1nto han recuperado los embalses de momento?"},"content":{"rendered":"<p><a href=\"https:\/\/static-blogs.diariosur.es\/wp-content\/uploads\/sites\/12\/2023\/10\/243418660_10223324765526342_8448445083528661051_n.jpg\"><img loading=\"lazy\" class=\"aligncenter size-thumbnail wp-image-38644\" src=\"https:\/\/static-blogs.diariosur.es\/wp-content\/uploads\/sites\/12\/2023\/10\/243418660_10223324765526342_8448445083528661051_n-150x150.jpg\" alt=\"\" width=\"150\" height=\"150\" \/><\/a><\/p>\n<p data-pm-slice=\"1 1 []\">Muy buenas noches, amigos de la meteo. Como ha pasado en a\u00f1os anteriores, el mes de marzo nos salva, pero el verano es muy largo y se consume mucha agua. Antes de poneros los acumulados de la provincia malague\u00f1a, hablamos un poco de los embalses.<\/p>\n<p>Esta captura de los embalses malague\u00f1os la guard\u00e9 en febrero de este a\u00f1o, concretamente el d\u00eda 2. Hace dos meses ten\u00edamos almacenados\u00a0 96,23\u00a0hm3\u00a0y est\u00e1bamos al 15,74%.<\/p>\n<p>&nbsp;<\/p>\n<p><a href=\"https:\/\/static-blogs.diariosur.es\/wp-content\/uploads\/sites\/12\/2024\/03\/432184763_10228608818104354_2348483365034487842_n.jpg\"><img loading=\"lazy\" class=\"aligncenter size-full wp-image-40331\" src=\"https:\/\/static-blogs.diariosur.es\/wp-content\/uploads\/sites\/12\/2024\/03\/432184763_10228608818104354_2348483365034487842_n.jpg\" alt=\"\" width=\"960\" height=\"572\" srcset=\"https:\/\/static-blogs.diariosur.es\/wp-content\/uploads\/sites\/12\/2024\/03\/432184763_10228608818104354_2348483365034487842_n.jpg 960w, https:\/\/static-blogs.diariosur.es\/wp-content\/uploads\/sites\/12\/2024\/03\/432184763_10228608818104354_2348483365034487842_n-640x381.jpg 640w, https:\/\/static-blogs.diariosur.es\/wp-content\/uploads\/sites\/12\/2024\/03\/432184763_10228608818104354_2348483365034487842_n-768x458.jpg 768w\" sizes=\"(max-width: 960px) 100vw, 960px\" \/><\/a><\/p>\n<p>&nbsp;<\/p>\n<p data-pm-slice=\"1 1 []\">Hoy 31 de marzo a las 19:00 horas tenemos almacenados\u00a0135 hm\u00b3\u00a0y estamos al 22,16%, pero a\u00fan quedan escorrent\u00edas que siguen aportando agua a los embalses. Hemos recuperado de momento este mes 39 hm3.<\/p>\n<p>Comparar con la captura de arriba. La concepci\u00f3n se ha puesto al 50%, destacar tambi\u00e9n Conde de Guadalhorce y la Vi\u00f1uela<\/p>\n<p>&nbsp;<\/p>\n<p><a href=\"https:\/\/static-blogs.diariosur.es\/wp-content\/uploads\/sites\/12\/2024\/03\/Captura-de-pantalla-2024-03-31-185056.jpg\"><img loading=\"lazy\" class=\"aligncenter size-full wp-image-40338\" src=\"https:\/\/static-blogs.diariosur.es\/wp-content\/uploads\/sites\/12\/2024\/03\/Captura-de-pantalla-2024-03-31-185056.jpg\" alt=\"\" width=\"1100\" height=\"368\" srcset=\"https:\/\/static-blogs.diariosur.es\/wp-content\/uploads\/sites\/12\/2024\/03\/Captura-de-pantalla-2024-03-31-185056.jpg 1100w, https:\/\/static-blogs.diariosur.es\/wp-content\/uploads\/sites\/12\/2024\/03\/Captura-de-pantalla-2024-03-31-185056-640x214.jpg 640w, https:\/\/static-blogs.diariosur.es\/wp-content\/uploads\/sites\/12\/2024\/03\/Captura-de-pantalla-2024-03-31-185056-768x257.jpg 768w\" sizes=\"(max-width: 1100px) 100vw, 1100px\" \/><\/a><\/p>\n<p>&nbsp;<\/p>\n<p>Hace un a\u00f1o en estas mismas fechas ten\u00edamos 225 hect\u00f3metros c\u00fabicos, mucho mas que ahora. Si el pr\u00f3ximo oto\u00f1o e invierno tampoco llueve, nos veremos nuevamente como febrero de 2024 que hab\u00e9is visto al principio del post.<\/p>\n<p>&nbsp;<\/p>\n<p><a href=\"https:\/\/static-blogs.diariosur.es\/wp-content\/uploads\/sites\/12\/2024\/03\/Captura-de-pantalla-2024-03-31-080522.jpg\"><img loading=\"lazy\" class=\"aligncenter size-full wp-image-40333\" src=\"https:\/\/static-blogs.diariosur.es\/wp-content\/uploads\/sites\/12\/2024\/03\/Captura-de-pantalla-2024-03-31-080522.jpg\" alt=\"\" width=\"360\" height=\"347\" \/><\/a><\/p>\n<p data-pm-slice=\"1 1 []\">Os paso unos videos de hoy domingo.<\/p>\n<p>Estos cuatro primeros son de mi amigo Salvador Guzm\u00e1n Maldonado, gran aficionado a la meteorolog\u00eda. R\u00edo Pereilas en Co\u00edn, R\u00edo Grande y esta tarde en la Sierra de las Nieves a 1300 m.<\/p>\n<p>&nbsp;<\/p>\n<p>&nbsp;<\/p>\n<p><iframe loading=\"lazy\" title=\"YouTube video player\" src=\"https:\/\/www.youtube.com\/embed\/oXFVvOzbAQM?si=bKA4dRw6ssC45FyE\" width=\"560\" height=\"315\" frameborder=\"0\" allowfullscreen=\"allowfullscreen\"><\/iframe><\/p>\n<p>&nbsp;<\/p>\n<p><iframe loading=\"lazy\" title=\"YouTube video player\" src=\"https:\/\/www.youtube.com\/embed\/6LrKWq6T9x4?si=PUR8-ieJbMt80PLw\" width=\"560\" height=\"315\" frameborder=\"0\" allowfullscreen=\"allowfullscreen\"><\/iframe><\/p>\n<p>&nbsp;<\/p>\n<p><iframe loading=\"lazy\" title=\"YouTube video player\" src=\"https:\/\/www.youtube.com\/embed\/dGSiFjud_Rw?si=JVnEgxpxqmBDUt0O\" width=\"560\" height=\"315\" frameborder=\"0\" allowfullscreen=\"allowfullscreen\"><\/iframe><\/p>\n<p><iframe loading=\"lazy\" title=\"YouTube video player\" src=\"https:\/\/www.youtube.com\/embed\/6bfH5MvBswk?si=1RbfttXdLoROupMB\" width=\"560\" height=\"315\" frameborder=\"0\" allowfullscreen=\"allowfullscreen\"><\/iframe><br \/>\nEstos dos videos tambi\u00e9n son de hoy domingo, son de mi amigo Nacho Mart\u00edn Almansa, tambi\u00e9n un gran aficionado a la meteorolog\u00eda y un gran conocedor de los embalses de M\u00e1laga.<\/p>\n<p>Sierra Blanca en Marbella<\/p>\n<p>&nbsp;<\/p>\n<p><iframe loading=\"lazy\" title=\"YouTube video player\" src=\"https:\/\/www.youtube.com\/embed\/C8sAZkAOBaU?si=iqT4kzB_U9sLcoEN\" width=\"560\" height=\"315\" frameborder=\"0\" allowfullscreen=\"allowfullscreen\"><\/iframe><\/p>\n<p>&nbsp;<\/p>\n<p><iframe loading=\"lazy\" title=\"YouTube video player\" src=\"https:\/\/www.youtube.com\/embed\/NOeaB46kDyI?si=sts8en4yZBs13T8d\" width=\"560\" height=\"315\" frameborder=\"0\" allowfullscreen=\"allowfullscreen\"><\/iframe><\/p>\n<h3><\/h3>\n<p>Mi amigo Antonio Amores me manda esta foto desde Casabermeja, el Rio Guadalmedina<\/p>\n<p>&nbsp;<\/p>\n<p><a href=\"https:\/\/static-blogs.diariosur.es\/wp-content\/uploads\/sites\/12\/2024\/03\/434382535_10228616188088599_7677745663586053670_n.jpg\"><img loading=\"lazy\" class=\"aligncenter size-full wp-image-40339\" src=\"https:\/\/static-blogs.diariosur.es\/wp-content\/uploads\/sites\/12\/2024\/03\/434382535_10228616188088599_7677745663586053670_n.jpg\" alt=\"\" width=\"800\" height=\"1067\" srcset=\"https:\/\/static-blogs.diariosur.es\/wp-content\/uploads\/sites\/12\/2024\/03\/434382535_10228616188088599_7677745663586053670_n.jpg 800w, https:\/\/static-blogs.diariosur.es\/wp-content\/uploads\/sites\/12\/2024\/03\/434382535_10228616188088599_7677745663586053670_n-300x400.jpg 300w, https:\/\/static-blogs.diariosur.es\/wp-content\/uploads\/sites\/12\/2024\/03\/434382535_10228616188088599_7677745663586053670_n-768x1024.jpg 768w\" sizes=\"(max-width: 800px) 100vw, 800px\" \/><\/a><\/p>\n<h3><\/h3>\n<p>Mi amigo Salvador L\u00f3pez Mill\u00e1n me manda este fot\u00f3n de la Sierra de las Nieves de esta tarde<\/p>\n<p>&nbsp;<\/p>\n<p><a href=\"https:\/\/static-blogs.diariosur.es\/wp-content\/uploads\/sites\/12\/2024\/03\/434367806_10228616188248603_4389593820732232900_n-e1711905886488.jpg\"><img loading=\"lazy\" class=\"aligncenter size-full wp-image-40340\" src=\"https:\/\/static-blogs.diariosur.es\/wp-content\/uploads\/sites\/12\/2024\/03\/434367806_10228616188248603_4389593820732232900_n-e1711905886488.jpg\" alt=\"\" width=\"1200\" height=\"900\" \/><\/a><\/p>\n<h3><\/h3>\n<h3><span style=\"color: #0000ff;\">ACUMULADOS DE PRECIPITACI\u00d3N MES DE MARZO EN LA PROVINCIA DE M\u00c1LAGA<\/span><\/h3>\n<p>Os recuerdo que mm significa litros por metro cuadrado<\/p>\n<h3><strong>Fuente Acamet,\u00a0<\/strong><\/h3>\n<p>Gracias por pasarme los datos de Acamet amigo Antonio Galiano.<\/p>\n<p>PILONES SIERRA DE LAS NIEVES TOLOX\u00a0 440 mm<\/p>\n<p>OREGANAL CARTAJIMA\u00a0 \u00a0467 mm<\/p>\n<p>LA NAVA\u00a0 343,8 mm<\/p>\n<p>SIERRA NEGRA CO\u00cdN\u00a0 193 mm<\/p>\n<h3><strong>Fuente Red Hidrosur<\/strong><\/h3>\n<p>SIERRA MIJAS\u00a0 214 mm<\/p>\n<p>LOS REALES\u00a0 233 mm<\/p>\n<p>MAJADA DE LAS LOMAS\u00a0 \u00a0319,4 mm<\/p>\n<p>RIO GENAL JUBRIQUE 347,9 mm<\/p>\n<p>PUJERRA 261,5<\/p>\n<p>CUEVAS DEL BECERRO\u00a0 211 mm<\/p>\n<p>EMBALSE DE LA CONCEPCI\u00d3N\u00a0 215,8 mm<\/p>\n<p>LAGUNA DE FUENTE PIEDRA\u00a0 73 mm<\/p>\n<p>OJEN\u00a0 304,9 mm<\/p>\n<p>EL TORCAL\u00a0 142 mm<\/p>\n<p>DEPURADORA MARBELLA\u00a0 178,5 mm<\/p>\n<p>SANTO PITAR\u00a0 \u00a0169,5 mm<\/p>\n<p>CA\u00d1ETE LA REAL\u00a0 190,5 mm<\/p>\n<p>RONDA\u00a0 202,8 mm<\/p>\n<p><span style=\"color: #0000ff;\">EMBALSE CASASOLA\u00a0 92,2 mm<\/span><\/p>\n<p><span style=\"color: #0000ff;\">EMBALSE DEL LIMONERO\u00a0 107,8 mm<\/span><\/p>\n<p><span style=\"color: #0000ff;\">EMBALSE GUADALTEBA\u00a0 102,5 mm<\/span><\/p>\n<p><span style=\"color: #0000ff;\">EMBALSE CONDE DE GUADALHORCE\u00a0 100,3 mm<\/span><\/p>\n<p><span style=\"color: #0000ff;\">EMBALSE DE LA VI\u00d1UELA\u00a0 165,4 mm<\/span><\/p>\n<p>ALCAUC\u00cdN 187,7 mm<\/p>\n<p>VILLANUEVA DE LA CONCEPCI\u00d3N\u00a0 167,9 mm<\/p>\n<p>REPETIDOR DE LA ENCANTADA\u00a0 98,8 mm<\/p>\n<p>CO\u00cdN\u00a0 140,6 mm<\/p>\n<p>CASARABONELA\u00a0 125 mm<\/p>\n<p>COLMENAR\u00a0 87 mm<\/p>\n<p>ALFARNATEJO\u00a0 239,1 mm<\/p>\n<p>RIO BENAMARGOSA\u00a0 230,3 mm<\/p>\n<p>TORROX\u00a0 123 mm<\/p>\n<p>TORRE DEL MAR 135 mm<\/p>\n<p>RIO GRANDE LAS MILLANAS\u00a0 141 mm<\/p>\n<p>RIO GUADALHORCE ALJAIMA\u00a0 83,5 mm<\/p>\n<p>AZUD DE PAREDONES\u00a0 82,5 mm<\/p>\n<p>RIO GUADIARO\u00a0 355 mm<\/p>\n<p>DEPURADORA DEL TRAPICHE\u00a0 150,2 mm<\/p>\n<p>RIO GUADALTEBA AFORO TEBA\u00a0 \u00a098 mm<\/p>\n<p>RIO TUR\u00d3N ARDALES 103 mm<\/p>\n<p>RIO GUADALHORCE ARCHIDONA\u00a0 \u00a0125 mm<\/p>\n<p>RIO GUADALHORCE BOBADILLA\u00a0 118 mm<\/p>\n<p>FAHALA\u00a0 82 mm<\/p>\n<p>LA ARA\u00d1A 132 mm<\/p>\n<h3><strong>Fuente Meteoclimatic.<\/strong><\/h3>\n<p>AVENIDA JOSE ORTEGA Y GASSET MI ESTACI\u00d3N 126 mm<\/p>\n<p>ALAMEDA\u00a0 168.6 mm<\/p>\n<p>ALGATOCIN\u00a0 358, mm<\/p>\n<p>ARCHIDONA HUERTAS DEL R\u00cdO\u00a0 138.7 mm<\/p>\n<p>ARCHIDONA PTA DE LA HOYA 139 mm<\/p>\n<p>ALHAUR\u00cdN DE LA TORRE\u00a0 136 mm<\/p>\n<p>ALHAUR\u00cdN EL GRANDE\u00a0 165 mm<\/p>\n<p>EL COLMENAR LAS BUITRERAS\u00a0 320 mm<\/p>\n<p>CHURRIANA\u00a0 \u00a0166 mm<\/p>\n<p>FRIGILIANA\u00a0 260 mm<\/p>\n<p>IST\u00c1N\u00a0 274 mm<\/p>\n<p>TORREMOLINOS\u00a0 185 mm<\/p>\n<p>BENALM\u00c1DENA ARROYO DE LA MIEL\u00a0 159 mm<\/p>\n<p>ESTEPONA 186.9 mm<\/p>\n<p>LA CALA DEL MORAL\u00a0 156 mm<\/p>\n<p>MIJAS PUEBLO\u00a0 \u00a0223 mm<\/p>\n<p>MIJAS LOS ESPARTALES\u00a0 \u00a0241 mm<\/p>\n<p>TOLOX 199 mm<\/p>\n<p>NERJA\u00a0 LAS PALMERAS\u00a0 191 mm<\/p>\n<p>RINC\u00d3N DE LA VICTORIA\u00a0 155 mm<\/p>\n<p>RONDA SAN CRIST\u00d3BAL\u00a0 224 mm<\/p>\n<p>V\u00c9LEZ M\u00c1LAGA\u00a0 118 mm<\/p>\n<p>C\u00c1RTAMA SIERRA LLANA\u00a0 75 mm<\/p>\n<h3><strong>Fuente Aemet<\/strong><\/h3>\n<p>M\u00c1LAGA AEROPUERTO 143 mm<\/p>\n<p>ANTEQUERA\u00a0 130.8<\/p>\n<p>GAUC\u00cdN 299 mm<\/p>\n<p>ALPANDEIRE 282 mm<\/p>\n<p>CORTES DE LA FRONTERA\u00a0 364 mm<\/p>\n<p>FUENGIROLA\u00a0 \u00a0144 mm<\/p>\n<p>\u00c1LORA\u00a0 \u00a081 mm<\/p>\n<p>&nbsp;<\/p>\n<h3><strong>Fuente Weather Underground<\/strong><\/h3>\n<p>ALCAUCIN\u00a0 205 mm<\/p>\n<p>CANILLAS DEL ACEITUNO\u00a0 127.7 mm<\/p>\n<p>EL BORGE\u00a0 205.8<\/p>\n<p>ALMACHAR 207. 6 mm<\/p>\n<p>COMARES\u00a0 170,7 mm<\/p>\n<p>PERIANA\u00a0 174,8 mm<\/p>\n<p>VENTA ZAFARRAYA\u00a0 258 mm<\/p>\n<p>VILLANUEVA DEL TRABUCO\u00a0 110 mm<\/p>\n<p>BENAMOCARRA\u00a0 177.2 mm<\/p>\n<p>VILLANUEVA DEL ROSARIO\u00a0 98 mm<\/p>\n<p>CASABERMEJA\u00a0 106 mm<\/p>\n<p>MOCLINEJO\u00a0 162 mm<\/p>\n<p>EL BURGO\u00a0 \u00a0180 mm<\/p>\n<p>FARAJAN\u00a0 273 mm<\/p>\n<p>CAMPILLOS\u00a0 140 mm<\/p>\n<p>YUNQUERA CASA RURAL 160.5 mm<\/p>\n<p>PIZARRA\u00a0 80 mm<\/p>\n<p>COMPETA\u00a0 263 AMM<\/p>\n<p>ALGATOC\u00cdN\u00a0 \u00a0320 mm<\/p>\n<p>COMARES\u00a0 160.7 mm<\/p>\n","protected":false},"excerpt":{"rendered":"<p>Muy buenas noches, amigos de la meteo. Como ha pasado en a\u00f1os anteriores, el mes de marzo nos salva, pero el verano es muy largo y se consume mucha agua. Antes de poneros los acumulados de la provincia malague\u00f1a, hablamos un poco de los embalses. Esta captura de los embalses malague\u00f1os la guard\u00e9 en febrero [&hellip;]<\/p>\n","protected":false},"author":16,"featured_media":40336,"comment_status":"open","ping_status":"open","sticky":false,"template":"","format":"standard","meta":[],"categories":[2],"tags":[1894,100,151,188,358,360,569,1893,690],"_links":{"self":[{"href":"https:\/\/blogs.diariosur.es\/tormentas-y-rayos\/wp-json\/wp\/v2\/posts\/40330"}],"collection":[{"href":"https:\/\/blogs.diariosur.es\/tormentas-y-rayos\/wp-json\/wp\/v2\/posts"}],"about":[{"href":"https:\/\/blogs.diariosur.es\/tormentas-y-rayos\/wp-json\/wp\/v2\/types\/post"}],"author":[{"embeddable":true,"href":"https:\/\/blogs.diariosur.es\/tormentas-y-rayos\/wp-json\/wp\/v2\/users\/16"}],"replies":[{"embeddable":true,"href":"https:\/\/blogs.diariosur.es\/tormentas-y-rayos\/wp-json\/wp\/v2\/comments?post=40330"}],"version-history":[{"count":8,"href":"https:\/\/blogs.diariosur.es\/tormentas-y-rayos\/wp-json\/wp\/v2\/posts\/40330\/revisions"}],"predecessor-version":[{"id":47929,"href":"https:\/\/blogs.diariosur.es\/tormentas-y-rayos\/wp-json\/wp\/v2\/posts\/40330\/revisions\/47929"}],"wp:featuredmedia":[{"embeddable":true,"href":"https:\/\/blogs.diariosur.es\/tormentas-y-rayos\/wp-json\/wp\/v2\/media\/40336"}],"wp:attachment":[{"href":"https:\/\/blogs.diariosur.es\/tormentas-y-rayos\/wp-json\/wp\/v2\/media?parent=40330"}],"wp:term":[{"taxonomy":"category","embeddable":true,"href":"https:\/\/blogs.diariosur.es\/tormentas-y-rayos\/wp-json\/wp\/v2\/categories?post=40330"},{"taxonomy":"post_tag","embeddable":true,"href":"https:\/\/blogs.diariosur.es\/tormentas-y-rayos\/wp-json\/wp\/v2\/tags?post=40330"}],"curies":[{"name":"wp","href":"https:\/\/api.w.org\/{rel}","templated":true}]}}