{"id":40360,"date":"2024-04-03T08:09:43","date_gmt":"2024-04-03T06:09:43","guid":{"rendered":"https:\/\/blogs.diariosur.es\/tormentas-y-rayos\/?p=40360"},"modified":"2025-11-25T11:28:58","modified_gmt":"2025-11-25T10:28:58","slug":"cascada-del-tajo-de-la-chorrera-en-osunillas-mijas-acumulados-de-lluvias","status":"publish","type":"post","link":"https:\/\/blogs.diariosur.es\/tormentas-y-rayos\/2024\/04\/03\/cascada-del-tajo-de-la-chorrera-en-osunillas-mijas-acumulados-de-lluvias\/","title":{"rendered":"Cascada del Tajo de la Chorrera en Osunillas, Mijas. Acumulados de lluvias."},"content":{"rendered":"<p><a href=\"https:\/\/static-blogs.diariosur.es\/wp-content\/uploads\/sites\/12\/2023\/10\/243418660_10223324765526342_8448445083528661051_n.jpg\"><img loading=\"lazy\" class=\"aligncenter size-thumbnail wp-image-38644\" src=\"https:\/\/static-blogs.diariosur.es\/wp-content\/uploads\/sites\/12\/2023\/10\/243418660_10223324765526342_8448445083528661051_n-150x150.jpg\" alt=\"\" width=\"150\" height=\"150\" \/><\/a><\/p>\n<p>Muy buenos d\u00edas, amigos de la meteo. Hoy toca ver este impresionante video que ha hecho mi amigo Crist\u00f3bal Gambero en Mijas Osunillas, es la Cascada del Tajo de la Chorrera.<\/p>\n<p>Os dejo con unas palabras de \u00e9l y el v\u00eddeo.<\/p>\n<p>Este v\u00eddeo es una vuelta al pasado, de una zona rural como es Osunillas a 2 km de Mijas (M\u00e1laga), donde anta\u00f1o la abundancia de agua era el modo de vida de muchas personas. Agua que mov\u00eda molinos y batanes donde se fabricaba la pasta de papel. Esta es la Cascada del Tajo de la Chorrera despu\u00e9s de unos d\u00edas de abundante y generosa lluvia.<\/p>\n<p>&nbsp;<\/p>\n<p><iframe loading=\"lazy\" title=\"YouTube video player\" src=\"https:\/\/www.youtube.com\/embed\/Cz6AzYhA0C4?si=9XqBXWQ7cFrR7h6u\" width=\"560\" height=\"315\" frameborder=\"0\" allowfullscreen=\"allowfullscreen\"><\/iframe><\/p>\n<p>&nbsp;<\/p>\n<div class=\"x11i5rnm xat24cr x1mh8g0r x1vvkbs xtlvy1s x126k92a\">\n<div dir=\"auto\">A continuaci\u00f3n, os dejo los acumulados en todo el mes de marzo, en las diferentes zonas de Mijas gracias a esa red que hemos creado de amigos colaboradores que desinteresadamente aportan sus datos.<\/div>\n<div dir=\"auto\"><\/div>\n<\/div>\n<div class=\"x11i5rnm xat24cr x1mh8g0r x1vvkbs xtlvy1s x126k92a\">\n<div dir=\"auto\"><strong>*Entrerrios-Los Mercegales-(A.Bel\u00e9n Jim\u00e9nez)\u2026.\u2026\u2026&#8230;.274,9 mm<\/strong><\/div>\n<\/div>\n<div class=\"x11i5rnm xat24cr x1mh8g0r x1vvkbs xtlvy1s x126k92a\">\n<div dir=\"auto\"><strong>*Entrerrios- Cantarra-(Juan Morales)\u2026\u2026\u2026\u2026\u2026\u2026\u2026\u2026..273,2 mm<\/strong><\/div>\n<\/div>\n<div class=\"x11i5rnm xat24cr x1mh8g0r x1vvkbs xtlvy1s x126k92a\">\n<div dir=\"auto\"><strong>*Los Espartales (Fernando Torres)\u2026\u2026.\u2026\u2026\u2026\u2026&#8230;&#8230;\u2026..241,8 mm<\/strong><\/div>\n<\/div>\n<div class=\"x11i5rnm xat24cr x1mh8g0r x1vvkbs xtlvy1s x126k92a\">\n<div dir=\"auto\"><strong>*Osunillas-Tajo La Chorrera-(J\u00e9ssica Jim\u00e9nez)\u2026&#8230;&#8230;&#8230;..232.5 mm<\/strong><\/div>\n<\/div>\n<div class=\"x11i5rnm xat24cr x1mh8g0r x1vvkbs xtlvy1s x126k92a\">\n<div dir=\"auto\"><strong>*Mijas Pueblo-(C.Gambero)\u2026\u2026\u2026\u2026224.8 mm<\/strong><\/div>\n<\/div>\n<div class=\"x11i5rnm xat24cr x1mh8g0r x1vvkbs xtlvy1s x126k92a\">\n<div dir=\"auto\"><strong>*Valtocao-Camino Moya- (Josefita Quero)\u2026\u2026\u2026\u2026\u2026&#8230;.219.0 mm<\/strong><\/div>\n<\/div>\n<div class=\"x11i5rnm xat24cr x1mh8g0r x1vvkbs xtlvy1s x126k92a\">\n<div dir=\"auto\"><strong>*La Alquer\u00eda-Camino la Peseta-(Milagros Rodr\u00edguez)\u2026..215.0 mm<\/strong><\/div>\n<\/div>\n<div class=\"x11i5rnm xat24cr x1mh8g0r x1vvkbs xtlvy1s x126k92a\">\n<div dir=\"auto\"><strong>*Los Pedregales-(Yolanda Burgos)\u2026\u2026\u2026\u2026\u2026\u2026\u2026\u2026&#8230;.208.0 mm<\/strong><\/div>\n<\/div>\n<div class=\"x11i5rnm xat24cr x1mh8g0r x1vvkbs xtlvy1s x126k92a\">\n<div dir=\"auto\"><strong>*Valtocao-Los Condes-(Librada Moreno)\u2026\u2026\u2026\u2026\u2026\u2026\u2026207,8 mm<\/strong><\/div>\n<\/div>\n<div class=\"x11i5rnm xat24cr x1mh8g0r x1vvkbs xtlvy1s x126k92a\">\n<div dir=\"auto\"><strong>*La Majailla del Muerto-(Daniel J G\u00f3mez)\u2026\u2026\u2026\u2026\u2026&#8230;&#8230;200.0 mm<\/strong><\/div>\n<\/div>\n<div class=\"x11i5rnm xat24cr x1mh8g0r x1vvkbs xtlvy1s x126k92a\">\n<div dir=\"auto\"><strong>*La Alquer\u00eda-Cuesta Borrego (Rosa Sede\u00f1o)\u2026\u2026\u2026\u2026\u2026.196.0 mm<\/strong><\/div>\n<\/div>\n<div class=\"x11i5rnm xat24cr x1mh8g0r x1vvkbs xtlvy1s x126k92a\">\n<div dir=\"auto\"><strong>*Sierra Mijas(C.Castillejo)Red Hidrosur\u2026\u2026\u2026\u2026\u2026\u2026..\u2026191,2 mm<\/strong><\/div>\n<\/div>\n<div class=\"x11i5rnm xat24cr x1mh8g0r x1vvkbs xtlvy1s x126k92a\">\n<div dir=\"auto\"><strong>*Las Lagunas-Corte Ingl\u00e9s-(Daniel Mart\u00edn)\u2026\u2026\u2026\u2026.\u2026&#8230;169,6 mm<\/strong><\/div>\n<\/div>\n<div class=\"x11i5rnm xat24cr x1mh8g0r x1vvkbs xtlvy1s x126k92a\">\n<div dir=\"auto\"><strong>*Las Lagunas-Do\u00f1a Ermita (Pablo Fern\u00e1ndez)\u2026\u2026\u2026\u2026..117,4 mm<\/strong><\/div>\n<\/div>\n","protected":false},"excerpt":{"rendered":"<p>Muy buenos d\u00edas, amigos de la meteo. Hoy toca ver este impresionante video que ha hecho mi amigo Crist\u00f3bal Gambero en Mijas Osunillas, es la Cascada del Tajo de la Chorrera. Os dejo con unas palabras de \u00e9l y el v\u00eddeo. Este v\u00eddeo es una vuelta al pasado, de una zona rural como es Osunillas [&hellip;]<\/p>\n","protected":false},"author":16,"featured_media":40361,"comment_status":"open","ping_status":"open","sticky":false,"template":"","format":"standard","meta":[],"categories":[2],"tags":[1898,1900,1897,569,1899],"_links":{"self":[{"href":"https:\/\/blogs.diariosur.es\/tormentas-y-rayos\/wp-json\/wp\/v2\/posts\/40360"}],"collection":[{"href":"https:\/\/blogs.diariosur.es\/tormentas-y-rayos\/wp-json\/wp\/v2\/posts"}],"about":[{"href":"https:\/\/blogs.diariosur.es\/tormentas-y-rayos\/wp-json\/wp\/v2\/types\/post"}],"author":[{"embeddable":true,"href":"https:\/\/blogs.diariosur.es\/tormentas-y-rayos\/wp-json\/wp\/v2\/users\/16"}],"replies":[{"embeddable":true,"href":"https:\/\/blogs.diariosur.es\/tormentas-y-rayos\/wp-json\/wp\/v2\/comments?post=40360"}],"version-history":[{"count":1,"href":"https:\/\/blogs.diariosur.es\/tormentas-y-rayos\/wp-json\/wp\/v2\/posts\/40360\/revisions"}],"predecessor-version":[{"id":40362,"href":"https:\/\/blogs.diariosur.es\/tormentas-y-rayos\/wp-json\/wp\/v2\/posts\/40360\/revisions\/40362"}],"wp:featuredmedia":[{"embeddable":true,"href":"https:\/\/blogs.diariosur.es\/tormentas-y-rayos\/wp-json\/wp\/v2\/media\/40361"}],"wp:attachment":[{"href":"https:\/\/blogs.diariosur.es\/tormentas-y-rayos\/wp-json\/wp\/v2\/media?parent=40360"}],"wp:term":[{"taxonomy":"category","embeddable":true,"href":"https:\/\/blogs.diariosur.es\/tormentas-y-rayos\/wp-json\/wp\/v2\/categories?post=40360"},{"taxonomy":"post_tag","embeddable":true,"href":"https:\/\/blogs.diariosur.es\/tormentas-y-rayos\/wp-json\/wp\/v2\/tags?post=40360"}],"curies":[{"name":"wp","href":"https:\/\/api.w.org\/{rel}","templated":true}]}}