{"id":40380,"date":"2024-04-05T17:26:20","date_gmt":"2024-04-05T15:26:20","guid":{"rendered":"https:\/\/blogs.diariosur.es\/tormentas-y-rayos\/?p=40380"},"modified":"2025-11-25T11:26:00","modified_gmt":"2025-11-25T10:26:00","slug":"el-arbol-de-las-orquideas-en-malaga-da-vida","status":"publish","type":"post","link":"https:\/\/blogs.diariosur.es\/tormentas-y-rayos\/2024\/04\/05\/el-arbol-de-las-orquideas-en-malaga-da-vida\/","title":{"rendered":"El \u00e1rbol de las orqu\u00eddeas en M\u00e1laga da vida."},"content":{"rendered":"<p><a href=\"https:\/\/static-blogs.diariosur.es\/wp-content\/uploads\/sites\/12\/2023\/10\/391553712_10227849747128054_5906882869659171719_n.jpg\"><img loading=\"lazy\" class=\"aligncenter size-thumbnail wp-image-38725\" src=\"https:\/\/static-blogs.diariosur.es\/wp-content\/uploads\/sites\/12\/2023\/10\/391553712_10227849747128054_5906882869659171719_n-150x150.jpg\" alt=\"\" width=\"150\" height=\"150\" \/><\/a><\/p>\n<p data-pm-slice=\"1 1 []\">Buenas tardes, amigos de la meteo. Hoy no hablaremos de meteorolog\u00eda, sino de un \u00e1rbol precioso que podemos ver en algunas zonas de M\u00e1laga. En esta ocasi\u00f3n es mi amigo Enrique Salvo Tierra el que nos presentar\u00e1 este bonito \u00e1rbol. Os dejo con Enrique.<\/p>\n<p>Su nombre cient\u00edfico es Bauhinia Variegata, es el primer \u00e1rbol del Top Ten de M\u00e1laga por la cantidad de servicios ecosist\u00e9micos que provee. Adem\u00e1s de absorber una gran cantidad de gases de efecto invernadero, como una buena leguminosa, es capaz de generar una sombra muy potente en su interior y tambi\u00e9n exterior de la copa, en donde las hojas de tipo escotadas y flabeliformes (con forma de abanico) ayudan a remover el aire en su entorno. Hasta 6 grados de diferencia entre el exterior y el interior, y hasta 8 entre su sombra y las zonas soleadas cercanas.<\/p>\n<p>Es un \u00e1rbol asi\u00e1tico incorporado como arbolado urbano pr\u00e1cticamente en este siglo. No es aut\u00f3ctono, pero hay que recordar que las condiciones en el interior de las ciudades son muy distintas al natural circundante. Por eso no hay que desechar a las especies ex\u00f3ticas que aclimatan a nuestro ecosistema urbano.<\/p>\n<p>&nbsp;<\/p>\n<p><a href=\"https:\/\/static-blogs.diariosur.es\/wp-content\/uploads\/sites\/12\/2024\/04\/DSC1165.jpg\"><img loading=\"lazy\" class=\"aligncenter size-full wp-image-40382\" src=\"https:\/\/static-blogs.diariosur.es\/wp-content\/uploads\/sites\/12\/2024\/04\/DSC1165.jpg\" alt=\"\" width=\"1200\" height=\"675\" srcset=\"https:\/\/static-blogs.diariosur.es\/wp-content\/uploads\/sites\/12\/2024\/04\/DSC1165.jpg 1200w, https:\/\/static-blogs.diariosur.es\/wp-content\/uploads\/sites\/12\/2024\/04\/DSC1165-640x360.jpg 640w, https:\/\/static-blogs.diariosur.es\/wp-content\/uploads\/sites\/12\/2024\/04\/DSC1165-768x432.jpg 768w\" sizes=\"(max-width: 1200px) 100vw, 1200px\" \/><\/a><\/p>\n<p>&nbsp;<\/p>\n<p><a href=\"https:\/\/static-blogs.diariosur.es\/wp-content\/uploads\/sites\/12\/2024\/04\/DSC1168.jpg\"><img loading=\"lazy\" class=\"aligncenter size-full wp-image-40383\" src=\"https:\/\/static-blogs.diariosur.es\/wp-content\/uploads\/sites\/12\/2024\/04\/DSC1168.jpg\" alt=\"\" width=\"1200\" height=\"941\" srcset=\"https:\/\/static-blogs.diariosur.es\/wp-content\/uploads\/sites\/12\/2024\/04\/DSC1168.jpg 1200w, https:\/\/static-blogs.diariosur.es\/wp-content\/uploads\/sites\/12\/2024\/04\/DSC1168-510x400.jpg 510w, https:\/\/static-blogs.diariosur.es\/wp-content\/uploads\/sites\/12\/2024\/04\/DSC1168-768x602.jpg 768w\" sizes=\"(max-width: 1200px) 100vw, 1200px\" \/><\/a><\/p>\n<p>&nbsp;<\/p>\n<p><a href=\"https:\/\/static-blogs.diariosur.es\/wp-content\/uploads\/sites\/12\/2024\/04\/DSC1169.jpg\"><img loading=\"lazy\" class=\"aligncenter size-full wp-image-40384\" src=\"https:\/\/static-blogs.diariosur.es\/wp-content\/uploads\/sites\/12\/2024\/04\/DSC1169.jpg\" alt=\"\" width=\"1200\" height=\"675\" srcset=\"https:\/\/static-blogs.diariosur.es\/wp-content\/uploads\/sites\/12\/2024\/04\/DSC1169.jpg 1200w, https:\/\/static-blogs.diariosur.es\/wp-content\/uploads\/sites\/12\/2024\/04\/DSC1169-640x360.jpg 640w, https:\/\/static-blogs.diariosur.es\/wp-content\/uploads\/sites\/12\/2024\/04\/DSC1169-768x432.jpg 768w\" sizes=\"(max-width: 1200px) 100vw, 1200px\" \/><\/a><\/p>\n<p>&nbsp;<\/p>\n<p><a href=\"https:\/\/static-blogs.diariosur.es\/wp-content\/uploads\/sites\/12\/2024\/04\/DSC1170.jpg\"><img loading=\"lazy\" class=\"aligncenter size-full wp-image-40385\" src=\"https:\/\/static-blogs.diariosur.es\/wp-content\/uploads\/sites\/12\/2024\/04\/DSC1170.jpg\" alt=\"\" width=\"1200\" height=\"675\" srcset=\"https:\/\/static-blogs.diariosur.es\/wp-content\/uploads\/sites\/12\/2024\/04\/DSC1170.jpg 1200w, https:\/\/static-blogs.diariosur.es\/wp-content\/uploads\/sites\/12\/2024\/04\/DSC1170-640x360.jpg 640w, https:\/\/static-blogs.diariosur.es\/wp-content\/uploads\/sites\/12\/2024\/04\/DSC1170-768x432.jpg 768w\" sizes=\"(max-width: 1200px) 100vw, 1200px\" \/><\/a><\/p>\n<p>&nbsp;<\/p>\n<p><a href=\"https:\/\/static-blogs.diariosur.es\/wp-content\/uploads\/sites\/12\/2024\/04\/435549503_10228640184728500_4684541419372515206_n.jpg\"><img loading=\"lazy\" class=\"aligncenter size-full wp-image-40381\" src=\"https:\/\/static-blogs.diariosur.es\/wp-content\/uploads\/sites\/12\/2024\/04\/435549503_10228640184728500_4684541419372515206_n.jpg\" alt=\"\" width=\"1200\" height=\"900\" srcset=\"https:\/\/static-blogs.diariosur.es\/wp-content\/uploads\/sites\/12\/2024\/04\/435549503_10228640184728500_4684541419372515206_n.jpg 1200w, https:\/\/static-blogs.diariosur.es\/wp-content\/uploads\/sites\/12\/2024\/04\/435549503_10228640184728500_4684541419372515206_n-533x400.jpg 533w, https:\/\/static-blogs.diariosur.es\/wp-content\/uploads\/sites\/12\/2024\/04\/435549503_10228640184728500_4684541419372515206_n-768x576.jpg 768w\" sizes=\"(max-width: 1200px) 100vw, 1200px\" \/><\/a><\/p>\n<p>&nbsp;<\/p>\n","protected":false},"excerpt":{"rendered":"<p>Buenas tardes, amigos de la meteo. Hoy no hablaremos de meteorolog\u00eda, sino de un \u00e1rbol precioso que podemos ver en algunas zonas de M\u00e1laga. En esta ocasi\u00f3n es mi amigo Enrique Salvo Tierra el que nos presentar\u00e1 este bonito \u00e1rbol. Os dejo con Enrique. Su nombre cient\u00edfico es Bauhinia Variegata, es el primer \u00e1rbol del [&hellip;]<\/p>\n","protected":false},"author":16,"featured_media":40381,"comment_status":"open","ping_status":"open","sticky":false,"template":"","format":"standard","meta":[],"categories":[2],"tags":[1904,1902,587,1903],"_links":{"self":[{"href":"https:\/\/blogs.diariosur.es\/tormentas-y-rayos\/wp-json\/wp\/v2\/posts\/40380"}],"collection":[{"href":"https:\/\/blogs.diariosur.es\/tormentas-y-rayos\/wp-json\/wp\/v2\/posts"}],"about":[{"href":"https:\/\/blogs.diariosur.es\/tormentas-y-rayos\/wp-json\/wp\/v2\/types\/post"}],"author":[{"embeddable":true,"href":"https:\/\/blogs.diariosur.es\/tormentas-y-rayos\/wp-json\/wp\/v2\/users\/16"}],"replies":[{"embeddable":true,"href":"https:\/\/blogs.diariosur.es\/tormentas-y-rayos\/wp-json\/wp\/v2\/comments?post=40380"}],"version-history":[{"count":3,"href":"https:\/\/blogs.diariosur.es\/tormentas-y-rayos\/wp-json\/wp\/v2\/posts\/40380\/revisions"}],"predecessor-version":[{"id":47923,"href":"https:\/\/blogs.diariosur.es\/tormentas-y-rayos\/wp-json\/wp\/v2\/posts\/40380\/revisions\/47923"}],"wp:featuredmedia":[{"embeddable":true,"href":"https:\/\/blogs.diariosur.es\/tormentas-y-rayos\/wp-json\/wp\/v2\/media\/40381"}],"wp:attachment":[{"href":"https:\/\/blogs.diariosur.es\/tormentas-y-rayos\/wp-json\/wp\/v2\/media?parent=40380"}],"wp:term":[{"taxonomy":"category","embeddable":true,"href":"https:\/\/blogs.diariosur.es\/tormentas-y-rayos\/wp-json\/wp\/v2\/categories?post=40380"},{"taxonomy":"post_tag","embeddable":true,"href":"https:\/\/blogs.diariosur.es\/tormentas-y-rayos\/wp-json\/wp\/v2\/tags?post=40380"}],"curies":[{"name":"wp","href":"https:\/\/api.w.org\/{rel}","templated":true}]}}