{"id":40388,"date":"2024-04-06T08:53:29","date_gmt":"2024-04-06T06:53:29","guid":{"rendered":"https:\/\/blogs.diariosur.es\/tormentas-y-rayos\/?p=40388"},"modified":"2025-11-25T11:24:06","modified_gmt":"2025-11-25T10:24:06","slug":"lo-mejor-para-la-calima-y-el-polvo-en-suspension-es-venirse-a-malaga-y-darse-un-chapuzon","status":"publish","type":"post","link":"https:\/\/blogs.diariosur.es\/tormentas-y-rayos\/2024\/04\/06\/lo-mejor-para-la-calima-y-el-polvo-en-suspension-es-venirse-a-malaga-y-darse-un-chapuzon\/","title":{"rendered":"Lo mejor para la calima y el polvo en suspensi\u00f3n, es venirse a M\u00e1laga y darse un chapuz\u00f3n."},"content":{"rendered":"<p><a href=\"https:\/\/static-blogs.diariosur.es\/wp-content\/uploads\/sites\/12\/2024\/02\/379337914_10227628075666406_6248628726251100327_n.jpg\"><img loading=\"lazy\" class=\"aligncenter size-thumbnail wp-image-39879\" src=\"https:\/\/static-blogs.diariosur.es\/wp-content\/uploads\/sites\/12\/2024\/02\/379337914_10227628075666406_6248628726251100327_n-150x150.jpg\" alt=\"\" width=\"150\" height=\"150\" \/><\/a><\/p>\n<p data-pm-slice=\"1 1 []\">Buenos d\u00edas, amigos de la meteo. Cuando son las ocho y media de la ma\u00f1ana en M\u00e1laga capital, mi estaci\u00f3n registra 15.5, los cielos est\u00e1n calimosos y el viento sopla flojo de direcci\u00f3n variable.<\/p>\n<p>Acabo de venir de la playa de ver el amanecer, pero debido a la calima tan espesa no se ha visto el sol. Destacar tambi\u00e9n que ten\u00edamos mag\u00f3n en la playa de la Misericordia y en toda la costa malague\u00f1a. La temperatura del agua del mar est\u00e1 a casi 17 grados; con unos buenos espetos, ni nos damos cuenta de que tenemos calima.<\/p>\n<p>Os paso un video de esta ma\u00f1ana.<\/p>\n<p>&nbsp;<\/p>\n<p><iframe loading=\"lazy\" title=\"YouTube video player\" src=\"https:\/\/www.youtube.com\/embed\/3XLFRHmqAXI?si=0qkzs-K8PFP1HUpg\" width=\"560\" height=\"315\" frameborder=\"0\" allowfullscreen=\"allowfullscreen\"><\/iframe><\/p>\n<p>&nbsp;<\/p>\n<p>&nbsp;<\/p>\n<p data-pm-slice=\"1 1 []\">La calima seguir\u00e1 de protagonista hoy s\u00e1bado y sobre todo ma\u00f1ana domingo, que se espera m\u00e1s concentraci\u00f3n, pero a primeras horas de la madrugada del lunes se ir\u00e1 quitando. Os paso un mapa de concentraci\u00f3n de calima previsto para ma\u00f1ana.<\/p>\n<p><a href=\"https:\/\/static-blogs.diariosur.es\/wp-content\/uploads\/sites\/12\/2024\/04\/Captura-de-pantalla-2024-04-06-083519.jpg\"><img loading=\"lazy\" class=\"aligncenter size-full wp-image-40392\" src=\"https:\/\/static-blogs.diariosur.es\/wp-content\/uploads\/sites\/12\/2024\/04\/Captura-de-pantalla-2024-04-06-083519.jpg\" alt=\"\" width=\"773\" height=\"759\" srcset=\"https:\/\/static-blogs.diariosur.es\/wp-content\/uploads\/sites\/12\/2024\/04\/Captura-de-pantalla-2024-04-06-083519.jpg 773w, https:\/\/static-blogs.diariosur.es\/wp-content\/uploads\/sites\/12\/2024\/04\/Captura-de-pantalla-2024-04-06-083519-407x400.jpg 407w, https:\/\/static-blogs.diariosur.es\/wp-content\/uploads\/sites\/12\/2024\/04\/Captura-de-pantalla-2024-04-06-083519-768x754.jpg 768w\" sizes=\"(max-width: 773px) 100vw, 773px\" \/><\/a><\/p>\n<p>&nbsp;<\/p>\n<p data-pm-slice=\"1 1 []\">Como la probabilidad de precipitaciones es muy baja, no espero dep\u00f3sitos de barro; no me gusta llamarle lluvias de sangre. En cuanto a las temperaturas, os paso las m\u00e1ximas que prev\u00e9 hoy la AEMET y las m\u00ednimas y m\u00e1ximas de ma\u00f1ana domingo. El lunes bajar\u00e1n en toda la provincia de M\u00e1laga.<\/p>\n<p>&nbsp;<\/p>\n<p><a href=\"https:\/\/static-blogs.diariosur.es\/wp-content\/uploads\/sites\/12\/2024\/04\/sabado-1.jpg\"><img loading=\"lazy\" class=\"aligncenter size-full wp-image-40394\" src=\"https:\/\/static-blogs.diariosur.es\/wp-content\/uploads\/sites\/12\/2024\/04\/sabado-1.jpg\" alt=\"\" width=\"706\" height=\"550\" srcset=\"https:\/\/static-blogs.diariosur.es\/wp-content\/uploads\/sites\/12\/2024\/04\/sabado-1.jpg 706w, https:\/\/static-blogs.diariosur.es\/wp-content\/uploads\/sites\/12\/2024\/04\/sabado-1-513x400.jpg 513w\" sizes=\"(max-width: 706px) 100vw, 706px\" \/><\/a><\/p>\n<p>&nbsp;<\/p>\n<p><a href=\"https:\/\/static-blogs.diariosur.es\/wp-content\/uploads\/sites\/12\/2024\/04\/domingo.jpg\"><img loading=\"lazy\" class=\"aligncenter size-full wp-image-40395\" src=\"https:\/\/static-blogs.diariosur.es\/wp-content\/uploads\/sites\/12\/2024\/04\/domingo.jpg\" alt=\"\" width=\"708\" height=\"549\" srcset=\"https:\/\/static-blogs.diariosur.es\/wp-content\/uploads\/sites\/12\/2024\/04\/domingo.jpg 708w, https:\/\/static-blogs.diariosur.es\/wp-content\/uploads\/sites\/12\/2024\/04\/domingo-516x400.jpg 516w\" sizes=\"(max-width: 708px) 100vw, 708px\" \/><\/a><\/p>\n<p>&nbsp;<\/p>\n<p>Os dejo con una foto del amanecer de hoy s\u00e1bado y la calima vista desde mi casa.<\/p>\n<p>&nbsp;<\/p>\n<p><a href=\"https:\/\/static-blogs.diariosur.es\/wp-content\/uploads\/sites\/12\/2024\/04\/DSC4714-1.jpg\"><img loading=\"lazy\" class=\"aligncenter size-full wp-image-40398\" src=\"https:\/\/static-blogs.diariosur.es\/wp-content\/uploads\/sites\/12\/2024\/04\/DSC4714-1.jpg\" alt=\"\" width=\"900\" height=\"600\" srcset=\"https:\/\/static-blogs.diariosur.es\/wp-content\/uploads\/sites\/12\/2024\/04\/DSC4714-1.jpg 900w, https:\/\/static-blogs.diariosur.es\/wp-content\/uploads\/sites\/12\/2024\/04\/DSC4714-1-600x400.jpg 600w, https:\/\/static-blogs.diariosur.es\/wp-content\/uploads\/sites\/12\/2024\/04\/DSC4714-1-768x512.jpg 768w\" sizes=\"(max-width: 900px) 100vw, 900px\" \/><\/a><\/p>\n<p>&nbsp;<\/p>\n<p><a href=\"https:\/\/static-blogs.diariosur.es\/wp-content\/uploads\/sites\/12\/2024\/04\/435543228_10228644063505467_1185498475017554518_n.jpg\"><img loading=\"lazy\" class=\"aligncenter size-full wp-image-40399\" src=\"https:\/\/static-blogs.diariosur.es\/wp-content\/uploads\/sites\/12\/2024\/04\/435543228_10228644063505467_1185498475017554518_n.jpg\" alt=\"\" width=\"1200\" height=\"900\" srcset=\"https:\/\/static-blogs.diariosur.es\/wp-content\/uploads\/sites\/12\/2024\/04\/435543228_10228644063505467_1185498475017554518_n.jpg 1200w, https:\/\/static-blogs.diariosur.es\/wp-content\/uploads\/sites\/12\/2024\/04\/435543228_10228644063505467_1185498475017554518_n-533x400.jpg 533w, https:\/\/static-blogs.diariosur.es\/wp-content\/uploads\/sites\/12\/2024\/04\/435543228_10228644063505467_1185498475017554518_n-768x576.jpg 768w\" sizes=\"(max-width: 1200px) 100vw, 1200px\" \/><\/a><\/p>\n","protected":false},"excerpt":{"rendered":"<p>Buenos d\u00edas, amigos de la meteo. Cuando son las ocho y media de la ma\u00f1ana en M\u00e1laga capital, mi estaci\u00f3n registra 15.5, los cielos est\u00e1n calimosos y el viento sopla flojo de direcci\u00f3n variable. Acabo de venir de la playa de ver el amanecer, pero debido a la calima tan espesa no se ha visto [&hellip;]<\/p>\n","protected":false},"author":16,"featured_media":40399,"comment_status":"open","ping_status":"open","sticky":false,"template":"","format":"standard","meta":[],"categories":[2],"tags":[100,209,212,358,587],"_links":{"self":[{"href":"https:\/\/blogs.diariosur.es\/tormentas-y-rayos\/wp-json\/wp\/v2\/posts\/40388"}],"collection":[{"href":"https:\/\/blogs.diariosur.es\/tormentas-y-rayos\/wp-json\/wp\/v2\/posts"}],"about":[{"href":"https:\/\/blogs.diariosur.es\/tormentas-y-rayos\/wp-json\/wp\/v2\/types\/post"}],"author":[{"embeddable":true,"href":"https:\/\/blogs.diariosur.es\/tormentas-y-rayos\/wp-json\/wp\/v2\/users\/16"}],"replies":[{"embeddable":true,"href":"https:\/\/blogs.diariosur.es\/tormentas-y-rayos\/wp-json\/wp\/v2\/comments?post=40388"}],"version-history":[{"count":8,"href":"https:\/\/blogs.diariosur.es\/tormentas-y-rayos\/wp-json\/wp\/v2\/posts\/40388\/revisions"}],"predecessor-version":[{"id":47921,"href":"https:\/\/blogs.diariosur.es\/tormentas-y-rayos\/wp-json\/wp\/v2\/posts\/40388\/revisions\/47921"}],"wp:featuredmedia":[{"embeddable":true,"href":"https:\/\/blogs.diariosur.es\/tormentas-y-rayos\/wp-json\/wp\/v2\/media\/40399"}],"wp:attachment":[{"href":"https:\/\/blogs.diariosur.es\/tormentas-y-rayos\/wp-json\/wp\/v2\/media?parent=40388"}],"wp:term":[{"taxonomy":"category","embeddable":true,"href":"https:\/\/blogs.diariosur.es\/tormentas-y-rayos\/wp-json\/wp\/v2\/categories?post=40388"},{"taxonomy":"post_tag","embeddable":true,"href":"https:\/\/blogs.diariosur.es\/tormentas-y-rayos\/wp-json\/wp\/v2\/tags?post=40388"}],"curies":[{"name":"wp","href":"https:\/\/api.w.org\/{rel}","templated":true}]}}