{"id":40406,"date":"2024-04-07T11:39:00","date_gmt":"2024-04-07T09:39:00","guid":{"rendered":"https:\/\/blogs.diariosur.es\/tormentas-y-rayos\/?p=40406"},"modified":"2025-11-25T11:21:14","modified_gmt":"2025-11-25T10:21:14","slug":"cuando-se-quitara-la-calima-en-malaga-llovera-la-proxima-semana","status":"publish","type":"post","link":"https:\/\/blogs.diariosur.es\/tormentas-y-rayos\/2024\/04\/07\/cuando-se-quitara-la-calima-en-malaga-llovera-la-proxima-semana\/","title":{"rendered":"\u00bfCu\u00e1ndo se quitar\u00e1 la calima en M\u00e1laga? \u00bfLlover\u00e1 la pr\u00f3xima semana?"},"content":{"rendered":"<p><a href=\"https:\/\/static-blogs.diariosur.es\/wp-content\/uploads\/sites\/12\/2023\/10\/391553712_10227849747128054_5906882869659171719_n.jpg\"><img loading=\"lazy\" class=\"aligncenter size-thumbnail wp-image-38725\" src=\"https:\/\/static-blogs.diariosur.es\/wp-content\/uploads\/sites\/12\/2023\/10\/391553712_10227849747128054_5906882869659171719_n-150x150.jpg\" alt=\"\" width=\"150\" height=\"150\" \/><\/a><\/p>\n<p data-pm-slice=\"1 1 []\">Buenos d\u00edas, amigos de la meteo. Cuando son las 11:30 de la ma\u00f1ana en M\u00e1laga capital, mi estaci\u00f3n registra 21 grados, el cielo sigue con calima y el viento sopla flojo de direcci\u00f3n variable.<\/p>\n<h3><span style=\"color: #800000;\">\u00bfCu\u00e1ndo se quitar\u00e1 la calima en M\u00e1laga? \u00bfLlover\u00e1 la pr\u00f3xima semana?<\/span><\/h3>\n<p>La calima se ir\u00e1 quitando durante la pr\u00f3xima madrugada y primeras horas de la ma\u00f1ana del lunes.<\/p>\n<p>Os paso dos mapas de concentraci\u00f3n, el primero previsto para las 14:00 horas de hoy domingo y el segundo para ma\u00f1ana lunes a las 8 de la ma\u00f1ana.<\/p>\n<p>&nbsp;<\/p>\n<p><a href=\"https:\/\/static-blogs.diariosur.es\/wp-content\/uploads\/sites\/12\/2024\/04\/domingo-1.jpg\"><img loading=\"lazy\" class=\"aligncenter size-full wp-image-40408\" src=\"https:\/\/static-blogs.diariosur.es\/wp-content\/uploads\/sites\/12\/2024\/04\/domingo-1.jpg\" alt=\"\" width=\"775\" height=\"730\" srcset=\"https:\/\/static-blogs.diariosur.es\/wp-content\/uploads\/sites\/12\/2024\/04\/domingo-1.jpg 775w, https:\/\/static-blogs.diariosur.es\/wp-content\/uploads\/sites\/12\/2024\/04\/domingo-1-425x400.jpg 425w, https:\/\/static-blogs.diariosur.es\/wp-content\/uploads\/sites\/12\/2024\/04\/domingo-1-768x723.jpg 768w\" sizes=\"(max-width: 775px) 100vw, 775px\" \/><\/a><\/p>\n<p>&nbsp;<\/p>\n<p><a href=\"https:\/\/static-blogs.diariosur.es\/wp-content\/uploads\/sites\/12\/2024\/04\/lunes-3.jpg\"><img loading=\"lazy\" class=\"aligncenter size-full wp-image-40414\" src=\"https:\/\/static-blogs.diariosur.es\/wp-content\/uploads\/sites\/12\/2024\/04\/lunes-3.jpg\" alt=\"\" width=\"768\" height=\"736\" srcset=\"https:\/\/static-blogs.diariosur.es\/wp-content\/uploads\/sites\/12\/2024\/04\/lunes-3.jpg 768w, https:\/\/static-blogs.diariosur.es\/wp-content\/uploads\/sites\/12\/2024\/04\/lunes-3-417x400.jpg 417w\" sizes=\"(max-width: 768px) 100vw, 768px\" \/><\/a><\/p>\n<p>La mala noticia es que la pr\u00f3xima semana no se esperan lluvias en M\u00e1laga, tampoco en nuestra comunidad. Las temperaturas m\u00e1ximas estar\u00e1n por encima de la media.<\/p>\n<p>Os dejo con unos videos de la calima y una foto.<\/p>\n<p>&nbsp;<\/p>\n<p>&nbsp;<\/p>\n<p><iframe loading=\"lazy\" title=\"YouTube video player\" src=\"https:\/\/www.youtube.com\/embed\/ReB5QR0BCQU?si=UWDR5uPQrVHcaJU7\" width=\"560\" height=\"315\" frameborder=\"0\" allowfullscreen=\"allowfullscreen\"><\/iframe><\/p>\n<p><iframe loading=\"lazy\" title=\"YouTube video player\" src=\"https:\/\/www.youtube.com\/embed\/7_KARuY-q5k?si=nBxRS5k5yMYYSHIH\" width=\"560\" height=\"315\" frameborder=\"0\" allowfullscreen=\"allowfullscreen\"><\/iframe><\/p>\n<p><iframe loading=\"lazy\" title=\"YouTube video player\" src=\"https:\/\/www.youtube.com\/embed\/_2cYtm4ENzE?si=RS20su5feFCLYHHP\" width=\"560\" height=\"315\" frameborder=\"0\" allowfullscreen=\"allowfullscreen\"><\/iframe><\/p>\n<p>&nbsp;<\/p>\n<p><a href=\"https:\/\/static-blogs.diariosur.es\/wp-content\/uploads\/sites\/12\/2024\/04\/DSC4722.jpg\"><img loading=\"lazy\" class=\"aligncenter size-full wp-image-40415\" src=\"https:\/\/static-blogs.diariosur.es\/wp-content\/uploads\/sites\/12\/2024\/04\/DSC4722.jpg\" alt=\"\" width=\"1200\" height=\"800\" srcset=\"https:\/\/static-blogs.diariosur.es\/wp-content\/uploads\/sites\/12\/2024\/04\/DSC4722.jpg 1200w, https:\/\/static-blogs.diariosur.es\/wp-content\/uploads\/sites\/12\/2024\/04\/DSC4722-600x400.jpg 600w, https:\/\/static-blogs.diariosur.es\/wp-content\/uploads\/sites\/12\/2024\/04\/DSC4722-768x512.jpg 768w\" sizes=\"(max-width: 1200px) 100vw, 1200px\" \/><\/a><\/p>\n<p>&nbsp;<\/p>\n","protected":false},"excerpt":{"rendered":"<p>Buenos d\u00edas, amigos de la meteo. Cuando son las 11:30 de la ma\u00f1ana en M\u00e1laga capital, mi estaci\u00f3n registra 21 grados, el cielo sigue con calima y el viento sopla flojo de direcci\u00f3n variable. \u00bfCu\u00e1ndo se quitar\u00e1 la calima en M\u00e1laga? \u00bfLlover\u00e1 la pr\u00f3xima semana? La calima se ir\u00e1 quitando durante la pr\u00f3xima madrugada y [&hellip;]<\/p>\n","protected":false},"author":16,"featured_media":40407,"comment_status":"open","ping_status":"open","sticky":false,"template":"","format":"standard","meta":[],"categories":[2],"tags":[100,171,209,212,1905,587],"_links":{"self":[{"href":"https:\/\/blogs.diariosur.es\/tormentas-y-rayos\/wp-json\/wp\/v2\/posts\/40406"}],"collection":[{"href":"https:\/\/blogs.diariosur.es\/tormentas-y-rayos\/wp-json\/wp\/v2\/posts"}],"about":[{"href":"https:\/\/blogs.diariosur.es\/tormentas-y-rayos\/wp-json\/wp\/v2\/types\/post"}],"author":[{"embeddable":true,"href":"https:\/\/blogs.diariosur.es\/tormentas-y-rayos\/wp-json\/wp\/v2\/users\/16"}],"replies":[{"embeddable":true,"href":"https:\/\/blogs.diariosur.es\/tormentas-y-rayos\/wp-json\/wp\/v2\/comments?post=40406"}],"version-history":[{"count":5,"href":"https:\/\/blogs.diariosur.es\/tormentas-y-rayos\/wp-json\/wp\/v2\/posts\/40406\/revisions"}],"predecessor-version":[{"id":47919,"href":"https:\/\/blogs.diariosur.es\/tormentas-y-rayos\/wp-json\/wp\/v2\/posts\/40406\/revisions\/47919"}],"wp:featuredmedia":[{"embeddable":true,"href":"https:\/\/blogs.diariosur.es\/tormentas-y-rayos\/wp-json\/wp\/v2\/media\/40407"}],"wp:attachment":[{"href":"https:\/\/blogs.diariosur.es\/tormentas-y-rayos\/wp-json\/wp\/v2\/media?parent=40406"}],"wp:term":[{"taxonomy":"category","embeddable":true,"href":"https:\/\/blogs.diariosur.es\/tormentas-y-rayos\/wp-json\/wp\/v2\/categories?post=40406"},{"taxonomy":"post_tag","embeddable":true,"href":"https:\/\/blogs.diariosur.es\/tormentas-y-rayos\/wp-json\/wp\/v2\/tags?post=40406"}],"curies":[{"name":"wp","href":"https:\/\/api.w.org\/{rel}","templated":true}]}}