{"id":40418,"date":"2024-04-08T07:50:34","date_gmt":"2024-04-08T05:50:34","guid":{"rendered":"https:\/\/blogs.diariosur.es\/tormentas-y-rayos\/?p=40418"},"modified":"2025-11-25T11:18:38","modified_gmt":"2025-11-25T10:18:38","slug":"borrasca-pierrick-el-poniente-y-el-terral-limpiara-la-calima-de-los-cielos-malaguenos","status":"publish","type":"post","link":"https:\/\/blogs.diariosur.es\/tormentas-y-rayos\/2024\/04\/08\/borrasca-pierrick-el-poniente-y-el-terral-limpiara-la-calima-de-los-cielos-malaguenos\/","title":{"rendered":"Borrasca Pierrick. El poniente y el terral limpiar\u00e1 la calima de los cielos malague\u00f1os."},"content":{"rendered":"<p><a href=\"https:\/\/static-blogs.diariosur.es\/wp-content\/uploads\/sites\/12\/2023\/10\/243418660_10223324765526342_8448445083528661051_n.jpg\"><img loading=\"lazy\" class=\"aligncenter size-thumbnail wp-image-38644\" src=\"https:\/\/static-blogs.diariosur.es\/wp-content\/uploads\/sites\/12\/2023\/10\/243418660_10223324765526342_8448445083528661051_n-150x150.jpg\" alt=\"\" width=\"150\" height=\"150\" \/><\/a><\/p>\n<p data-pm-slice=\"1 1 []\">Buenos d\u00edas, amigos de la meteo. Cuando son las ocho menos cuarto de la ma\u00f1ana en M\u00e1laga capital, mi estaci\u00f3n meteorol\u00f3gica en Ortega y Gasset registra 18.8 grados, los cielos est\u00e1n poco nubosos, el viento sopla moderado de terral y la calima solo se nota al este de la provincia. Las temperaturas m\u00e1ximas\u00a0hoy lunes rondar\u00e1n entre los 16 y 24 grados, d\u00e1ndose las m\u00e1s altas donde el poniente entre de tierra.<\/p>\n<p>El grupo del suroeste ha nombrado a la decimosexta borrasca de la temporada 2023-2024, con el nombre de\u00a0Pierrick, que pod\u00e9is ver en este mapa de superficie de la Aemet.<\/p>\n<p>&nbsp;<\/p>\n<p>&nbsp;<\/p>\n<p>M\u00e1s arriba a la borrasca Kathleen nombrada por el grupo del oeste.<\/p>\n<p>&nbsp;<\/p>\n<p><a href=\"https:\/\/static-blogs.diariosur.es\/wp-content\/uploads\/sites\/12\/2024\/04\/2024040712024_ww_g1x0a2d1-e1712553755454.gif\"><img loading=\"lazy\" class=\"aligncenter size-full wp-image-40419\" src=\"https:\/\/static-blogs.diariosur.es\/wp-content\/uploads\/sites\/12\/2024\/04\/2024040712024_ww_g1x0a2d1-e1712553755454.gif\" alt=\"\" width=\"900\" height=\"630\" \/><\/a><\/p>\n<p>&nbsp;<\/p>\n<p data-pm-slice=\"1 1 []\">El frente que le acompa\u00f1a dejar\u00e1 precipitaciones d\u00e9biles en la vertiente atl\u00e1ntica andaluza, siendo m\u00e1s probables en las sierras del norte de la comunidad. En la provincia malague\u00f1a, lo m\u00e1s significativo ser\u00e1n las rachas fuertes\u00a0de viento poniente y terral a partir de primeras horas de la tarde. Esto ayudar\u00e1 a que por fin la calima se retire totalmente de la provincia de M\u00e1laga. Se activa el aviso amarillo por viento en la costa de Granada y Almer\u00eda.<\/p>\n<p>&nbsp;<\/p>\n<p>Os dejo con esta bonita foto de mi amigo Crist\u00f3bal Gambero.<\/p>\n<p>&nbsp;<\/p>\n<p>&nbsp;<\/p>\n<p><a href=\"https:\/\/static-blogs.diariosur.es\/wp-content\/uploads\/sites\/12\/2024\/04\/435159666_7302312053151059_7347014031542621488_n.jpg\"><img loading=\"lazy\" class=\"aligncenter size-full wp-image-40420\" src=\"https:\/\/static-blogs.diariosur.es\/wp-content\/uploads\/sites\/12\/2024\/04\/435159666_7302312053151059_7347014031542621488_n.jpg\" alt=\"\" width=\"900\" height=\"675\" srcset=\"https:\/\/static-blogs.diariosur.es\/wp-content\/uploads\/sites\/12\/2024\/04\/435159666_7302312053151059_7347014031542621488_n.jpg 900w, https:\/\/static-blogs.diariosur.es\/wp-content\/uploads\/sites\/12\/2024\/04\/435159666_7302312053151059_7347014031542621488_n-533x400.jpg 533w, https:\/\/static-blogs.diariosur.es\/wp-content\/uploads\/sites\/12\/2024\/04\/435159666_7302312053151059_7347014031542621488_n-768x576.jpg 768w\" sizes=\"(max-width: 900px) 100vw, 900px\" \/><\/a><\/p>\n","protected":false},"excerpt":{"rendered":"<p>Buenos d\u00edas, amigos de la meteo. Cuando son las ocho menos cuarto de la ma\u00f1ana en M\u00e1laga capital, mi estaci\u00f3n meteorol\u00f3gica en Ortega y Gasset registra 18.8 grados, los cielos est\u00e1n poco nubosos, el viento sopla moderado de terral y la calima solo se nota al este de la provincia. Las temperaturas m\u00e1ximas\u00a0hoy lunes rondar\u00e1n [&hellip;]<\/p>\n","protected":false},"author":16,"featured_media":40420,"comment_status":"open","ping_status":"open","sticky":false,"template":"","format":"standard","meta":[],"categories":[2],"tags":[100,188,209,358,587,1906,789,800,975],"_links":{"self":[{"href":"https:\/\/blogs.diariosur.es\/tormentas-y-rayos\/wp-json\/wp\/v2\/posts\/40418"}],"collection":[{"href":"https:\/\/blogs.diariosur.es\/tormentas-y-rayos\/wp-json\/wp\/v2\/posts"}],"about":[{"href":"https:\/\/blogs.diariosur.es\/tormentas-y-rayos\/wp-json\/wp\/v2\/types\/post"}],"author":[{"embeddable":true,"href":"https:\/\/blogs.diariosur.es\/tormentas-y-rayos\/wp-json\/wp\/v2\/users\/16"}],"replies":[{"embeddable":true,"href":"https:\/\/blogs.diariosur.es\/tormentas-y-rayos\/wp-json\/wp\/v2\/comments?post=40418"}],"version-history":[{"count":3,"href":"https:\/\/blogs.diariosur.es\/tormentas-y-rayos\/wp-json\/wp\/v2\/posts\/40418\/revisions"}],"predecessor-version":[{"id":47917,"href":"https:\/\/blogs.diariosur.es\/tormentas-y-rayos\/wp-json\/wp\/v2\/posts\/40418\/revisions\/47917"}],"wp:featuredmedia":[{"embeddable":true,"href":"https:\/\/blogs.diariosur.es\/tormentas-y-rayos\/wp-json\/wp\/v2\/media\/40420"}],"wp:attachment":[{"href":"https:\/\/blogs.diariosur.es\/tormentas-y-rayos\/wp-json\/wp\/v2\/media?parent=40418"}],"wp:term":[{"taxonomy":"category","embeddable":true,"href":"https:\/\/blogs.diariosur.es\/tormentas-y-rayos\/wp-json\/wp\/v2\/categories?post=40418"},{"taxonomy":"post_tag","embeddable":true,"href":"https:\/\/blogs.diariosur.es\/tormentas-y-rayos\/wp-json\/wp\/v2\/tags?post=40418"}],"curies":[{"name":"wp","href":"https:\/\/api.w.org\/{rel}","templated":true}]}}