{"id":40423,"date":"2024-04-09T07:45:34","date_gmt":"2024-04-09T05:45:34","guid":{"rendered":"https:\/\/blogs.diariosur.es\/tormentas-y-rayos\/?p=40423"},"modified":"2025-11-25T11:16:15","modified_gmt":"2025-11-25T10:16:15","slug":"brusco-cambio-de-viento-con-rachas-fuertes-un-antes-y-un-despues-de-la-calima-en-malaga","status":"publish","type":"post","link":"https:\/\/blogs.diariosur.es\/tormentas-y-rayos\/2024\/04\/09\/brusco-cambio-de-viento-con-rachas-fuertes-un-antes-y-un-despues-de-la-calima-en-malaga\/","title":{"rendered":"Brusco cambio de viento con rachas fuertes. Un antes y un despu\u00e9s de la calima en M\u00e1laga."},"content":{"rendered":"<p><a href=\"https:\/\/static-blogs.diariosur.es\/wp-content\/uploads\/sites\/12\/2023\/10\/243418660_10223324765526342_8448445083528661051_n.jpg\"><img loading=\"lazy\" class=\"aligncenter size-thumbnail wp-image-38644\" src=\"https:\/\/static-blogs.diariosur.es\/wp-content\/uploads\/sites\/12\/2023\/10\/243418660_10223324765526342_8448445083528661051_n-150x150.jpg\" alt=\"\" width=\"150\" height=\"150\" \/><\/a><\/p>\n<p>&nbsp;<\/p>\n<p data-pm-slice=\"1 1 []\">Buenos d\u00edas, amigos de la meteo. Cuando son las siete de la ma\u00f1ana en M\u00e1laga capital, mi estaci\u00f3n registra 13,9 grados, los cielos est\u00e1n despejados y el viento sopla de moderado a fuerte de terral de primavera. Debido a estas rachas fuertes de viento, la sensaci\u00f3n t\u00e9rmica es de 9 grados.<\/p>\n<p><strong>El brusco cambio de viento se dar\u00e1 a partir del mediod\u00eda; dejar\u00e1 de soplar terral y a levante con rachas fuertes; ya veremos qu\u00e9 rachas damos para catalogarlo como en algunas ocasiones de minigalerna. Procurar\u00e9 estar en la playa para grabarlo.<\/strong><\/p>\n<p>Ayer se retir\u00f3 la calima totalmente de la provincia de M\u00e1laga gracias al terral, pero a cambio subi\u00f3 la concentraci\u00f3n de p\u00f3lenes y los estornudos fueron protagonistas.<\/p>\n<p>Fijaros en la diferencia de los cielos de hace unos d\u00edas con los de ayer.<\/p>\n<p>&nbsp;<\/p>\n<p>&nbsp;<\/p>\n<p><a href=\"https:\/\/static-blogs.diariosur.es\/wp-content\/uploads\/sites\/12\/2024\/04\/436352134_10228654352522686_795920218383081025_n-e1712594470768.jpg\"><img loading=\"lazy\" class=\"aligncenter size-full wp-image-40426\" src=\"https:\/\/static-blogs.diariosur.es\/wp-content\/uploads\/sites\/12\/2024\/04\/436352134_10228654352522686_795920218383081025_n-e1712594470768.jpg\" alt=\"\" width=\"1200\" height=\"900\" \/><\/a><\/p>\n<p>&nbsp;<\/p>\n<p><a href=\"https:\/\/static-blogs.diariosur.es\/wp-content\/uploads\/sites\/12\/2024\/04\/435469436_10228654351882670_3308557712381159977_n-e1712594494397.jpg\"><img loading=\"lazy\" class=\"aligncenter size-full wp-image-40427\" src=\"https:\/\/static-blogs.diariosur.es\/wp-content\/uploads\/sites\/12\/2024\/04\/435469436_10228654351882670_3308557712381159977_n-e1712594494397.jpg\" alt=\"\" width=\"1200\" height=\"901\" \/><\/a><\/p>\n<p>&nbsp;<\/p>\n<p>El episodio de calima que nos ha afectado estos d\u00edas, llega muy al norte de Europa. Os pongo un mapa previsto para hoy.<\/p>\n<p>&nbsp;<\/p>\n<p><a href=\"https:\/\/static-blogs.diariosur.es\/wp-content\/uploads\/sites\/12\/2024\/04\/Captura-de-pantalla-2024-04-09-065641.jpg\"><img loading=\"lazy\" class=\"aligncenter size-full wp-image-40434\" src=\"https:\/\/static-blogs.diariosur.es\/wp-content\/uploads\/sites\/12\/2024\/04\/Captura-de-pantalla-2024-04-09-065641.jpg\" alt=\"\" width=\"770\" height=\"765\" srcset=\"https:\/\/static-blogs.diariosur.es\/wp-content\/uploads\/sites\/12\/2024\/04\/Captura-de-pantalla-2024-04-09-065641.jpg 770w, https:\/\/static-blogs.diariosur.es\/wp-content\/uploads\/sites\/12\/2024\/04\/Captura-de-pantalla-2024-04-09-065641-150x150.jpg 150w, https:\/\/static-blogs.diariosur.es\/wp-content\/uploads\/sites\/12\/2024\/04\/Captura-de-pantalla-2024-04-09-065641-403x400.jpg 403w, https:\/\/static-blogs.diariosur.es\/wp-content\/uploads\/sites\/12\/2024\/04\/Captura-de-pantalla-2024-04-09-065641-768x763.jpg 768w\" sizes=\"(max-width: 770px) 100vw, 770px\" \/><\/a><\/p>\n<p>&nbsp;<\/p>\n<p>&nbsp;<\/p>\n","protected":false},"excerpt":{"rendered":"<p>&nbsp; Buenos d\u00edas, amigos de la meteo. Cuando son las siete de la ma\u00f1ana en M\u00e1laga capital, mi estaci\u00f3n registra 13,9 grados, los cielos est\u00e1n despejados y el viento sopla de moderado a fuerte de terral de primavera. Debido a estas rachas fuertes de viento, la sensaci\u00f3n t\u00e9rmica es de 9 grados. El brusco cambio [&hellip;]<\/p>\n","protected":false},"author":16,"featured_media":40428,"comment_status":"open","ping_status":"open","sticky":false,"template":"","format":"standard","meta":[],"categories":[2],"tags":[100,209,358,440,587,658,800,840,975],"_links":{"self":[{"href":"https:\/\/blogs.diariosur.es\/tormentas-y-rayos\/wp-json\/wp\/v2\/posts\/40423"}],"collection":[{"href":"https:\/\/blogs.diariosur.es\/tormentas-y-rayos\/wp-json\/wp\/v2\/posts"}],"about":[{"href":"https:\/\/blogs.diariosur.es\/tormentas-y-rayos\/wp-json\/wp\/v2\/types\/post"}],"author":[{"embeddable":true,"href":"https:\/\/blogs.diariosur.es\/tormentas-y-rayos\/wp-json\/wp\/v2\/users\/16"}],"replies":[{"embeddable":true,"href":"https:\/\/blogs.diariosur.es\/tormentas-y-rayos\/wp-json\/wp\/v2\/comments?post=40423"}],"version-history":[{"count":8,"href":"https:\/\/blogs.diariosur.es\/tormentas-y-rayos\/wp-json\/wp\/v2\/posts\/40423\/revisions"}],"predecessor-version":[{"id":47915,"href":"https:\/\/blogs.diariosur.es\/tormentas-y-rayos\/wp-json\/wp\/v2\/posts\/40423\/revisions\/47915"}],"wp:featuredmedia":[{"embeddable":true,"href":"https:\/\/blogs.diariosur.es\/tormentas-y-rayos\/wp-json\/wp\/v2\/media\/40428"}],"wp:attachment":[{"href":"https:\/\/blogs.diariosur.es\/tormentas-y-rayos\/wp-json\/wp\/v2\/media?parent=40423"}],"wp:term":[{"taxonomy":"category","embeddable":true,"href":"https:\/\/blogs.diariosur.es\/tormentas-y-rayos\/wp-json\/wp\/v2\/categories?post=40423"},{"taxonomy":"post_tag","embeddable":true,"href":"https:\/\/blogs.diariosur.es\/tormentas-y-rayos\/wp-json\/wp\/v2\/tags?post=40423"}],"curies":[{"name":"wp","href":"https:\/\/api.w.org\/{rel}","templated":true}]}}