{"id":40436,"date":"2024-04-10T07:50:28","date_gmt":"2024-04-10T05:50:28","guid":{"rendered":"https:\/\/blogs.diariosur.es\/tormentas-y-rayos\/?p=40436"},"modified":"2025-11-25T11:14:40","modified_gmt":"2025-11-25T10:14:40","slug":"hara-mucho-calor-en-malaga-y-su-provincia-estos-proximos-dias-y-el-fin-de-semana","status":"publish","type":"post","link":"https:\/\/blogs.diariosur.es\/tormentas-y-rayos\/2024\/04\/10\/hara-mucho-calor-en-malaga-y-su-provincia-estos-proximos-dias-y-el-fin-de-semana\/","title":{"rendered":"\u00bfHar\u00e1 mucho calor en M\u00e1laga y su provincia estos pr\u00f3ximos d\u00edas y el fin de semana?"},"content":{"rendered":"<p><a href=\"https:\/\/static-blogs.diariosur.es\/wp-content\/uploads\/sites\/12\/2023\/10\/391553712_10227849747128054_5906882869659171719_n.jpg\"><img loading=\"lazy\" class=\"aligncenter size-thumbnail wp-image-38725\" src=\"https:\/\/static-blogs.diariosur.es\/wp-content\/uploads\/sites\/12\/2023\/10\/391553712_10227849747128054_5906882869659171719_n-150x150.jpg\" alt=\"\" width=\"150\" height=\"150\" \/><\/a><\/p>\n<p data-pm-slice=\"1 1 []\">Buenos d\u00edas, amigos de la meteo. Cuando son las siete de la ma\u00f1ana en M\u00e1laga capital, el Aeropuerto ha registrado una m\u00ednima de 11,2 grados, los cielos est\u00e1n despejados y sopla viento de levante en toda la costa malague\u00f1a. La temperatura m\u00e1xima que se espera en la capital rondar\u00e1 entre los 20 o 21 grados; en las dem\u00e1s zonas de la provincia, entre los 16 y 21 grados.<\/p>\n<p>Se activa el aviso amarillo por fen\u00f3menos costeros en el Estrecho.<\/p>\n<h3><strong>\u00bfHar\u00e1 mucho calor en M\u00e1laga y su provincia estos pr\u00f3ximos d\u00edas y el fin de semana?<\/strong><\/h3>\n<p>De momento y hasta el pr\u00f3ximo fin de semana, no se esperan temperaturas m\u00e1ximas muy altas en la provincia malague\u00f1a. En lo que respecta a M\u00e1laga capital, las temperaturas m\u00e1ximas que se registren estar\u00e1n m\u00e1s o menos en la media; igual pasar\u00e1 por el interior. En cuanto a las temperaturas m\u00ednimas, tendr\u00e1n valores un poco por encima de la media. El viento de levante y un mar fr\u00edo ayudar\u00e1n a que no sobrepasemos los 22 grados hasta final de la semana en M\u00e1laga capital. La mala noticia es que no se esperan lluvias.<\/p>\n<p>Nos vemos ma\u00f1ana.<\/p>\n<p>Os dejo con esta bonita foto de tal d\u00eda como hoy de hace unos a\u00f1os.<\/p>\n<p>&nbsp;<\/p>\n<p><a href=\"https:\/\/static-blogs.diariosur.es\/wp-content\/uploads\/sites\/12\/2024\/04\/340617221_637866264848777_8780889350385087830_n-e1712728185573.jpg\"><img loading=\"lazy\" class=\"aligncenter size-full wp-image-40445\" src=\"https:\/\/static-blogs.diariosur.es\/wp-content\/uploads\/sites\/12\/2024\/04\/340617221_637866264848777_8780889350385087830_n-e1712728185573.jpg\" alt=\"\" width=\"900\" height=\"641\" \/><\/a><\/p>\n<p>&nbsp;<\/p>\n<p>&nbsp;<\/p>\n<p>&nbsp;<\/p>\n<p>&nbsp;<\/p>\n","protected":false},"excerpt":{"rendered":"<p>Buenos d\u00edas, amigos de la meteo. Cuando son las siete de la ma\u00f1ana en M\u00e1laga capital, el Aeropuerto ha registrado una m\u00ednima de 11,2 grados, los cielos est\u00e1n despejados y sopla viento de levante en toda la costa malague\u00f1a. La temperatura m\u00e1xima que se espera en la capital rondar\u00e1 entre los 20 o 21 grados; [&hellip;]<\/p>\n","protected":false},"author":16,"featured_media":40443,"comment_status":"open","ping_status":"open","sticky":false,"template":"","format":"standard","meta":[],"categories":[2],"tags":[212,358,553,587,800],"_links":{"self":[{"href":"https:\/\/blogs.diariosur.es\/tormentas-y-rayos\/wp-json\/wp\/v2\/posts\/40436"}],"collection":[{"href":"https:\/\/blogs.diariosur.es\/tormentas-y-rayos\/wp-json\/wp\/v2\/posts"}],"about":[{"href":"https:\/\/blogs.diariosur.es\/tormentas-y-rayos\/wp-json\/wp\/v2\/types\/post"}],"author":[{"embeddable":true,"href":"https:\/\/blogs.diariosur.es\/tormentas-y-rayos\/wp-json\/wp\/v2\/users\/16"}],"replies":[{"embeddable":true,"href":"https:\/\/blogs.diariosur.es\/tormentas-y-rayos\/wp-json\/wp\/v2\/comments?post=40436"}],"version-history":[{"count":9,"href":"https:\/\/blogs.diariosur.es\/tormentas-y-rayos\/wp-json\/wp\/v2\/posts\/40436\/revisions"}],"predecessor-version":[{"id":47914,"href":"https:\/\/blogs.diariosur.es\/tormentas-y-rayos\/wp-json\/wp\/v2\/posts\/40436\/revisions\/47914"}],"wp:featuredmedia":[{"embeddable":true,"href":"https:\/\/blogs.diariosur.es\/tormentas-y-rayos\/wp-json\/wp\/v2\/media\/40443"}],"wp:attachment":[{"href":"https:\/\/blogs.diariosur.es\/tormentas-y-rayos\/wp-json\/wp\/v2\/media?parent=40436"}],"wp:term":[{"taxonomy":"category","embeddable":true,"href":"https:\/\/blogs.diariosur.es\/tormentas-y-rayos\/wp-json\/wp\/v2\/categories?post=40436"},{"taxonomy":"post_tag","embeddable":true,"href":"https:\/\/blogs.diariosur.es\/tormentas-y-rayos\/wp-json\/wp\/v2\/tags?post=40436"}],"curies":[{"name":"wp","href":"https:\/\/api.w.org\/{rel}","templated":true}]}}