{"id":40447,"date":"2024-04-12T07:37:41","date_gmt":"2024-04-12T05:37:41","guid":{"rendered":"https:\/\/blogs.diariosur.es\/tormentas-y-rayos\/?p=40447"},"modified":"2025-11-25T11:13:08","modified_gmt":"2025-11-25T10:13:08","slug":"el-tiempo-en-malaga-volvemos-a-sonar","status":"publish","type":"post","link":"https:\/\/blogs.diariosur.es\/tormentas-y-rayos\/2024\/04\/12\/el-tiempo-en-malaga-volvemos-a-sonar\/","title":{"rendered":"El tiempo en M\u00e1laga \u00bfVolvemos a so\u00f1ar?"},"content":{"rendered":"<p><a href=\"https:\/\/static-blogs.diariosur.es\/wp-content\/uploads\/sites\/12\/2023\/10\/391553712_10227849747128054_5906882869659171719_n.jpg\"><img loading=\"lazy\" class=\"aligncenter size-thumbnail wp-image-38725\" src=\"https:\/\/static-blogs.diariosur.es\/wp-content\/uploads\/sites\/12\/2023\/10\/391553712_10227849747128054_5906882869659171719_n-150x150.jpg\" alt=\"\" width=\"150\" height=\"150\" \/><\/a><\/p>\n<p data-pm-slice=\"1 1 []\">Buenos d\u00edas, amigos de la meteo. Cuando son las siete de la ma\u00f1ana en M\u00e1laga capital, mi estaci\u00f3n registra 13 grados, los cielos est\u00e1n despejados y el viento sopla flojo de direcci\u00f3n variable. La temperatura m\u00ednima en el aeropuerto ha sido de 11.3 grados.<\/p>\n<h3><span style=\"color: #ff0000;\"><strong>\u00bfVolvemos a so\u00f1ar?<\/strong><\/span><\/h3>\n<p>El \u00faltimo sue\u00f1o se cumpli\u00f3 y las lluvias fueron protagonistas en marzo, os cuento. Hay algunos modelos que dan algunos cambios a partir de la \u00faltima semana de abril; nuevamente el anticicl\u00f3n subir\u00eda de latitud, y podr\u00eda dar paso a que algunas borrascas nos afecten, con las consiguientes lluvias. Os tendr\u00e9 informados, amigos.<\/p>\n<p>Os dejo con la previsi\u00f3n del fin de semana.<\/p>\n<h3 class=\"voc-blogs-section\"><a href=\"https:\/\/blogs.diariosur.es\/tormentas-y-rayos\/2024\/04\/10\/hara-mucho-calor-en-malaga-y-su-provincia-estos-proximos-dias-y-el-fin-de-semana\/\">\u00bfHar\u00e1 mucho calor en M\u00e1laga y su provincia estos pr\u00f3ximos d\u00edas y el fin de semana?<\/a><\/h3>\n","protected":false},"excerpt":{"rendered":"<p>Buenos d\u00edas, amigos de la meteo. Cuando son las siete de la ma\u00f1ana en M\u00e1laga capital, mi estaci\u00f3n registra 13 grados, los cielos est\u00e1n despejados y el viento sopla flojo de direcci\u00f3n variable. La temperatura m\u00ednima en el aeropuerto ha sido de 11.3 grados. \u00bfVolvemos a so\u00f1ar? El \u00faltimo sue\u00f1o se cumpli\u00f3 y las lluvias [&hellip;]<\/p>\n","protected":false},"author":16,"featured_media":40450,"comment_status":"open","ping_status":"open","sticky":false,"template":"","format":"standard","meta":[],"categories":[2],"tags":[1905,569,587,975],"_links":{"self":[{"href":"https:\/\/blogs.diariosur.es\/tormentas-y-rayos\/wp-json\/wp\/v2\/posts\/40447"}],"collection":[{"href":"https:\/\/blogs.diariosur.es\/tormentas-y-rayos\/wp-json\/wp\/v2\/posts"}],"about":[{"href":"https:\/\/blogs.diariosur.es\/tormentas-y-rayos\/wp-json\/wp\/v2\/types\/post"}],"author":[{"embeddable":true,"href":"https:\/\/blogs.diariosur.es\/tormentas-y-rayos\/wp-json\/wp\/v2\/users\/16"}],"replies":[{"embeddable":true,"href":"https:\/\/blogs.diariosur.es\/tormentas-y-rayos\/wp-json\/wp\/v2\/comments?post=40447"}],"version-history":[{"count":5,"href":"https:\/\/blogs.diariosur.es\/tormentas-y-rayos\/wp-json\/wp\/v2\/posts\/40447\/revisions"}],"predecessor-version":[{"id":47913,"href":"https:\/\/blogs.diariosur.es\/tormentas-y-rayos\/wp-json\/wp\/v2\/posts\/40447\/revisions\/47913"}],"wp:featuredmedia":[{"embeddable":true,"href":"https:\/\/blogs.diariosur.es\/tormentas-y-rayos\/wp-json\/wp\/v2\/media\/40450"}],"wp:attachment":[{"href":"https:\/\/blogs.diariosur.es\/tormentas-y-rayos\/wp-json\/wp\/v2\/media?parent=40447"}],"wp:term":[{"taxonomy":"category","embeddable":true,"href":"https:\/\/blogs.diariosur.es\/tormentas-y-rayos\/wp-json\/wp\/v2\/categories?post=40447"},{"taxonomy":"post_tag","embeddable":true,"href":"https:\/\/blogs.diariosur.es\/tormentas-y-rayos\/wp-json\/wp\/v2\/tags?post=40447"}],"curies":[{"name":"wp","href":"https:\/\/api.w.org\/{rel}","templated":true}]}}