{"id":40455,"date":"2024-04-13T18:00:28","date_gmt":"2024-04-13T16:00:28","guid":{"rendered":"https:\/\/blogs.diariosur.es\/tormentas-y-rayos\/?p=40455"},"modified":"2025-11-25T11:11:44","modified_gmt":"2025-11-25T10:11:44","slug":"cuando-llega-el-primer-terral-de-la-primavera-a-malaga-batiremos-los-34-3-grados","status":"publish","type":"post","link":"https:\/\/blogs.diariosur.es\/tormentas-y-rayos\/2024\/04\/13\/cuando-llega-el-primer-terral-de-la-primavera-a-malaga-batiremos-los-34-3-grados\/","title":{"rendered":"\u00bfCu\u00e1ndo llega el primer terral de la primavera a M\u00e1laga, batiremos los 34.3 grados?"},"content":{"rendered":"<p><a href=\"https:\/\/static-blogs.diariosur.es\/wp-content\/uploads\/sites\/12\/2024\/02\/379337914_10227628075666406_6248628726251100327_n.jpg\"><img loading=\"lazy\" class=\"aligncenter size-thumbnail wp-image-39879\" src=\"https:\/\/static-blogs.diariosur.es\/wp-content\/uploads\/sites\/12\/2024\/02\/379337914_10227628075666406_6248628726251100327_n-150x150.jpg\" alt=\"\" width=\"150\" height=\"150\" \/><\/a><\/p>\n<p data-pm-slice=\"1 1 []\">Buenas tardes, amigos de la meteo. Despu\u00e9s de unos d\u00edas agradables en cuanto a temperatura en la provincia malague\u00f1a, compar\u00e1ndolos con otras zonas de Espa\u00f1a, el lunes y martes llega nuestro amigo malague\u00f1o. A mi pregunta si batiremos el valor extremo de temperatura m\u00e1xima en la capital, lo m\u00e1s seguro es que no. El a\u00f1o pasado se registr\u00f3 34.3 grados el d\u00eda 29; en esta ocasi\u00f3n, el lunes y el martes rondaremos entre los 28 y 30 grados en la capital. En zonas del Valle del Guadalhorce s\u00ed es posible que se registren m\u00e1ximas cercanas a los 33 grados.<\/p>\n<p><strong>A partir del mi\u00e9rcoles y hasta el domingo tendremos temperaturas m\u00e1ximas dentro de la media; en cuanto a las lluvias, a\u00fan no hay nada claro.<\/strong><\/p>\n<p>Os dejo con esta bonita foto de mi amigo Crist\u00f3bal Gambero.<\/p>\n<p>&nbsp;<\/p>\n<p><a href=\"https:\/\/static-blogs.diariosur.es\/wp-content\/uploads\/sites\/12\/2024\/04\/435225308_7319293458119585_7101966814388756996_n.jpg\"><img loading=\"lazy\" class=\"aligncenter size-full wp-image-40459\" src=\"https:\/\/static-blogs.diariosur.es\/wp-content\/uploads\/sites\/12\/2024\/04\/435225308_7319293458119585_7101966814388756996_n-e1713023850141.jpg\" alt=\"\" width=\"1200\" height=\"675\" \/><\/a><\/p>\n<p>&nbsp;<\/p>\n","protected":false},"excerpt":{"rendered":"<p>Buenas tardes, amigos de la meteo. Despu\u00e9s de unos d\u00edas agradables en cuanto a temperatura en la provincia malague\u00f1a, compar\u00e1ndolos con otras zonas de Espa\u00f1a, el lunes y martes llega nuestro amigo malague\u00f1o. A mi pregunta si batiremos el valor extremo de temperatura m\u00e1xima en la capital, lo m\u00e1s seguro es que no. El a\u00f1o [&hellip;]<\/p>\n","protected":false},"author":16,"featured_media":39629,"comment_status":"open","ping_status":"open","sticky":false,"template":"","format":"standard","meta":[],"categories":[2],"tags":[212,358,587,800,975],"_links":{"self":[{"href":"https:\/\/blogs.diariosur.es\/tormentas-y-rayos\/wp-json\/wp\/v2\/posts\/40455"}],"collection":[{"href":"https:\/\/blogs.diariosur.es\/tormentas-y-rayos\/wp-json\/wp\/v2\/posts"}],"about":[{"href":"https:\/\/blogs.diariosur.es\/tormentas-y-rayos\/wp-json\/wp\/v2\/types\/post"}],"author":[{"embeddable":true,"href":"https:\/\/blogs.diariosur.es\/tormentas-y-rayos\/wp-json\/wp\/v2\/users\/16"}],"replies":[{"embeddable":true,"href":"https:\/\/blogs.diariosur.es\/tormentas-y-rayos\/wp-json\/wp\/v2\/comments?post=40455"}],"version-history":[{"count":5,"href":"https:\/\/blogs.diariosur.es\/tormentas-y-rayos\/wp-json\/wp\/v2\/posts\/40455\/revisions"}],"predecessor-version":[{"id":47912,"href":"https:\/\/blogs.diariosur.es\/tormentas-y-rayos\/wp-json\/wp\/v2\/posts\/40455\/revisions\/47912"}],"wp:featuredmedia":[{"embeddable":true,"href":"https:\/\/blogs.diariosur.es\/tormentas-y-rayos\/wp-json\/wp\/v2\/media\/39629"}],"wp:attachment":[{"href":"https:\/\/blogs.diariosur.es\/tormentas-y-rayos\/wp-json\/wp\/v2\/media?parent=40455"}],"wp:term":[{"taxonomy":"category","embeddable":true,"href":"https:\/\/blogs.diariosur.es\/tormentas-y-rayos\/wp-json\/wp\/v2\/categories?post=40455"},{"taxonomy":"post_tag","embeddable":true,"href":"https:\/\/blogs.diariosur.es\/tormentas-y-rayos\/wp-json\/wp\/v2\/tags?post=40455"}],"curies":[{"name":"wp","href":"https:\/\/api.w.org\/{rel}","templated":true}]}}