{"id":40461,"date":"2024-04-14T07:49:28","date_gmt":"2024-04-14T05:49:28","guid":{"rendered":"https:\/\/blogs.diariosur.es\/tormentas-y-rayos\/?p=40461"},"modified":"2024-04-14T07:52:33","modified_gmt":"2024-04-14T05:52:33","slug":"gala-presentacion-concurso-meteoinvierno-de-la-ame-2024-resultados-impresionantes-fotos","status":"publish","type":"post","link":"https:\/\/blogs.diariosur.es\/tormentas-y-rayos\/2024\/04\/14\/gala-presentacion-concurso-meteoinvierno-de-la-ame-2024-resultados-impresionantes-fotos\/","title":{"rendered":"Gala presentaci\u00f3n Concurso Meteoinvierno de la AME 2024, resultados. Impresionantes fotos"},"content":{"rendered":"<p><a href=\"https:\/\/static-blogs.diariosur.es\/wp-content\/uploads\/sites\/12\/2024\/02\/379337914_10227628075666406_6248628726251100327_n.jpg\"><img loading=\"lazy\" class=\"aligncenter size-thumbnail wp-image-39879\" src=\"https:\/\/static-blogs.diariosur.es\/wp-content\/uploads\/sites\/12\/2024\/02\/379337914_10227628075666406_6248628726251100327_n-150x150.jpg\" alt=\"\" width=\"150\" height=\"150\" \/><\/a><\/p>\n<p>Buenos d\u00edas, amigos de la meteo. Antes de que os pong\u00e1is a ver el video de la gala, os recuerdo que ma\u00f1ana y el martes tendremos terral de primavera.<\/p>\n<p>Os dejo con mis amigos. Vais a disfrutar un mont\u00f3n. Hay una foto de M\u00e1laga<\/p>\n<p>&nbsp;<\/p>\n<p>&nbsp;<\/p>\n<p><iframe loading=\"lazy\" title=\"YouTube video player\" src=\"https:\/\/www.youtube.com\/embed\/POpVbr2Khwo?si=lxNCcE0yfQBStrhN\" width=\"560\" height=\"315\" frameborder=\"0\" allowfullscreen=\"allowfullscreen\"><\/iframe><\/p>\n<p>&nbsp;<\/p>\n<p>&nbsp;<\/p>\n<p>&nbsp;<\/p>\n","protected":false},"excerpt":{"rendered":"<p>Buenos d\u00edas, amigos de la meteo. Antes de que os pong\u00e1is a ver el video de la gala, os recuerdo que ma\u00f1ana y el martes tendremos terral de primavera. Os dejo con mis amigos. Vais a disfrutar un mont\u00f3n. Hay una foto de M\u00e1laga &nbsp; &nbsp; &nbsp; &nbsp; &nbsp;<\/p>\n","protected":false},"author":16,"featured_media":40462,"comment_status":"open","ping_status":"open","sticky":false,"template":"","format":"standard","meta":[],"categories":[2],"tags":[96,1412,358,424,1766,517],"_links":{"self":[{"href":"https:\/\/blogs.diariosur.es\/tormentas-y-rayos\/wp-json\/wp\/v2\/posts\/40461"}],"collection":[{"href":"https:\/\/blogs.diariosur.es\/tormentas-y-rayos\/wp-json\/wp\/v2\/posts"}],"about":[{"href":"https:\/\/blogs.diariosur.es\/tormentas-y-rayos\/wp-json\/wp\/v2\/types\/post"}],"author":[{"embeddable":true,"href":"https:\/\/blogs.diariosur.es\/tormentas-y-rayos\/wp-json\/wp\/v2\/users\/16"}],"replies":[{"embeddable":true,"href":"https:\/\/blogs.diariosur.es\/tormentas-y-rayos\/wp-json\/wp\/v2\/comments?post=40461"}],"version-history":[{"count":2,"href":"https:\/\/blogs.diariosur.es\/tormentas-y-rayos\/wp-json\/wp\/v2\/posts\/40461\/revisions"}],"predecessor-version":[{"id":40464,"href":"https:\/\/blogs.diariosur.es\/tormentas-y-rayos\/wp-json\/wp\/v2\/posts\/40461\/revisions\/40464"}],"wp:featuredmedia":[{"embeddable":true,"href":"https:\/\/blogs.diariosur.es\/tormentas-y-rayos\/wp-json\/wp\/v2\/media\/40462"}],"wp:attachment":[{"href":"https:\/\/blogs.diariosur.es\/tormentas-y-rayos\/wp-json\/wp\/v2\/media?parent=40461"}],"wp:term":[{"taxonomy":"category","embeddable":true,"href":"https:\/\/blogs.diariosur.es\/tormentas-y-rayos\/wp-json\/wp\/v2\/categories?post=40461"},{"taxonomy":"post_tag","embeddable":true,"href":"https:\/\/blogs.diariosur.es\/tormentas-y-rayos\/wp-json\/wp\/v2\/tags?post=40461"}],"curies":[{"name":"wp","href":"https:\/\/api.w.org\/{rel}","templated":true}]}}