{"id":40465,"date":"2024-04-15T08:12:18","date_gmt":"2024-04-15T06:12:18","guid":{"rendered":"https:\/\/blogs.diariosur.es\/tormentas-y-rayos\/?p=40465"},"modified":"2025-11-25T11:08:54","modified_gmt":"2025-11-25T10:08:54","slug":"cuanta-agua-embalsada-teniamos-en-abril-de-2023-y-ahora-en-2024-en-la-provincia-de-malaga","status":"publish","type":"post","link":"https:\/\/blogs.diariosur.es\/tormentas-y-rayos\/2024\/04\/15\/cuanta-agua-embalsada-teniamos-en-abril-de-2023-y-ahora-en-2024-en-la-provincia-de-malaga\/","title":{"rendered":"\u00bfCu\u00e1nta agua embalsada ten\u00edamos en abril de 2023 y ahora en 2024 en la provincia de M\u00e1laga?"},"content":{"rendered":"<p><a href=\"https:\/\/static-blogs.diariosur.es\/wp-content\/uploads\/sites\/12\/2023\/10\/391553712_10227849747128054_5906882869659171719_n.jpg\"><img loading=\"lazy\" class=\"aligncenter size-thumbnail wp-image-38725\" src=\"https:\/\/static-blogs.diariosur.es\/wp-content\/uploads\/sites\/12\/2023\/10\/391553712_10227849747128054_5906882869659171719_n-150x150.jpg\" alt=\"\" width=\"150\" height=\"150\" \/><\/a><\/p>\n<p data-pm-slice=\"1 1 []\">Buenos d\u00edas, amigos de la meteo. Cuando son las siete y media de la ma\u00f1ana en M\u00e1laga capital, mi estaci\u00f3n registra 16 grados, los cielos est\u00e1n despejados y el viento sopla flojo de direcci\u00f3n variable. A partir del mediod\u00eda notaremos el terral, pero probablemente ir\u00e1 por barrios, d\u00e1ndose las temperaturas m\u00e1s altas por la zona de Teatinos. La m\u00e1xima en la capital puede llegar a los 29 grados. En el Valle del Guadalhorce, en algunas zonas, pueden sobrepasar los 30 grados.<\/p>\n<h3><span style=\"color: #ff00ff;\"><strong>\u00a0\u00bfCu\u00e1nta agua embalsada ten\u00edamos en abril de 2023 y ahora en 2024 en la provincia de M\u00e1laga?<\/strong> <\/span><\/h3>\n<p data-pm-slice=\"1 1 []\">El a\u00f1o pasado por estas fechas ya se hablaba de restricciones de agua, como as\u00ed pas\u00f3 m\u00e1s adelante. Las lluvias de marzo se han portado muy bien, y de tener almacenados 96 hect\u00f3metros c\u00fabicos en febrero, hemos pasado a 167. Pero os voy a dar un dato para que no echemos las campanas al vuelo.<\/p>\n<p><strong>El a\u00f1o pasado tal d\u00eda como hoy ten\u00edamos almacenados <\/strong><strong>220 hm3; ahora,<\/strong><strong> como he comentado m\u00e1s arriba, <\/strong><strong>167 hm3<\/strong><strong>. Si este oto\u00f1o e invierno no llueve, nuevamente los embalses en febrero de 2025 estar\u00edan con 96\u00a0hm3.<\/strong><\/p>\n<p>Esperemos que lo que queda de abril y primeros de mayo tengamos algunas lluvias m\u00e1s y sigamos sumando hect\u00f3metros.<\/p>\n<p>Nos vemos ma\u00f1ana con un impresionante v\u00eddeo de mi amigo Crist\u00f3bal Gambero, la Fuente de los Cien Ca\u00f1os.<\/p>\n<p>&nbsp;<\/p>\n<p>&nbsp;<\/p>\n<p>&nbsp;<\/p>\n","protected":false},"excerpt":{"rendered":"<p>Buenos d\u00edas, amigos de la meteo. Cuando son las siete y media de la ma\u00f1ana en M\u00e1laga capital, mi estaci\u00f3n registra 16 grados, los cielos est\u00e1n despejados y el viento sopla flojo de direcci\u00f3n variable. A partir del mediod\u00eda notaremos el terral, pero probablemente ir\u00e1 por barrios, d\u00e1ndose las temperaturas m\u00e1s altas por la zona [&hellip;]<\/p>\n","protected":false},"author":16,"featured_media":40466,"comment_status":"open","ping_status":"open","sticky":false,"template":"","format":"standard","meta":[],"categories":[2],"tags":[358,360,569,587,909],"_links":{"self":[{"href":"https:\/\/blogs.diariosur.es\/tormentas-y-rayos\/wp-json\/wp\/v2\/posts\/40465"}],"collection":[{"href":"https:\/\/blogs.diariosur.es\/tormentas-y-rayos\/wp-json\/wp\/v2\/posts"}],"about":[{"href":"https:\/\/blogs.diariosur.es\/tormentas-y-rayos\/wp-json\/wp\/v2\/types\/post"}],"author":[{"embeddable":true,"href":"https:\/\/blogs.diariosur.es\/tormentas-y-rayos\/wp-json\/wp\/v2\/users\/16"}],"replies":[{"embeddable":true,"href":"https:\/\/blogs.diariosur.es\/tormentas-y-rayos\/wp-json\/wp\/v2\/comments?post=40465"}],"version-history":[{"count":3,"href":"https:\/\/blogs.diariosur.es\/tormentas-y-rayos\/wp-json\/wp\/v2\/posts\/40465\/revisions"}],"predecessor-version":[{"id":47911,"href":"https:\/\/blogs.diariosur.es\/tormentas-y-rayos\/wp-json\/wp\/v2\/posts\/40465\/revisions\/47911"}],"wp:featuredmedia":[{"embeddable":true,"href":"https:\/\/blogs.diariosur.es\/tormentas-y-rayos\/wp-json\/wp\/v2\/media\/40466"}],"wp:attachment":[{"href":"https:\/\/blogs.diariosur.es\/tormentas-y-rayos\/wp-json\/wp\/v2\/media?parent=40465"}],"wp:term":[{"taxonomy":"category","embeddable":true,"href":"https:\/\/blogs.diariosur.es\/tormentas-y-rayos\/wp-json\/wp\/v2\/categories?post=40465"},{"taxonomy":"post_tag","embeddable":true,"href":"https:\/\/blogs.diariosur.es\/tormentas-y-rayos\/wp-json\/wp\/v2\/tags?post=40465"}],"curies":[{"name":"wp","href":"https:\/\/api.w.org\/{rel}","templated":true}]}}