{"id":40475,"date":"2024-04-17T07:19:20","date_gmt":"2024-04-17T05:19:20","guid":{"rendered":"https:\/\/blogs.diariosur.es\/tormentas-y-rayos\/?p=40475"},"modified":"2025-11-25T11:05:14","modified_gmt":"2025-11-25T10:05:14","slug":"impresionante-madrugada-tropical-en-malaga-capital-benalmadena-y-mijas-pueblo-cuando-se-quita-el-terral","status":"publish","type":"post","link":"https:\/\/blogs.diariosur.es\/tormentas-y-rayos\/2024\/04\/17\/impresionante-madrugada-tropical-en-malaga-capital-benalmadena-y-mijas-pueblo-cuando-se-quita-el-terral\/","title":{"rendered":"Impresionante madrugada tropical en M\u00e1laga capital, Benalm\u00e1dena y Mijas Pueblo. \u00bfCu\u00e1ndo se quita el terral?"},"content":{"rendered":"<p><a href=\"https:\/\/static-blogs.diariosur.es\/wp-content\/uploads\/sites\/12\/2024\/02\/379337914_10227628075666406_6248628726251100327_n.jpg\"><img loading=\"lazy\" class=\"aligncenter size-thumbnail wp-image-39879\" src=\"https:\/\/static-blogs.diariosur.es\/wp-content\/uploads\/sites\/12\/2024\/02\/379337914_10227628075666406_6248628726251100327_n-150x150.jpg\" alt=\"\" width=\"150\" height=\"150\" \/><\/a><\/p>\n<p data-pm-slice=\"1 1 []\">Buenos d\u00edas, amigos de la meteo. Al final, ayer entr\u00f3 el terral en la capital por la tarde noche, d\u00e1ndose la m\u00e1xima en el Aeropuerto con 32,7 \u00baC a las 17:30, en el Centro Meteorol\u00f3gico 31,5 a las 20:00 y en el Puerto 27,7 \u00baC a las 22:00 horas. Destacar \u00c1lora con 34,2 \u00baC; la estaci\u00f3n de Co\u00edn, no doy el dato porque est\u00e1 m\u00e1s ubicada.<\/p>\n<p>El terral ha seguido durante toda la madrugada de hoy mi\u00e9rcoles en M\u00e1laga capital, como pod\u00e9is ver en estos gr\u00e1ficos de temperatura de las tres estaciones de la AEMET. Destacar la estaci\u00f3n del Puerto, a las tres de la ma\u00f1ana ten\u00edamos casi 26 grados.<\/p>\n<p>&nbsp;<\/p>\n<p>&nbsp;<\/p>\n<p><a href=\"https:\/\/static-blogs.diariosur.es\/wp-content\/uploads\/sites\/12\/2024\/04\/Captura-de-pantalla-2024-04-17-063020-e1713328474458.jpg\"><img loading=\"lazy\" class=\"aligncenter size-full wp-image-40480\" src=\"https:\/\/static-blogs.diariosur.es\/wp-content\/uploads\/sites\/12\/2024\/04\/Captura-de-pantalla-2024-04-17-063020-e1713328474458.jpg\" alt=\"\" width=\"900\" height=\"409\" \/><\/a><\/p>\n<p><a href=\"https:\/\/static-blogs.diariosur.es\/wp-content\/uploads\/sites\/12\/2024\/04\/ppp-e1713328518423.jpg\"><img loading=\"lazy\" class=\"aligncenter size-full wp-image-40481\" src=\"https:\/\/static-blogs.diariosur.es\/wp-content\/uploads\/sites\/12\/2024\/04\/ppp-e1713328518423.jpg\" alt=\"\" width=\"1000\" height=\"452\" \/><\/a><\/p>\n<p>&nbsp;<\/p>\n<p><a href=\"https:\/\/static-blogs.diariosur.es\/wp-content\/uploads\/sites\/12\/2024\/04\/ccc-e1713329015173.jpg\"><img loading=\"lazy\" class=\"aligncenter size-full wp-image-40482\" src=\"https:\/\/static-blogs.diariosur.es\/wp-content\/uploads\/sites\/12\/2024\/04\/ccc-e1713329015173.jpg\" alt=\"\" width=\"1000\" height=\"451\" \/><\/a><\/p>\n<p data-pm-slice=\"1 1 []\">Dentro de la provincia malague\u00f1a, donde ha soplado terral, tambi\u00e9n se han dado m\u00ednimas tropicales. En Mijas Pueblo, Benalm\u00e1dena, C\u00e1rtama y Frigiliana han tenido temperaturas de 25 y 24 grados.<\/p>\n<p>Sobre las nueve o diez de la ma\u00f1ana entrar\u00e1 el levante en la costa malague\u00f1a; le acompa\u00f1ar\u00e1n nubes bajas y una bajada de temperaturas.<\/p>\n<p>Nos vemos ma\u00f1ana.<\/p>\n","protected":false},"excerpt":{"rendered":"<p>Buenos d\u00edas, amigos de la meteo. Al final, ayer entr\u00f3 el terral en la capital por la tarde noche, d\u00e1ndose la m\u00e1xima en el Aeropuerto con 32,7 \u00baC a las 17:30, en el Centro Meteorol\u00f3gico 31,5 a las 20:00 y en el Puerto 27,7 \u00baC a las 22:00 horas. Destacar \u00c1lora con 34,2 \u00baC; la [&hellip;]<\/p>\n","protected":false},"author":16,"featured_media":39629,"comment_status":"open","ping_status":"open","sticky":false,"template":"","format":"standard","meta":[],"categories":[2],"tags":[81,358,553,587,962,1909,1026],"_links":{"self":[{"href":"https:\/\/blogs.diariosur.es\/tormentas-y-rayos\/wp-json\/wp\/v2\/posts\/40475"}],"collection":[{"href":"https:\/\/blogs.diariosur.es\/tormentas-y-rayos\/wp-json\/wp\/v2\/posts"}],"about":[{"href":"https:\/\/blogs.diariosur.es\/tormentas-y-rayos\/wp-json\/wp\/v2\/types\/post"}],"author":[{"embeddable":true,"href":"https:\/\/blogs.diariosur.es\/tormentas-y-rayos\/wp-json\/wp\/v2\/users\/16"}],"replies":[{"embeddable":true,"href":"https:\/\/blogs.diariosur.es\/tormentas-y-rayos\/wp-json\/wp\/v2\/comments?post=40475"}],"version-history":[{"count":3,"href":"https:\/\/blogs.diariosur.es\/tormentas-y-rayos\/wp-json\/wp\/v2\/posts\/40475\/revisions"}],"predecessor-version":[{"id":47908,"href":"https:\/\/blogs.diariosur.es\/tormentas-y-rayos\/wp-json\/wp\/v2\/posts\/40475\/revisions\/47908"}],"wp:featuredmedia":[{"embeddable":true,"href":"https:\/\/blogs.diariosur.es\/tormentas-y-rayos\/wp-json\/wp\/v2\/media\/39629"}],"wp:attachment":[{"href":"https:\/\/blogs.diariosur.es\/tormentas-y-rayos\/wp-json\/wp\/v2\/media?parent=40475"}],"wp:term":[{"taxonomy":"category","embeddable":true,"href":"https:\/\/blogs.diariosur.es\/tormentas-y-rayos\/wp-json\/wp\/v2\/categories?post=40475"},{"taxonomy":"post_tag","embeddable":true,"href":"https:\/\/blogs.diariosur.es\/tormentas-y-rayos\/wp-json\/wp\/v2\/tags?post=40475"}],"curies":[{"name":"wp","href":"https:\/\/api.w.org\/{rel}","templated":true}]}}