{"id":40484,"date":"2024-04-18T08:14:45","date_gmt":"2024-04-18T06:14:45","guid":{"rendered":"https:\/\/blogs.diariosur.es\/tormentas-y-rayos\/?p=40484"},"modified":"2025-11-24T18:32:53","modified_gmt":"2025-11-24T17:32:53","slug":"tendremos-tormentas-primaverales-este-fin-de-semana-en-la-provincia-de-malaga","status":"publish","type":"post","link":"https:\/\/blogs.diariosur.es\/tormentas-y-rayos\/2024\/04\/18\/tendremos-tormentas-primaverales-este-fin-de-semana-en-la-provincia-de-malaga\/","title":{"rendered":"\u00bfTendremos tormentas primaverales este fin de semana en la provincia de M\u00e1laga?"},"content":{"rendered":"<p><a href=\"https:\/\/static-blogs.diariosur.es\/wp-content\/uploads\/sites\/12\/2024\/02\/379337914_10227628075666406_6248628726251100327_n.jpg\"><img loading=\"lazy\" class=\"aligncenter size-thumbnail wp-image-39879\" src=\"https:\/\/static-blogs.diariosur.es\/wp-content\/uploads\/sites\/12\/2024\/02\/379337914_10227628075666406_6248628726251100327_n-150x150.jpg\" alt=\"\" width=\"150\" height=\"150\" \/><\/a><\/p>\n<p data-pm-slice=\"1 1 []\">Muy buenos d\u00edas, amigos de la meteo. Cuando son las siete de la ma\u00f1ana en M\u00e1laga\u00a0capital, mi estaci\u00f3n registra 16.3 grados, los cielos est\u00e1n poco nubosos y el viento sopla flojo de direcci\u00f3n variable. Hoy se espera una m\u00e1xima de 22 o 23 \u00baC en M\u00e1laga capital; en las comarcas de Ronda y Antequera rondar\u00e1n los 22 y 25 \u00baC; en otras zonas de la provincia, los 20 y 22 \u00baC.<\/p>\n<p><strong>Ma\u00f1ana viernes<\/strong> tomar\u00e1 protagonismo el viento de levante con rachas fuertes en la costa malague\u00f1a y comarcas de Ronda y Antequera.\u00a0 Los cielos estar\u00e1n nubosos debido al viento h\u00famedo de levante; se pueden escapar algunas gotillas en zonas de monta\u00f1a.\u00a0 Las temperaturas m\u00e1ximas m\u00e1s o menos dentro de la media.<\/p>\n<p>Antes de daros la predicci\u00f3n del s\u00e1bado y domingo, me gustar\u00eda que leyeseis a mi amigo meteor\u00f3logo \u00c1ngel Rivera. Yo aprendo un mont\u00f3n con \u00e9l.<\/p>\n<p><em>El flujo del NW hace bajar las temperaturas y genera nubosidad en el Cant\u00e1brico y Baleares. La borrasca fr\u00eda (B) atl\u00e1ntica se desestructura lentamente. La situaci\u00f3n para el finde en la Pen\u00ednsula podr\u00eda depender de la interacci\u00f3n entre la vaguada V y la circulaci\u00f3n X.<\/em><br class=\"html-br\" \/><br class=\"html-br\" \/><em>La vaguada V situada cerca de las costas norteamericanas tiende a desplazarse hacia el E\/NE y profundizarse algo m\u00e1s. Por su interacci\u00f3n m\u00e1s o menos marcada con la circulaci\u00f3n subtropical X es posible que se forme en esta \u00faltima una peque\u00f1a vaguada, que en su movimiento hacia el E. podr\u00eda captar algo del aire fr\u00edo perteneciente a la circulaci\u00f3n de la borrasca fr\u00eda (BF). De este modo se acabar\u00eda conformando una d\u00e9bil dana muy cerca de la Pen\u00ednsula hacia el viernes. Ya ese d\u00eda podr\u00edan darse algunos chubascos en el centro-sur de Portugal, Extremadura y puntos del Mediterr\u00e1neo, que se extender\u00edan en el fin de semana a zonas dispersas del sur peninsular y norte de Marruecos. Las cantidades de precipitaci\u00f3n ser\u00edan en principio poco importantes salvo en el caso de alguna tormenta aislada. A principios de la semana que viene es posible que la circulaci\u00f3n de niveles altos se haga del N. girando al NE, y trayendo tambi\u00e9n en superficie un flujo de viento bastante fr\u00edo para la \u00e9poca del a\u00f1o.<\/em><\/p>\n<p>&nbsp;<\/p>\n<p><a href=\"https:\/\/static-blogs.diariosur.es\/wp-content\/uploads\/sites\/12\/2024\/04\/435899445_10231873522490903_5525306453425417846_n-e1713418162747.jpg\"><img loading=\"lazy\" class=\"aligncenter size-full wp-image-40486\" src=\"https:\/\/static-blogs.diariosur.es\/wp-content\/uploads\/sites\/12\/2024\/04\/435899445_10231873522490903_5525306453425417846_n-e1713418162747.jpg\" alt=\"\" width=\"1000\" height=\"619\" \/><\/a><\/p>\n<p>&nbsp;<\/p>\n<p><span style=\"color: #0000ff;\"><strong>\u00bfTendremos tormentas primaverales este fin de semana en la provincia de M\u00e1laga?\u00a0<\/strong><\/span><\/p>\n<p>&nbsp;<\/p>\n<p data-pm-slice=\"1 1 []\"><strong>El s\u00e1bado<\/strong> hay probabilidad de fen\u00f3menos tormentosos en <strong>algunos puntos<\/strong> de la provincia de M\u00e1laga, siendo m\u00e1s probables por el interior y zonas de monta\u00f1a. Son las t\u00edpicas tormentas primaverales, que dif\u00edcilmente aportar\u00e1n algo a los embalses. En cuanto a las temperaturas m\u00e1ximas y m\u00ednimas, estar\u00e1n dentro de la media o un poco m\u00e1s bajas.<\/p>\n<p><strong>El domingo<\/strong> amanecer\u00e1 con fresquito, pero subir\u00e1n las temperaturas m\u00e1ximas con respecto al s\u00e1bado. La probabilidad de precipitaciones es baja. No se esperan rachas fuertes de viento.<\/p>\n<p>Os dejo con este mapa a 500 hpa, previsto para el s\u00e1bado. Esa es la d\u00e9bil dana que nos afectar\u00e1. Pero como muchos sab\u00e9is, las danas son impredecibles; lo mismo cae mucho o al final nada.<\/p>\n<p>&nbsp;<\/p>\n<p>&nbsp;<\/p>\n<p><a href=\"https:\/\/static-blogs.diariosur.es\/wp-content\/uploads\/sites\/12\/2024\/04\/Captura-de-pantalla-2024-04-18-073752.jpg\"><img loading=\"lazy\" class=\"aligncenter size-full wp-image-40487\" src=\"https:\/\/static-blogs.diariosur.es\/wp-content\/uploads\/sites\/12\/2024\/04\/Captura-de-pantalla-2024-04-18-073752.jpg\" alt=\"\" width=\"950\" height=\"947\" srcset=\"https:\/\/static-blogs.diariosur.es\/wp-content\/uploads\/sites\/12\/2024\/04\/Captura-de-pantalla-2024-04-18-073752.jpg 950w, https:\/\/static-blogs.diariosur.es\/wp-content\/uploads\/sites\/12\/2024\/04\/Captura-de-pantalla-2024-04-18-073752-150x150.jpg 150w, https:\/\/static-blogs.diariosur.es\/wp-content\/uploads\/sites\/12\/2024\/04\/Captura-de-pantalla-2024-04-18-073752-401x400.jpg 401w, https:\/\/static-blogs.diariosur.es\/wp-content\/uploads\/sites\/12\/2024\/04\/Captura-de-pantalla-2024-04-18-073752-768x766.jpg 768w\" sizes=\"(max-width: 950px) 100vw, 950px\" \/><\/a><\/p>\n<p>&nbsp;<\/p>\n","protected":false},"excerpt":{"rendered":"<p>Muy buenos d\u00edas, amigos de la meteo. Cuando son las siete de la ma\u00f1ana en M\u00e1laga\u00a0capital, mi estaci\u00f3n registra 16.3 grados, los cielos est\u00e1n poco nubosos y el viento sopla flojo de direcci\u00f3n variable. Hoy se espera una m\u00e1xima de 22 o 23 \u00baC en M\u00e1laga capital; en las comarcas de Ronda y Antequera rondar\u00e1n [&hellip;]<\/p>\n","protected":false},"author":16,"featured_media":40488,"comment_status":"open","ping_status":"open","sticky":false,"template":"","format":"standard","meta":[],"categories":[2],"tags":[307,358,412,553,587,996],"_links":{"self":[{"href":"https:\/\/blogs.diariosur.es\/tormentas-y-rayos\/wp-json\/wp\/v2\/posts\/40484"}],"collection":[{"href":"https:\/\/blogs.diariosur.es\/tormentas-y-rayos\/wp-json\/wp\/v2\/posts"}],"about":[{"href":"https:\/\/blogs.diariosur.es\/tormentas-y-rayos\/wp-json\/wp\/v2\/types\/post"}],"author":[{"embeddable":true,"href":"https:\/\/blogs.diariosur.es\/tormentas-y-rayos\/wp-json\/wp\/v2\/users\/16"}],"replies":[{"embeddable":true,"href":"https:\/\/blogs.diariosur.es\/tormentas-y-rayos\/wp-json\/wp\/v2\/comments?post=40484"}],"version-history":[{"count":5,"href":"https:\/\/blogs.diariosur.es\/tormentas-y-rayos\/wp-json\/wp\/v2\/posts\/40484\/revisions"}],"predecessor-version":[{"id":47729,"href":"https:\/\/blogs.diariosur.es\/tormentas-y-rayos\/wp-json\/wp\/v2\/posts\/40484\/revisions\/47729"}],"wp:featuredmedia":[{"embeddable":true,"href":"https:\/\/blogs.diariosur.es\/tormentas-y-rayos\/wp-json\/wp\/v2\/media\/40488"}],"wp:attachment":[{"href":"https:\/\/blogs.diariosur.es\/tormentas-y-rayos\/wp-json\/wp\/v2\/media?parent=40484"}],"wp:term":[{"taxonomy":"category","embeddable":true,"href":"https:\/\/blogs.diariosur.es\/tormentas-y-rayos\/wp-json\/wp\/v2\/categories?post=40484"},{"taxonomy":"post_tag","embeddable":true,"href":"https:\/\/blogs.diariosur.es\/tormentas-y-rayos\/wp-json\/wp\/v2\/tags?post=40484"}],"curies":[{"name":"wp","href":"https:\/\/api.w.org\/{rel}","templated":true}]}}