{"id":40493,"date":"2024-04-20T07:56:50","date_gmt":"2024-04-20T05:56:50","guid":{"rendered":"https:\/\/blogs.diariosur.es\/tormentas-y-rayos\/?p=40493"},"modified":"2025-11-24T18:28:37","modified_gmt":"2025-11-24T17:28:37","slug":"el-tiempo-en-malaga-y-andalucia-donde-se-daran-con-mas-probabilidad-las-tormentas","status":"publish","type":"post","link":"https:\/\/blogs.diariosur.es\/tormentas-y-rayos\/2024\/04\/20\/el-tiempo-en-malaga-y-andalucia-donde-se-daran-con-mas-probabilidad-las-tormentas\/","title":{"rendered":"El tiempo en M\u00e1laga y Andaluc\u00eda. \u00bfD\u00f3nde se dar\u00e1n con m\u00e1s probabilidad las tormentas?"},"content":{"rendered":"<p><a href=\"https:\/\/static-blogs.diariosur.es\/wp-content\/uploads\/sites\/12\/2023\/06\/66505616_10216972270637940_5684453640765440_n.jpg\"><img loading=\"lazy\" class=\"aligncenter size-thumbnail wp-image-37348\" src=\"https:\/\/static-blogs.diariosur.es\/wp-content\/uploads\/sites\/12\/2023\/06\/66505616_10216972270637940_5684453640765440_n-150x150.jpg\" alt=\"\" width=\"150\" height=\"150\" srcset=\"https:\/\/static-blogs.diariosur.es\/wp-content\/uploads\/sites\/12\/2023\/06\/66505616_10216972270637940_5684453640765440_n-150x150.jpg 150w, https:\/\/static-blogs.diariosur.es\/wp-content\/uploads\/sites\/12\/2023\/06\/66505616_10216972270637940_5684453640765440_n-400x400.jpg 400w, https:\/\/static-blogs.diariosur.es\/wp-content\/uploads\/sites\/12\/2023\/06\/66505616_10216972270637940_5684453640765440_n.jpg 768w\" sizes=\"(max-width: 150px) 100vw, 150px\" \/><\/a><\/p>\n<p data-pm-slice=\"1 1 []\">Muy buenos d\u00edas, amigos de la meteo. Cuando son las siete y cuarto de la ma\u00f1ana en M\u00e1laga capital, mi estaci\u00f3n registra 16.5 grados, los cielos est\u00e1n nubosos y el viento sopla flojo de sur-sureste.<\/p>\n<p>Antes de daros la previsi\u00f3n, os pongo este video que grab\u00e9 ayer por la tarde en el Espig\u00f3n de la T\u00e9rmica. Las olas de levante fueron protagonistas. La boya del Puerto midi\u00f3 olas de tres metros.<\/p>\n<p>&nbsp;<\/p>\n<p><iframe loading=\"lazy\" title=\"YouTube video player\" src=\"https:\/\/www.youtube.com\/embed\/oPegUwOFjF8?si=3ZQZ_RRFNyDGgm_z\" width=\"560\" height=\"315\" frameborder=\"0\" allowfullscreen=\"allowfullscreen\"><\/iframe><\/p>\n<h3><\/h3>\n<h3><span style=\"color: #ff0000;\"><strong>El tiempo en M\u00e1laga y Andaluc\u00eda. \u00bfD\u00f3nde se dar\u00e1n con m\u00e1s probabilidad las tormentas?<\/strong><\/span><\/h3>\n<p>&nbsp;<\/p>\n<p data-pm-slice=\"1 1 []\">Con los modelos actualizados, la probabilidad m\u00e1s alta de tormentas se dar\u00e1 en el interior de la provincia de Granada, sur de la de Ja\u00e9n y zona norte de las de Huelva, Sevilla y C\u00f3rdoba.\u00a0 Hay tambi\u00e9n probabilidad de tormentas en la zona del Estrecho y litoral gaditano.<\/p>\n<p><strong>En la provincia de M\u00e1laga, salvo sorpresas, no se espera gran cosa.<\/strong><\/p>\n<p>Os paso los avisos por tormentas y lluvias.<\/p>\n<p>&nbsp;<\/p>\n<p>&nbsp;<\/p>\n<p><a href=\"https:\/\/static-blogs.diariosur.es\/wp-content\/uploads\/sites\/12\/2024\/04\/Captura-de-pantalla-2024-04-20-074323.jpg\"><img loading=\"lazy\" class=\"aligncenter size-full wp-image-40494\" src=\"https:\/\/static-blogs.diariosur.es\/wp-content\/uploads\/sites\/12\/2024\/04\/Captura-de-pantalla-2024-04-20-074323.jpg\" alt=\"\" width=\"873\" height=\"690\" srcset=\"https:\/\/static-blogs.diariosur.es\/wp-content\/uploads\/sites\/12\/2024\/04\/Captura-de-pantalla-2024-04-20-074323.jpg 873w, https:\/\/static-blogs.diariosur.es\/wp-content\/uploads\/sites\/12\/2024\/04\/Captura-de-pantalla-2024-04-20-074323-506x400.jpg 506w, https:\/\/static-blogs.diariosur.es\/wp-content\/uploads\/sites\/12\/2024\/04\/Captura-de-pantalla-2024-04-20-074323-768x607.jpg 768w\" sizes=\"(max-width: 873px) 100vw, 873px\" \/><\/a><\/p>\n<p>Estas tormentas ser\u00e1n muy fuertes en Extremadura, mucha precauci\u00f3n en esa zona.<\/p>\n<p>Os dejo con esta bonita foto de Nany Lavado<\/p>\n<p>&nbsp;<\/p>\n<p><a href=\"https:\/\/static-blogs.diariosur.es\/wp-content\/uploads\/sites\/12\/2023\/09\/FzF2BKAWAAUQnH--e1693546104788.jpg\"><img loading=\"lazy\" class=\"aligncenter size-full wp-image-38201\" src=\"https:\/\/static-blogs.diariosur.es\/wp-content\/uploads\/sites\/12\/2023\/09\/FzF2BKAWAAUQnH--e1693546104788.jpg\" alt=\"\" width=\"1200\" height=\"691\" \/><\/a><\/p>\n","protected":false},"excerpt":{"rendered":"<p>Muy buenos d\u00edas, amigos de la meteo. Cuando son las siete y cuarto de la ma\u00f1ana en M\u00e1laga capital, mi estaci\u00f3n registra 16.5 grados, los cielos est\u00e1n nubosos y el viento sopla flojo de sur-sureste. Antes de daros la previsi\u00f3n, os pongo este video que grab\u00e9 ayer por la tarde en el Espig\u00f3n de la [&hellip;]<\/p>\n","protected":false},"author":16,"featured_media":37315,"comment_status":"open","ping_status":"open","sticky":false,"template":"","format":"standard","meta":[],"categories":[2],"tags":[94,100,151,307,358,569,587,800,996],"_links":{"self":[{"href":"https:\/\/blogs.diariosur.es\/tormentas-y-rayos\/wp-json\/wp\/v2\/posts\/40493"}],"collection":[{"href":"https:\/\/blogs.diariosur.es\/tormentas-y-rayos\/wp-json\/wp\/v2\/posts"}],"about":[{"href":"https:\/\/blogs.diariosur.es\/tormentas-y-rayos\/wp-json\/wp\/v2\/types\/post"}],"author":[{"embeddable":true,"href":"https:\/\/blogs.diariosur.es\/tormentas-y-rayos\/wp-json\/wp\/v2\/users\/16"}],"replies":[{"embeddable":true,"href":"https:\/\/blogs.diariosur.es\/tormentas-y-rayos\/wp-json\/wp\/v2\/comments?post=40493"}],"version-history":[{"count":4,"href":"https:\/\/blogs.diariosur.es\/tormentas-y-rayos\/wp-json\/wp\/v2\/posts\/40493\/revisions"}],"predecessor-version":[{"id":47726,"href":"https:\/\/blogs.diariosur.es\/tormentas-y-rayos\/wp-json\/wp\/v2\/posts\/40493\/revisions\/47726"}],"wp:featuredmedia":[{"embeddable":true,"href":"https:\/\/blogs.diariosur.es\/tormentas-y-rayos\/wp-json\/wp\/v2\/media\/37315"}],"wp:attachment":[{"href":"https:\/\/blogs.diariosur.es\/tormentas-y-rayos\/wp-json\/wp\/v2\/media?parent=40493"}],"wp:term":[{"taxonomy":"category","embeddable":true,"href":"https:\/\/blogs.diariosur.es\/tormentas-y-rayos\/wp-json\/wp\/v2\/categories?post=40493"},{"taxonomy":"post_tag","embeddable":true,"href":"https:\/\/blogs.diariosur.es\/tormentas-y-rayos\/wp-json\/wp\/v2\/tags?post=40493"}],"curies":[{"name":"wp","href":"https:\/\/api.w.org\/{rel}","templated":true}]}}