{"id":40498,"date":"2024-04-20T15:45:22","date_gmt":"2024-04-20T13:45:22","guid":{"rendered":"https:\/\/blogs.diariosur.es\/tormentas-y-rayos\/?p=40498"},"modified":"2025-11-24T18:30:17","modified_gmt":"2025-11-24T17:30:17","slug":"ultima-hora-descenso-termico-en-la-peninsula-y-baleares-afectara-a-la-provincia-de-malaga","status":"publish","type":"post","link":"https:\/\/blogs.diariosur.es\/tormentas-y-rayos\/2024\/04\/20\/ultima-hora-descenso-termico-en-la-peninsula-y-baleares-afectara-a-la-provincia-de-malaga\/","title":{"rendered":"\u00daltima hora: descenso t\u00e9rmico en la Pen\u00ednsula y Baleares. \u00bfAfectar\u00e1 a la provincia de M\u00e1laga?"},"content":{"rendered":"<p><a href=\"https:\/\/static-blogs.diariosur.es\/wp-content\/uploads\/sites\/12\/2024\/02\/379337914_10227628075666406_6248628726251100327_n.jpg\"><img loading=\"lazy\" class=\"aligncenter size-thumbnail wp-image-39879\" src=\"https:\/\/static-blogs.diariosur.es\/wp-content\/uploads\/sites\/12\/2024\/02\/379337914_10227628075666406_6248628726251100327_n-150x150.jpg\" alt=\"\" width=\"150\" height=\"150\" \/><\/a><\/p>\n<p>Buenas tardes, amigos de la meteo. Os pongo la nota informativa que ha sacado la Aemet hoy s\u00e1bado.<\/p>\n<h3><span style=\"color: #0000ff;\"><strong>Nota informativa de la Aemet: descenso t\u00e9rmico en la Pen\u00ednsula y Baleares.\u00a0<\/strong><\/span><\/h3>\n<p>Durante los pr\u00f3ximos d\u00edas se espera que, debido a la acci\u00f3n conjunta de un anticicl\u00f3n situado al noroeste de Europa y a una borrasca que se desarrollar\u00e1 sobre el Mediterr\u00e1neo occidental y central, se produzca la irrupci\u00f3n de una masa de aire \u00e1rtica que provocar\u00e1 un descenso t\u00e9rmico acusado en la Pen\u00ednsula y Baleares. El descenso de las temperaturas comenzar\u00e1 ma\u00f1ana domingo de forma pr\u00e1cticamente generalizada en la Pen\u00ednsula y Baleares, aunque ser\u00e1 el lunes 22 cuando las temperaturas diurnas se desplomen en gran parte del interior de la mitad norte y especialmente del interior noreste. Las temperaturas m\u00ednimas descender\u00e1n de forma tambi\u00e9n generalizada en el interior peninsular a partir de la pr\u00f3xima madrugada, esper\u00e1ndose heladas que durante el lunes se dar\u00e1n en zonas altas de la mitad norte y sobre todo el martes, se extender\u00e1n a amplias zonas de Castilla y Le\u00f3n, al norte y este de Castilla-La mancha, el sur de Arag\u00f3n, as\u00ed como a Pirineos, donde podr\u00e1n ser fuertes. Las bajas temperaturas m\u00ednimas durante la madrugada del martes 23 es probable que sean anormalmente bajas para la \u00e9poca del a\u00f1o. A partir de la segunda mitad del martes 23, se prev\u00e9 que el anticicl\u00f3n atl\u00e1ntico se desplace hacia el suroeste, por lo que es probable que cese la irrupci\u00f3n de aire del norte muy fr\u00edo y que por lo tanto finalice este episodio, con un ascenso generalizado de las temperaturas durante el mi\u00e9rcoles 24.<\/p>\n<h3><span style=\"color: #ff0000;\"><strong>\u00bfAfectar\u00e1 a la provincia de M\u00e1laga?<\/strong><\/span><\/h3>\n<p>&nbsp;<\/p>\n<p data-pm-slice=\"1 1 []\">A la pregunta del mill\u00f3n, pienso que no, amigos de la meteo. Las madrugadas y al amanecer s\u00ed pueden darse temperaturas m\u00ednimas por debajo de la media, nada del otro mundo. Las temperaturas m\u00e1ximas pueden estar por encima de la media; en algunos puntos, durante estos d\u00edas mencionados en la nota informativa, rondar\u00e1n entre los 20 y 25 \u00baC. Lo que s\u00ed hay es probabilidad de chubascos tormentosos entre el lunes y martes, debido al aire fr\u00edo en altura; poca cosa.<\/p>\n<p>Os dejo con esta bonita foto de mi amigo Crist\u00f3bal Gambero.<\/p>\n<p>&nbsp;<\/p>\n<p>&nbsp;<\/p>\n<p><a href=\"https:\/\/static-blogs.diariosur.es\/wp-content\/uploads\/sites\/12\/2024\/04\/438079486_7349157531799844_6294777957696902260_n.jpg\"><img loading=\"lazy\" class=\"aligncenter size-full wp-image-40500\" src=\"https:\/\/static-blogs.diariosur.es\/wp-content\/uploads\/sites\/12\/2024\/04\/438079486_7349157531799844_6294777957696902260_n-e1713620620459.jpg\" alt=\"\" width=\"900\" height=\"733\" \/><\/a><\/p>\n<p>&nbsp;<\/p>\n","protected":false},"excerpt":{"rendered":"<p>Buenas tardes, amigos de la meteo. Os pongo la nota informativa que ha sacado la Aemet hoy s\u00e1bado. Nota informativa de la Aemet: descenso t\u00e9rmico en la Pen\u00ednsula y Baleares.\u00a0 Durante los pr\u00f3ximos d\u00edas se espera que, debido a la acci\u00f3n conjunta de un anticicl\u00f3n situado al noroeste de Europa y a una borrasca que [&hellip;]<\/p>\n","protected":false},"author":16,"featured_media":40500,"comment_status":"open","ping_status":"open","sticky":false,"template":"","format":"standard","meta":[],"categories":[2],"tags":[],"_links":{"self":[{"href":"https:\/\/blogs.diariosur.es\/tormentas-y-rayos\/wp-json\/wp\/v2\/posts\/40498"}],"collection":[{"href":"https:\/\/blogs.diariosur.es\/tormentas-y-rayos\/wp-json\/wp\/v2\/posts"}],"about":[{"href":"https:\/\/blogs.diariosur.es\/tormentas-y-rayos\/wp-json\/wp\/v2\/types\/post"}],"author":[{"embeddable":true,"href":"https:\/\/blogs.diariosur.es\/tormentas-y-rayos\/wp-json\/wp\/v2\/users\/16"}],"replies":[{"embeddable":true,"href":"https:\/\/blogs.diariosur.es\/tormentas-y-rayos\/wp-json\/wp\/v2\/comments?post=40498"}],"version-history":[{"count":5,"href":"https:\/\/blogs.diariosur.es\/tormentas-y-rayos\/wp-json\/wp\/v2\/posts\/40498\/revisions"}],"predecessor-version":[{"id":47727,"href":"https:\/\/blogs.diariosur.es\/tormentas-y-rayos\/wp-json\/wp\/v2\/posts\/40498\/revisions\/47727"}],"wp:featuredmedia":[{"embeddable":true,"href":"https:\/\/blogs.diariosur.es\/tormentas-y-rayos\/wp-json\/wp\/v2\/media\/40500"}],"wp:attachment":[{"href":"https:\/\/blogs.diariosur.es\/tormentas-y-rayos\/wp-json\/wp\/v2\/media?parent=40498"}],"wp:term":[{"taxonomy":"category","embeddable":true,"href":"https:\/\/blogs.diariosur.es\/tormentas-y-rayos\/wp-json\/wp\/v2\/categories?post=40498"},{"taxonomy":"post_tag","embeddable":true,"href":"https:\/\/blogs.diariosur.es\/tormentas-y-rayos\/wp-json\/wp\/v2\/tags?post=40498"}],"curies":[{"name":"wp","href":"https:\/\/api.w.org\/{rel}","templated":true}]}}