{"id":40504,"date":"2024-04-23T18:14:16","date_gmt":"2024-04-23T16:14:16","guid":{"rendered":"https:\/\/blogs.diariosur.es\/tormentas-y-rayos\/?p=40504"},"modified":"2025-11-24T18:26:34","modified_gmt":"2025-11-24T17:26:34","slug":"veremos-manana-la-luna-llena-de-color-rosa-el-tiempo-en-m","status":"publish","type":"post","link":"https:\/\/blogs.diariosur.es\/tormentas-y-rayos\/2024\/04\/23\/veremos-manana-la-luna-llena-de-color-rosa-el-tiempo-en-m\/","title":{"rendered":"\u00bfVeremos ma\u00f1ana la Luna Llena de color Rosa? El tiempo en M\u00e1laga"},"content":{"rendered":"<blockquote><p><a href=\"https:\/\/static-blogs.diariosur.es\/wp-content\/uploads\/sites\/12\/2024\/02\/379337914_10227628075666406_6248628726251100327_n.jpg\"><img loading=\"lazy\" class=\"aligncenter size-thumbnail wp-image-39879\" src=\"https:\/\/static-blogs.diariosur.es\/wp-content\/uploads\/sites\/12\/2024\/02\/379337914_10227628075666406_6248628726251100327_n-150x150.jpg\" alt=\"\" width=\"150\" height=\"150\" \/><\/a><\/p><\/blockquote>\n<p data-pm-slice=\"1 1 []\">Buenas tardes, amigos de la meteo. Hoy martes nos hemos levantado con muchas nubes bajas, que han dejado algunas mijillas en la capital; algunas ni llegaban al suelo. A los Montes de M\u00e1laga capital les vienen muy bien estas nubes porque dejan mucha humedad en los \u00e1rboles. La temperatura m\u00e1xima hoy en la capital en el aeropuerto ha sido de 21.7 \u00baC.<\/p>\n<h3><em><span style=\"color: #ff99f8;\">\u00bfVeremos ma\u00f1ana la Luna Llena de Color Rosa?<\/span><\/em><\/h3>\n<p data-pm-slice=\"1 1 []\">Siento comunicaros que no se ver\u00e1 de color rosa y mucho menos a la pantera. Esta pr\u00f3xima madrugada del mi\u00e9rcoles, a las 1:46 hora local, la luna estar\u00e1 al 100% de iluminaci\u00f3n, es decir, tendremos Luna Llena Rosa. Como muchos sab\u00e9is, a las lunas llenas les llaman de distintos nombres seg\u00fan el mes: luna del lobo, esturi\u00f3n, cosecha, cazador, nieve, etc., etc. Pues a esta la llaman Luna Rosa por la floraci\u00f3n de la\u00a0<em>Phlox subulata; en Espa\u00f1a se le llama\u00a0rosa de musgo o phlox de monta\u00f1a. Os paso una foto de Wikipedia.<\/em><\/p>\n<p>&nbsp;<\/p>\n<p><a href=\"https:\/\/static-blogs.diariosur.es\/wp-content\/uploads\/sites\/12\/2024\/04\/Phlox_subulata_flowers_wide-e1713887876870.jpg\"><img loading=\"lazy\" class=\"aligncenter size-full wp-image-40511\" src=\"https:\/\/static-blogs.diariosur.es\/wp-content\/uploads\/sites\/12\/2024\/04\/Phlox_subulata_flowers_wide-e1713887876870.jpg\" alt=\"\" width=\"1200\" height=\"946\" \/><\/a><\/p>\n<p>&nbsp;<\/p>\n<p data-pm-slice=\"1 1 []\">Yo la ver\u00e9 salir hoy en M\u00e1laga\u00a0capital por el mar en la playa de la Misericordia a las 20:46 de la noche; si hoy no pod\u00e9is, ma\u00f1ana mi\u00e9rcoles sale tambi\u00e9n por el mar un poco m\u00e1s tarde, a las 21:48. A esas horas la pod\u00e9is ver m\u00e1s grande. Cuando se pone la luna, tambi\u00e9n es una pasada, mirar al oeste sobre las siete de la ma\u00f1ana.<\/p>\n<p>Os dejo con la Luna Llena Rosa. Dar las gracias a mi amigo Lui Garc\u00eda Mar\u00edn por poner mi luna de color rosa con su pantera. Un abrazo, amigo.<\/p>\n<p>&nbsp;<\/p>\n<p><a href=\"https:\/\/static-blogs.diariosur.es\/wp-content\/uploads\/sites\/12\/2024\/04\/IMG-20240423-WA0009-e1713863921301.jpg\"><img loading=\"lazy\" class=\"aligncenter size-full wp-image-40506\" src=\"https:\/\/static-blogs.diariosur.es\/wp-content\/uploads\/sites\/12\/2024\/04\/IMG-20240423-WA0009-e1713863921301.jpg\" alt=\"\" width=\"900\" height=\"895\" \/><\/a><\/p>\n<p>&nbsp;<\/p>\n<p>&nbsp;<\/p>\n<p>&nbsp;<\/p>\n","protected":false},"excerpt":{"rendered":"<p>Buenas tardes, amigos de la meteo. Hoy martes nos hemos levantado con muchas nubes bajas, que han dejado algunas mijillas en la capital; algunas ni llegaban al suelo. A los Montes de M\u00e1laga capital les vienen muy bien estas nubes porque dejan mucha humedad en los \u00e1rboles. La temperatura m\u00e1xima hoy en la capital en [&hellip;]<\/p>\n","protected":false},"author":16,"featured_media":40506,"comment_status":"open","ping_status":"open","sticky":false,"template":"","format":"standard","meta":[],"categories":[2],"tags":[358,1585,576,587,800,1910],"_links":{"self":[{"href":"https:\/\/blogs.diariosur.es\/tormentas-y-rayos\/wp-json\/wp\/v2\/posts\/40504"}],"collection":[{"href":"https:\/\/blogs.diariosur.es\/tormentas-y-rayos\/wp-json\/wp\/v2\/posts"}],"about":[{"href":"https:\/\/blogs.diariosur.es\/tormentas-y-rayos\/wp-json\/wp\/v2\/types\/post"}],"author":[{"embeddable":true,"href":"https:\/\/blogs.diariosur.es\/tormentas-y-rayos\/wp-json\/wp\/v2\/users\/16"}],"replies":[{"embeddable":true,"href":"https:\/\/blogs.diariosur.es\/tormentas-y-rayos\/wp-json\/wp\/v2\/comments?post=40504"}],"version-history":[{"count":13,"href":"https:\/\/blogs.diariosur.es\/tormentas-y-rayos\/wp-json\/wp\/v2\/posts\/40504\/revisions"}],"predecessor-version":[{"id":47724,"href":"https:\/\/blogs.diariosur.es\/tormentas-y-rayos\/wp-json\/wp\/v2\/posts\/40504\/revisions\/47724"}],"wp:featuredmedia":[{"embeddable":true,"href":"https:\/\/blogs.diariosur.es\/tormentas-y-rayos\/wp-json\/wp\/v2\/media\/40506"}],"wp:attachment":[{"href":"https:\/\/blogs.diariosur.es\/tormentas-y-rayos\/wp-json\/wp\/v2\/media?parent=40504"}],"wp:term":[{"taxonomy":"category","embeddable":true,"href":"https:\/\/blogs.diariosur.es\/tormentas-y-rayos\/wp-json\/wp\/v2\/categories?post=40504"},{"taxonomy":"post_tag","embeddable":true,"href":"https:\/\/blogs.diariosur.es\/tormentas-y-rayos\/wp-json\/wp\/v2\/tags?post=40504"}],"curies":[{"name":"wp","href":"https:\/\/api.w.org\/{rel}","templated":true}]}}