{"id":40519,"date":"2024-04-25T09:13:51","date_gmt":"2024-04-25T07:13:51","guid":{"rendered":"https:\/\/blogs.diariosur.es\/tormentas-y-rayos\/?p=40519"},"modified":"2025-11-24T18:24:08","modified_gmt":"2025-11-24T17:24:08","slug":"que-tiempo-hara-en-la-provincia-de-malaga-el-ultimo-fin-de-semana-de-abril-primavera-en-estado-puro","status":"publish","type":"post","link":"https:\/\/blogs.diariosur.es\/tormentas-y-rayos\/2024\/04\/25\/que-tiempo-hara-en-la-provincia-de-malaga-el-ultimo-fin-de-semana-de-abril-primavera-en-estado-puro\/","title":{"rendered":"\u00bfQu\u00e9 tiempo har\u00e1 en la provincia de M\u00e1laga el \u00faltimo fin de semana de abril? Primavera en estado puro"},"content":{"rendered":"<p><a href=\"https:\/\/static-blogs.diariosur.es\/wp-content\/uploads\/sites\/12\/2024\/02\/379337914_10227628075666406_6248628726251100327_n.jpg\"><img loading=\"lazy\" class=\"aligncenter size-thumbnail wp-image-39879\" src=\"https:\/\/static-blogs.diariosur.es\/wp-content\/uploads\/sites\/12\/2024\/02\/379337914_10227628075666406_6248628726251100327_n-150x150.jpg\" alt=\"\" width=\"150\" height=\"150\" \/><\/a><\/p>\n<p data-pm-slice=\"1 1 []\">Buenos d\u00edas, amigos de la meteo. Cuando son las siete menos cuarto de la ma\u00f1ana en M\u00e1laga capital, mi estaci\u00f3n registra 15 grados, los cielos est\u00e1n con nubes altas y el viento sopla flojo de componente oeste. Hay probabilidad de <strong>candilazo<\/strong> antes de que salga el sol. Hoy jueves podemos alcanzar los 25 grados en M\u00e1laga capital; en las dem\u00e1s zonas de la provincia, las temperaturas m\u00e1ximas rondar\u00e1n entre los 21 y 26 grados.<\/p>\n<p>Con vuestro permiso, tiro para la playa de la Misericordia para fotografiar el probable candilazo.<\/p>\n<p>Ya de vuelta de la playa, cuando son las ocho de la ma\u00f1ana, el candilazo precioso y ha durado cerca de cuatro minutos o m\u00e1s. Os paso un video y una foto.<\/p>\n<p>&nbsp;<\/p>\n<p><iframe loading=\"lazy\" title=\"YouTube video player\" src=\"https:\/\/www.youtube.com\/embed\/vtAt1byk4E8?si=qEo2acBGhFMzooTg\" width=\"560\" height=\"315\" frameborder=\"0\" allowfullscreen=\"allowfullscreen\"><\/iframe><\/p>\n<p>&nbsp;<\/p>\n<p><a href=\"https:\/\/static-blogs.diariosur.es\/wp-content\/uploads\/sites\/12\/2024\/04\/DSC4768-e1714025273455.jpg\"><img loading=\"lazy\" class=\"aligncenter size-full wp-image-40523\" src=\"https:\/\/static-blogs.diariosur.es\/wp-content\/uploads\/sites\/12\/2024\/04\/DSC4768-e1714025273455.jpg\" alt=\"\" width=\"1200\" height=\"800\" \/><\/a><\/p>\n<p>&nbsp;<\/p>\n<h3><span style=\"color: #ff0000;\"><strong>\u00bfCaer\u00e1n chubascos o har\u00e1 fresquito en la provincia de M\u00e1laga el \u00faltimo fin de semana de abril?<\/strong><\/span><\/h3>\n<p>&nbsp;<\/p>\n<p data-pm-slice=\"1 1 []\">Antes de daros la previsi\u00f3n del s\u00e1bado y el domingo, os comento que ma\u00f1ana viernes tendremos terral de primavera en las zonas habituales de la provincia de M\u00e1laga, probabilidad de rachas fuertes de poniente. Se esperan estas temperaturas m\u00e1ximas y m\u00ednimas. De madrugada, fresquito, pero luego temperaturas m\u00e1ximas por encima de la media. Fuente: AEMET.<\/p>\n<p>&nbsp;<\/p>\n<p>&nbsp;<\/p>\n<p><a href=\"https:\/\/static-blogs.diariosur.es\/wp-content\/uploads\/sites\/12\/2024\/04\/viernes.jpg\"><img loading=\"lazy\" class=\"aligncenter size-full wp-image-40525\" src=\"https:\/\/static-blogs.diariosur.es\/wp-content\/uploads\/sites\/12\/2024\/04\/viernes.jpg\" alt=\"\" width=\"873\" height=\"683\" srcset=\"https:\/\/static-blogs.diariosur.es\/wp-content\/uploads\/sites\/12\/2024\/04\/viernes.jpg 873w, https:\/\/static-blogs.diariosur.es\/wp-content\/uploads\/sites\/12\/2024\/04\/viernes-511x400.jpg 511w, https:\/\/static-blogs.diariosur.es\/wp-content\/uploads\/sites\/12\/2024\/04\/viernes-768x601.jpg 768w\" sizes=\"(max-width: 873px) 100vw, 873px\" \/><\/a><\/p>\n<p>&nbsp;<\/p>\n<h3><span style=\"color: #0000ff;\"><strong>Predicci\u00f3n s\u00e1bado 27 de abril<\/strong><\/span><\/h3>\n<p>&nbsp;<\/p>\n<p data-pm-slice=\"1 1 []\">El s\u00e1bado nos cruzar\u00e1 un frente fr\u00edo que dejar\u00e1 algunos chubascos d\u00e9biles en la provincia malague\u00f1a, siendo m\u00e1s probables y cuantiosos por el interior. En la capital es probable que caigan algunos chubascos, pero no espero gran cosa. Ma\u00f1ana por la tarde y con los modelos actualizados veremos qu\u00e9 zonas de la provincia pueden registrar algunos litros m\u00e1s y tramos horarios de la lluvia.<\/p>\n<p>En cuanto a las temperaturas m\u00e1ximas y m\u00ednimas, la AEMET prev\u00e9 estas.<\/p>\n<p>&nbsp;<\/p>\n<p>&nbsp;<\/p>\n<p><a href=\"https:\/\/static-blogs.diariosur.es\/wp-content\/uploads\/sites\/12\/2024\/04\/sabado-2.jpg\"><img loading=\"lazy\" class=\"aligncenter size-full wp-image-40526\" src=\"https:\/\/static-blogs.diariosur.es\/wp-content\/uploads\/sites\/12\/2024\/04\/sabado-2.jpg\" alt=\"\" width=\"867\" height=\"680\" srcset=\"https:\/\/static-blogs.diariosur.es\/wp-content\/uploads\/sites\/12\/2024\/04\/sabado-2.jpg 867w, https:\/\/static-blogs.diariosur.es\/wp-content\/uploads\/sites\/12\/2024\/04\/sabado-2-510x400.jpg 510w, https:\/\/static-blogs.diariosur.es\/wp-content\/uploads\/sites\/12\/2024\/04\/sabado-2-768x602.jpg 768w\" sizes=\"(max-width: 867px) 100vw, 867px\" \/><\/a><\/p>\n<h3><span style=\"color: #0000ff;\"><strong>Predicci\u00f3n domingo 28 de abril<\/strong><\/span><\/h3>\n<p>&nbsp;<\/p>\n<p data-pm-slice=\"1 1 []\">Seguiremos bajo la influencia de las bajas presiones del norte de la pen\u00ednsula. Por la tarde se pueden dar algunos chubascos por el interior de la provincia malague\u00f1a, los t\u00edpicos chubascos primaverales, que se deber\u00e1n al aire fr\u00edo en altura. En la capital y zona de costa, la probabilidad es baja. Como he comentado m\u00e1s arriba, ma\u00f1ana por la tarde dar\u00e9 la \u00faltima hora para el s\u00e1bado y domingo.<\/p>\n<p>En cuanto a las temperaturas m\u00e1ximas y m\u00ednimas, la AEMET prev\u00e9 estas.<\/p>\n<p>&nbsp;<\/p>\n<p><a href=\"https:\/\/static-blogs.diariosur.es\/wp-content\/uploads\/sites\/12\/2024\/04\/domingo-3.jpg\"><img loading=\"lazy\" class=\"aligncenter size-full wp-image-40528\" src=\"https:\/\/static-blogs.diariosur.es\/wp-content\/uploads\/sites\/12\/2024\/04\/domingo-3.jpg\" alt=\"\" width=\"870\" height=\"683\" srcset=\"https:\/\/static-blogs.diariosur.es\/wp-content\/uploads\/sites\/12\/2024\/04\/domingo-3.jpg 870w, https:\/\/static-blogs.diariosur.es\/wp-content\/uploads\/sites\/12\/2024\/04\/domingo-3-510x400.jpg 510w, https:\/\/static-blogs.diariosur.es\/wp-content\/uploads\/sites\/12\/2024\/04\/domingo-3-768x603.jpg 768w\" sizes=\"(max-width: 870px) 100vw, 870px\" \/><\/a><\/p>\n<p>&nbsp;<\/p>\n<p data-pm-slice=\"1 1 []\">Resumiendo, amigos de la meteo. Har\u00e1 fresquito de madrugada y al salir el sol, y la probabilidad de chubascos ser\u00e1 m\u00e1s alta el s\u00e1bado. Primavera en estado puro.<\/p>\n<p>Nos vemos ma\u00f1ana; os dejo con esta bonita foto primaveral de mi amigo Crist\u00f3bal Gambero.<\/p>\n<p>&nbsp;<\/p>\n<p><a href=\"https:\/\/static-blogs.diariosur.es\/wp-content\/uploads\/sites\/12\/2024\/04\/437391676_7361623547219909_2850198873181278067_n.jpg\"><img loading=\"lazy\" class=\"aligncenter size-full wp-image-40529\" src=\"https:\/\/static-blogs.diariosur.es\/wp-content\/uploads\/sites\/12\/2024\/04\/437391676_7361623547219909_2850198873181278067_n-e1714029044750.jpg\" alt=\"\" width=\"1200\" height=\"900\" \/><\/a><\/p>\n","protected":false},"excerpt":{"rendered":"<p>Buenos d\u00edas, amigos de la meteo. Cuando son las siete menos cuarto de la ma\u00f1ana en M\u00e1laga capital, mi estaci\u00f3n registra 15 grados, los cielos est\u00e1n con nubes altas y el viento sopla flojo de componente oeste. Hay probabilidad de candilazo antes de que salga el sol. Hoy jueves podemos alcanzar los 25 grados en [&hellip;]<\/p>\n","protected":false},"author":16,"featured_media":40529,"comment_status":"open","ping_status":"open","sticky":false,"template":"","format":"standard","meta":[],"categories":[2],"tags":[358,412,587,800],"_links":{"self":[{"href":"https:\/\/blogs.diariosur.es\/tormentas-y-rayos\/wp-json\/wp\/v2\/posts\/40519"}],"collection":[{"href":"https:\/\/blogs.diariosur.es\/tormentas-y-rayos\/wp-json\/wp\/v2\/posts"}],"about":[{"href":"https:\/\/blogs.diariosur.es\/tormentas-y-rayos\/wp-json\/wp\/v2\/types\/post"}],"author":[{"embeddable":true,"href":"https:\/\/blogs.diariosur.es\/tormentas-y-rayos\/wp-json\/wp\/v2\/users\/16"}],"replies":[{"embeddable":true,"href":"https:\/\/blogs.diariosur.es\/tormentas-y-rayos\/wp-json\/wp\/v2\/comments?post=40519"}],"version-history":[{"count":9,"href":"https:\/\/blogs.diariosur.es\/tormentas-y-rayos\/wp-json\/wp\/v2\/posts\/40519\/revisions"}],"predecessor-version":[{"id":47722,"href":"https:\/\/blogs.diariosur.es\/tormentas-y-rayos\/wp-json\/wp\/v2\/posts\/40519\/revisions\/47722"}],"wp:featuredmedia":[{"embeddable":true,"href":"https:\/\/blogs.diariosur.es\/tormentas-y-rayos\/wp-json\/wp\/v2\/media\/40529"}],"wp:attachment":[{"href":"https:\/\/blogs.diariosur.es\/tormentas-y-rayos\/wp-json\/wp\/v2\/media?parent=40519"}],"wp:term":[{"taxonomy":"category","embeddable":true,"href":"https:\/\/blogs.diariosur.es\/tormentas-y-rayos\/wp-json\/wp\/v2\/categories?post=40519"},{"taxonomy":"post_tag","embeddable":true,"href":"https:\/\/blogs.diariosur.es\/tormentas-y-rayos\/wp-json\/wp\/v2\/tags?post=40519"}],"curies":[{"name":"wp","href":"https:\/\/api.w.org\/{rel}","templated":true}]}}