{"id":40531,"date":"2024-04-26T08:05:05","date_gmt":"2024-04-26T06:05:05","guid":{"rendered":"https:\/\/blogs.diariosur.es\/tormentas-y-rayos\/?p=40531"},"modified":"2025-11-24T18:20:25","modified_gmt":"2025-11-24T17:20:25","slug":"como-afectara-el-frente-frio-de-manana-sabado-a-la-provincia-malaguena","status":"publish","type":"post","link":"https:\/\/blogs.diariosur.es\/tormentas-y-rayos\/2024\/04\/26\/como-afectara-el-frente-frio-de-manana-sabado-a-la-provincia-malaguena\/","title":{"rendered":"\u00bfC\u00f3mo afectar\u00e1 el frente fr\u00edo de ma\u00f1ana s\u00e1bado a la provincia malague\u00f1a?"},"content":{"rendered":"<p><a href=\"https:\/\/static-blogs.diariosur.es\/wp-content\/uploads\/sites\/12\/2023\/10\/391553712_10227849747128054_5906882869659171719_n.jpg\"><img loading=\"lazy\" class=\"aligncenter size-thumbnail wp-image-38725\" src=\"https:\/\/static-blogs.diariosur.es\/wp-content\/uploads\/sites\/12\/2023\/10\/391553712_10227849747128054_5906882869659171719_n-150x150.jpg\" alt=\"\" width=\"150\" height=\"150\" \/><\/a><\/p>\n<p>Muy buenos d\u00edas, amigos de la meteo. Cuando son las siete de la ma\u00f1ana en M\u00e1laga capital mi estaci\u00f3n registra 16,6 grados, los cielos est\u00e1n despejados y el viento sopla de terral de primavera. Ayer la temperatura maxima de la pen\u00ednsula se registro en Estepona con 27.9 grados, destacar tambi\u00e9n \u00c1lora con 27 y el Aeropuerto con 26.5 grados. La m\u00e1xima de Espa\u00f1a la dio La Aldea de San Nicol\u00e1s en las Palmas con 29 grados.<\/p>\n<h3><span style=\"color: #0000ff;\"><strong>\u00bfC\u00f3mo afectar\u00e1 el frente fr\u00edo de ma\u00f1ana s\u00e1bado a la provincia malague\u00f1a?<\/strong><\/span><\/h3>\n<p>Os paso el mapa de superficie previsto por la aemet para ma\u00f1ana s\u00e1bado y os cuento.<\/p>\n<p>&nbsp;<\/p>\n<p><a href=\"https:\/\/static-blogs.diariosur.es\/wp-content\/uploads\/sites\/12\/2024\/04\/2024042512048_ww_g1x0a2d2-e1714109684166.gif\"><img loading=\"lazy\" class=\"aligncenter size-full wp-image-40532\" src=\"https:\/\/static-blogs.diariosur.es\/wp-content\/uploads\/sites\/12\/2024\/04\/2024042512048_ww_g1x0a2d2-e1714109684166.gif\" alt=\"\" width=\"900\" height=\"630\" \/><\/a><\/p>\n<p data-pm-slice=\"1 1 []\">Las zonas donde se pueden dar m\u00e1s probabilidades de acumulados de precipitaci\u00f3n en la provincia malague\u00f1a ser\u00e1n el interior m\u00e1s occidental y la Axarqu\u00eda malague\u00f1a.<\/p>\n<p>Salvo sorpresas, pienso que se mojar\u00e1n todos los portales de la provincia, M\u00e1laga capital tambi\u00e9n, pero no esper\u00e9is gran cosa.<\/p>\n<p>Las precipitaciones llegar\u00e1n a primera hora de la ma\u00f1ana a la zona m\u00e1s occidental, y se ir\u00e1n desplazando de oeste a este por toda la provincia. La probabilidad de precipitaciones bajar\u00e1 a primeras horas de la tarde. El domingo os pondr\u00e9 los acumulados m\u00e1s destacados del s\u00e1bado y dar\u00e9 la previsi\u00f3n del lunes; hay tambi\u00e9n probabilidad de precipitaciones. Para las comuniones del domingo, la probabilidad de precipitaciones es baja, pero pueden darse chubascos por la tarde en el interior debido al aire fr\u00edo en altura.<\/p>\n<p>Lo importante es que abril no se marcha con 0 litros, aunque sea poco.<\/p>\n<p>&nbsp;<\/p>\n<p>&nbsp;<\/p>\n<p>&nbsp;<\/p>\n<p>&nbsp;<\/p>\n","protected":false},"excerpt":{"rendered":"<p>Muy buenos d\u00edas, amigos de la meteo. Cuando son las siete de la ma\u00f1ana en M\u00e1laga capital mi estaci\u00f3n registra 16,6 grados, los cielos est\u00e1n despejados y el viento sopla de terral de primavera. Ayer la temperatura maxima de la pen\u00ednsula se registro en Estepona con 27.9 grados, destacar tambi\u00e9n \u00c1lora con 27 y el [&hellip;]<\/p>\n","protected":false},"author":16,"featured_media":40534,"comment_status":"open","ping_status":"open","sticky":false,"template":"","format":"standard","meta":[],"categories":[2],"tags":[100,1911,587,800],"_links":{"self":[{"href":"https:\/\/blogs.diariosur.es\/tormentas-y-rayos\/wp-json\/wp\/v2\/posts\/40531"}],"collection":[{"href":"https:\/\/blogs.diariosur.es\/tormentas-y-rayos\/wp-json\/wp\/v2\/posts"}],"about":[{"href":"https:\/\/blogs.diariosur.es\/tormentas-y-rayos\/wp-json\/wp\/v2\/types\/post"}],"author":[{"embeddable":true,"href":"https:\/\/blogs.diariosur.es\/tormentas-y-rayos\/wp-json\/wp\/v2\/users\/16"}],"replies":[{"embeddable":true,"href":"https:\/\/blogs.diariosur.es\/tormentas-y-rayos\/wp-json\/wp\/v2\/comments?post=40531"}],"version-history":[{"count":6,"href":"https:\/\/blogs.diariosur.es\/tormentas-y-rayos\/wp-json\/wp\/v2\/posts\/40531\/revisions"}],"predecessor-version":[{"id":47721,"href":"https:\/\/blogs.diariosur.es\/tormentas-y-rayos\/wp-json\/wp\/v2\/posts\/40531\/revisions\/47721"}],"wp:featuredmedia":[{"embeddable":true,"href":"https:\/\/blogs.diariosur.es\/tormentas-y-rayos\/wp-json\/wp\/v2\/media\/40534"}],"wp:attachment":[{"href":"https:\/\/blogs.diariosur.es\/tormentas-y-rayos\/wp-json\/wp\/v2\/media?parent=40531"}],"wp:term":[{"taxonomy":"category","embeddable":true,"href":"https:\/\/blogs.diariosur.es\/tormentas-y-rayos\/wp-json\/wp\/v2\/categories?post=40531"},{"taxonomy":"post_tag","embeddable":true,"href":"https:\/\/blogs.diariosur.es\/tormentas-y-rayos\/wp-json\/wp\/v2\/tags?post=40531"}],"curies":[{"name":"wp","href":"https:\/\/api.w.org\/{rel}","templated":true}]}}